{"id":248958,"date":"2025-07-14T08:33:10","date_gmt":"2025-07-14T08:33:10","guid":{"rendered":"https:\/\/www.europesays.com\/fr\/248958\/"},"modified":"2025-07-14T08:33:10","modified_gmt":"2025-07-14T08:33:10","slug":"un-internaute-revele-larnaque-des-dons-de-vetements-a-la-croix-rouge-on-vous-explique","status":"publish","type":"post","link":"https:\/\/www.europesays.com\/fr\/248958\/","title":{"rendered":"Un internaute r\u00e9v\u00e8le \u00ab\u00a0l\u2019arnaque\u00a0\u00bb des dons de v\u00eatements \u00e0 la Croix Rouge\u00a0? On vous explique"},"content":{"rendered":"<p>A en croire <a href=\"https:\/\/archive.ph\/2JqcT\" target=\"_blank\" class=\"color-ultramarine c-link\" rel=\"nofollow noopener\">une publication<\/a> visionn\u00e9e plus de 650.000 fois sur X, il s\u2019agirait d\u2019une \u00ab\u00a0nouvelle escroquerie caritative\u00a0\u00bb, \u00ab\u00a0la v\u00e9rit\u00e9 sur les centres de dons de la<a href=\"https:\/\/www.20minutes.fr\/monde\/croix-rouge\/\" class=\"color-ultramarine c-link\" rel=\"nofollow noopener\" target=\"_blank\"> Croix-Rouge<\/a> \u00bb. La source de cette pr\u00e9tendue r\u00e9v\u00e9lation\u00a0? La vid\u00e9o d\u2019un<a href=\"https:\/\/www.20minutes.fr\/dossier\/reseaux_sociaux\" class=\"color-ultramarine c-link\" rel=\"nofollow noopener\" target=\"_blank\"> cr\u00e9ateur de contenu<\/a> allemand, qui a eu l\u2019id\u00e9e de dissimuler un traceur GPS dans une paire de chaussures, avant de la placer dans un conteneur de la Croix Rouge bavaroise et de suivre son trajet.<\/p>\n<p><img decoding=\"async\" alt=\"La vid\u00e9o d'un internaute allemand est devenue virale sur les r\u00e9seaux sociaux. \" class=\"c-img\" loading=\"lazy\" fetchpriority=\"auto\" width=\"718\"  src=\"https:\/\/img.20mn.fr\/CbxgJJuiRfG2RkdhE35soSk\/718x0\" \/>La vid\u00e9o d&rsquo;un internaute allemand est devenue virale sur les r\u00e9seaux sociaux. \u2002-\u00a0Capture d&rsquo;\u00e9cran<\/p>\n<p>Comme le montre sa vid\u00e9o, devenue extr\u00eamement virale et d\u00e9passant les fronti\u00e8res de l\u2019Internet allemand, ces derni\u00e8res passent par Zagreb, en Croatie, pour finir mises en vente dans une boutique de seconde main en Bosnie-Herz\u00e9govine. \u00ab\u00a0Il s\u2019av\u00e8re que les v\u00eatements ne sont pas distribu\u00e9s gratuitement aux personnes dans le besoin. Ils sont vendus dans des magasins de d\u00e9tail\u00a0\u00bb, commente la publication qui partage la vid\u00e9o sous titr\u00e9e en fran\u00e7ais.<\/p>\n<\/p>\n<p>Une partie des v\u00eatements est effectivement revendue<\/p>\n<p>Il n\u2019y a pas de raison particuli\u00e8re de penser que la vid\u00e9o est truqu\u00e9e. Pour autant, la Croix-Rouge allemande a elle-m\u00eame communiqu\u00e9 sur l\u2019utilisation des v\u00eatements r\u00e9colt\u00e9s. \u00ab\u00a0Il existe deux mod\u00e8les de recyclage diff\u00e9rents\u00a0\u00bb, explique l\u2019organisation sur son <a href=\"https:\/\/www.drk.de\/spenden\/spenderservice\/spendentransparenz-spenderservice\/kleidersammlung\/\" target=\"_blank\" class=\"color-ultramarine c-link\" rel=\"nofollow noopener\">site Internet<\/a>. \u00ab\u00a0Avec le \u00a0\u00bbmod\u00e8le de r\u00e9cup\u00e9ration\u00a0\u00bb, l\u2019int\u00e9gralit\u00e9 du contenu du conteneur est vendue \u00e0 une entreprise. Les b\u00e9n\u00e9fices de cette vente sont revers\u00e9s aux missions statutaires de la Croix-Rouge. Les textiles sont ensuite tri\u00e9s par les recycleurs en fonction de leur qualit\u00e9. 45 \u00e0 65\u00a0% sont encore utilisables comme v\u00eatements et sont export\u00e9s et vendus par les entreprises comme biens d\u2019occasion dans diff\u00e9rents pays.\u00a0\u00bb Le reste des v\u00eatements r\u00e9colt\u00e9s est soit tri\u00e9 puis vendu dans les boutiques de l\u2019association, soit utilis\u00e9s \u00ab\u00a0\u00e0 des fins thermiques\u00a0\u00bb ou bien transform\u00e9s en mat\u00e9riaux isolants ou en chiffon.<\/p>\n<p>Devant \u00e0 la viralit\u00e9 de la vid\u00e9o, la Croix-Rouge bavaroise a par ailleurs r\u00e9agi en dans <a href=\"https:\/\/www.tiktok.com\/@bayerischesroteskreuz\/video\/7517717255048662294\" target=\"_blank\" class=\"color-ultramarine c-link\" rel=\"nofollow noopener\">une vid\u00e9o <\/a>sur TikTok. \u00ab\u00a0Il est vrai qu\u2019une grande partie des v\u00eatements ici en Allemagne, et aussi en Bavi\u00e8re par exemple, ne sont pas n\u00e9cessaires ou leur qualit\u00e9 n\u2019est pas suffisante pour \u00eatre r\u00e9utilis\u00e9s\u00a0\u00bb, communique l\u2019organisme, qui r\u00e9explique pourquoi une partie se retrouve dans des boutiques \u00e0 l\u2019\u00e9tranger. \u00ab\u00a0La Croix-Rouge re\u00e7oit bien s\u00fbr de l\u2019argent pour cela. [\u2026] Et cet argent peut par exemple \u00eatre utilis\u00e9 ici pour aider les sans-abri, pour nos banques alimentaires ou dans les vestiaires et dans de nombreux autres domaines o\u00f9 la Croix-Rouge est active\u00a0\u00bb, peut-on traduire de la vid\u00e9o. Le tiktokeur allemand a d\u2019ailleurs dans un premier temps publi\u00e9 une seconde vid\u00e9o, reconnaissant qu\u2019il n\u2019\u00e9tait pas au courant de ce proc\u00e9d\u00e9, et reprenant les \u00e9l\u00e9ments d\u2019explication de l\u2019organisation. Il l\u2019a aujourd\u2019hui supprim\u00e9e, tout comme la vid\u00e9o originale.<\/p>\n<p>Des v\u00eatements collect\u00e9s en France se retrouvent aussi \u00e0 l\u2019\u00e9tranger<\/p>\n<p>Interrog\u00e9e sur son fonctionnement, la Croix-Rouge fran\u00e7aise renvoie quant \u00e0 elle vers <a href=\"https:\/\/www.croix-rouge.fr\/actualite\/quelques-precisions-sur-l-activite-textile-de-la-croix-rouge-francaise-2611\" target=\"_blank\" class=\"color-ultramarine c-link\" rel=\"nofollow noopener\">une page de son site Internet<\/a>. L\u2019association y indique faire face \u00e0 des \u00ab\u00a0productions industrielles qui d\u00e9passent nos capacit\u00e9s de traitement logistique\u00a0\u00bb. \u00ab\u00a0Ce fonctionnement artisanal ne permet pas \u00e0 nos b\u00e9n\u00e9voles de trier l\u2019int\u00e9gralit\u00e9 de vos dons dont une partie est mise de c\u00f4t\u00e9 et r\u00e9cup\u00e9r\u00e9e par des recycleurs trieurs agr\u00e9\u00e9s Refashion [<a href=\"https:\/\/pro.refashion.fr\/fr\/%C3%A0-propos-de-refashion\" target=\"_blank\" class=\"color-ultramarine c-link\" rel=\"nofollow noopener\">soci\u00e9t\u00e9 en charge de \u00ab\u00a0la pr\u00e9vention et la gestion de la fin de vie des textiles d\u2019habillement\u00a0\u00bb<\/a> en France], \u00e0 un prix allant de 40 \u00e0 130 euros la tonne. L\u2019autre partie non conforme (tach\u00e9e, d\u00e9chir\u00e9e\u00a0etc) tri\u00e9e par nos soins est \u00e9galement donn\u00e9e en vue d\u2019\u00eatre recycl\u00e9e par des organismes agr\u00e9\u00e9s.\u00a0\u00bb<\/p>\n<p>Seuls les v\u00eatements sans d\u00e9fauts et en bon \u00e9tat sont directement vendus dans les boutiques de la Croix-Rouge, ou donn\u00e9s. L\u2019article de la Croix-Rouge est un \u00ab\u00a0compl\u00e9ment d\u2019informations\u00a0\u00bb \u00e0 l\u2019\u00e9mission \u00ab\u00a0Sur le front\u00a0\u00bb diffus\u00e9 sur France 5 en\u00a02021, consacr\u00e9 au business de la seconde main. La Croix-Rouge y assure \u00ab\u00a0nous n\u2019avons jamais jet\u00e9 dans la nature les v\u00eatements qui nous sont donn\u00e9s. Nous ne revendons pas non plus les dons textiles en Afrique ou ailleurs.\u00a0\u00bb<\/p>\n<p>Le documentaire pr\u00e9sent\u00e9 par le journaliste Hugo Cl\u00e9ment r\u00e9v\u00e9lait que seuls 3\u00a0% des v\u00eatements collect\u00e9s en France (notamment par la Croix-Rouge) \u00e9taient redistribu\u00e9s dans le pays, tandis qu\u2019une importante partie \u00e9tait revendue \u00e0 des industriels, envoy\u00e9s dans des centres de tri puis export\u00e9 \u00e0 l\u2019international, notamment en Afrique. L\u2019\u00e9mission montrait que, l\u00e0 aussi, en raison d\u2019un volume d\u2019importation trop important, de v\u00eatements trop d\u00e9grad\u00e9s ou non adapt\u00e9s au climat local, une grande partie finissait dans des d\u00e9charges sauvages, comme le racontait le journaliste <a href=\"https:\/\/hugoclement.kessel.media\/posts\/pst_8debc63c934b4f13b722f9ba5bd154dc\/jai-retrouve-vos-vieux-habits\" rel=\"nofollow noopener\" target=\"_blank\" class=\"color-ultramarine c-link\">dans une newsletter<\/a>. Sur son site Internet, Refashion faisait savoir que <a href=\"https:\/\/web.archive.org\/web\/20250409113253\/https:\/\/refashion.fr\/grand-export#:~:text=Pr%C3%A8s%20de%2060%20%25%20des%20produits,besoins%20de%20chacun%20des%20march%C3%A9s.\" rel=\"nofollow noopener\" target=\"_blank\" class=\"color-ultramarine c-link\">90\u00a0% des pi\u00e8ces r\u00e9utilisables \u00e9taient export\u00e9es \u00e0 l\u2019\u00e9tranger pour y \u00eatre revendues<\/a>, alors que les conteneurs de recyclage de v\u00eatements <a href=\"https:\/\/www.20minutes.fr\/societe\/4132259-20250107-pourquoi-containers-recyclage-vetements-commencent-disparaitre-cause-chine\" class=\"color-ultramarine c-link\" rel=\"nofollow noopener\" target=\"_blank\">tendent peu \u00e0 peu \u00e0 dispara\u00eetre<\/a>, devant la quantit\u00e9 trop importante de textiles donn\u00e9s.<\/p>\n<p><script async src=\"\/\/www.tiktok.com\/embed.js\"><\/script><\/p>\n","protected":false},"excerpt":{"rendered":"A en croire une publication visionn\u00e9e plus de 650.000 fois sur X, il s\u2019agirait d\u2019une \u00ab\u00a0nouvelle escroquerie caritative\u00a0\u00bb,&hellip;\n","protected":false},"author":2,"featured_media":248959,"comment_status":"","ping_status":"","sticky":false,"template":"","format":"standard","meta":{"footnotes":""},"categories":[4],"tags":[47,11,19056,840,1011,27,12,25,104,996],"class_list":{"0":"post-248958","1":"post","2":"type-post","3":"status-publish","4":"format-standard","5":"has-post-thumbnail","7":"category-france","8":"tag-actualite","9":"tag-actualites","10":"tag-croix-rouge","11":"tag-fake-off","12":"tag-fr","13":"tag-france","14":"tag-news","15":"tag-republique-francaise","16":"tag-societe","17":"tag-vetement"},"share_on_mastodon":{"url":"https:\/\/pubeurope.com\/@fr\/114850667377376150","error":""},"_links":{"self":[{"href":"https:\/\/www.europesays.com\/fr\/wp-json\/wp\/v2\/posts\/248958","targetHints":{"allow":["GET"]}}],"collection":[{"href":"https:\/\/www.europesays.com\/fr\/wp-json\/wp\/v2\/posts"}],"about":[{"href":"https:\/\/www.europesays.com\/fr\/wp-json\/wp\/v2\/types\/post"}],"author":[{"embeddable":true,"href":"https:\/\/www.europesays.com\/fr\/wp-json\/wp\/v2\/users\/2"}],"replies":[{"embeddable":true,"href":"https:\/\/www.europesays.com\/fr\/wp-json\/wp\/v2\/comments?post=248958"}],"version-history":[{"count":0,"href":"https:\/\/www.europesays.com\/fr\/wp-json\/wp\/v2\/posts\/248958\/revisions"}],"wp:featuredmedia":[{"embeddable":true,"href":"https:\/\/www.europesays.com\/fr\/wp-json\/wp\/v2\/media\/248959"}],"wp:attachment":[{"href":"https:\/\/www.europesays.com\/fr\/wp-json\/wp\/v2\/media?parent=248958"}],"wp:term":[{"taxonomy":"category","embeddable":true,"href":"https:\/\/www.europesays.com\/fr\/wp-json\/wp\/v2\/categories?post=248958"},{"taxonomy":"post_tag","embeddable":true,"href":"https:\/\/www.europesays.com\/fr\/wp-json\/wp\/v2\/tags?post=248958"}],"curies":[{"name":"wp","href":"https:\/\/api.w.org\/{rel}","templated":true}]}}