{"id":24896,"date":"2025-04-14T18:25:32","date_gmt":"2025-04-14T18:25:32","guid":{"rendered":"https:\/\/www.europesays.com\/fr\/24896\/"},"modified":"2025-04-14T18:25:32","modified_gmt":"2025-04-14T18:25:32","slug":"la-vie-bascule-du-jour-au-lendemain-avec-les-sinistres-de-lincendie-des-toits-de-lille","status":"publish","type":"post","link":"https:\/\/www.europesays.com\/fr\/24896\/","title":{"rendered":"\u00ab\u00a0La vie bascule du jour au lendemain\u00a0\u00bb\u00a0: avec les sinistr\u00e9s de l\u2019incendie des toits de Lille"},"content":{"rendered":"<p class=\"paragraph text_align_left\">\u00ab Je vois encore des images : les regards de nos voisins qui disent On va mourir, les enfants qui pleurent, les flammes\u2026 \u00bb souffle Cyril, 39 ans, les yeux baiss\u00e9s. Sur son visage se lisent l\u2019\u00e9puisement et le chagrin. Il se rem\u00e9more p\u00e9niblement ce mercredi 2 avril. Vers 18h30, il rejoint son domicile lillois avec sa femme. Samuelle, 28 ans, a tout juste le temps de poser la petite Charlie, 16 mois, dans sa chaise haute. On tambourine \u00e0 la porte.<\/p>\n<p class=\"paragraph text_align_left\">\u00ab La voisine nous dit de sortir : il y a le feu ! Je prends Charlie et je vais me r\u00e9fugier chez elle \u00bb, raconte Samuelle. Cyril les rejoint apr\u00e8s avoir ferm\u00e9 les fen\u00eatres, la proc\u00e9dure \u00e0 suivre en cas d\u2019incendie. Le feu se r\u00e9pand dans les habitations en bois, situ\u00e9es sur le toit du 15, boulevard de Verdun, \u00e0 quelques minutes de la mairie de Lille. \u00ab \u00c7a a craqu\u00e9 comme une allumette \u00bb, poursuit sa femme. \u00ab Un monstre de flammes \u00bb qui, en quelques secondes, avale tout sur son passage.<\/p>\n","protected":false},"excerpt":{"rendered":"\u00ab Je vois encore des images : les regards de nos voisins qui disent On va mourir, les&hellip;\n","protected":false},"author":2,"featured_media":24897,"comment_status":"","ping_status":"","sticky":false,"template":"","format":"standard","meta":{"footnotes":""},"categories":[2815],"tags":[1111,917,11,459,1777,674,118,1011,27,811,1307,12,8193,25],"class_list":{"0":"post-24896","1":"post","2":"type-post","3":"status-publish","4":"format-standard","5":"has-post-thumbnail","7":"category-lille","8":"tag-actu","9":"tag-actu-locale","10":"tag-actualites","11":"tag-departements-horsidfo","12":"tag-eu","13":"tag-europe","14":"tag-faits-divers","15":"tag-fr","16":"tag-france","17":"tag-hauts-de-france","18":"tag-lille","19":"tag-news","20":"tag-nord-59","21":"tag-republique-francaise"},"share_on_mastodon":{"url":"https:\/\/pubeurope.com\/@fr\/114337724759336126","error":""},"_links":{"self":[{"href":"https:\/\/www.europesays.com\/fr\/wp-json\/wp\/v2\/posts\/24896","targetHints":{"allow":["GET"]}}],"collection":[{"href":"https:\/\/www.europesays.com\/fr\/wp-json\/wp\/v2\/posts"}],"about":[{"href":"https:\/\/www.europesays.com\/fr\/wp-json\/wp\/v2\/types\/post"}],"author":[{"embeddable":true,"href":"https:\/\/www.europesays.com\/fr\/wp-json\/wp\/v2\/users\/2"}],"replies":[{"embeddable":true,"href":"https:\/\/www.europesays.com\/fr\/wp-json\/wp\/v2\/comments?post=24896"}],"version-history":[{"count":0,"href":"https:\/\/www.europesays.com\/fr\/wp-json\/wp\/v2\/posts\/24896\/revisions"}],"wp:featuredmedia":[{"embeddable":true,"href":"https:\/\/www.europesays.com\/fr\/wp-json\/wp\/v2\/media\/24897"}],"wp:attachment":[{"href":"https:\/\/www.europesays.com\/fr\/wp-json\/wp\/v2\/media?parent=24896"}],"wp:term":[{"taxonomy":"category","embeddable":true,"href":"https:\/\/www.europesays.com\/fr\/wp-json\/wp\/v2\/categories?post=24896"},{"taxonomy":"post_tag","embeddable":true,"href":"https:\/\/www.europesays.com\/fr\/wp-json\/wp\/v2\/tags?post=24896"}],"curies":[{"name":"wp","href":"https:\/\/api.w.org\/{rel}","templated":true}]}}