{"id":248984,"date":"2025-07-14T08:52:18","date_gmt":"2025-07-14T08:52:18","guid":{"rendered":"https:\/\/www.europesays.com\/fr\/248984\/"},"modified":"2025-07-14T08:52:18","modified_gmt":"2025-07-14T08:52:18","slug":"au-chu-de-strasbourg-lomerta-persiste-sur-les-pratiques-du-pr-bachellier","status":"publish","type":"post","link":"https:\/\/www.europesays.com\/fr\/248984\/","title":{"rendered":"Au CHU de Strasbourg, l&rsquo;omerta persiste sur les pratiques du Pr Bachellier"},"content":{"rendered":"<p class=\"wp-block-post-excerpt__excerpt\">Aux H\u00f4pitaux universitaires de Strasbourg, les critiques des exp\u00e9rimentations men\u00e9es par le professeur Philippe Bachellier sur des malades du cancer sont \u00e9touff\u00e9es. Soutenu par les instances dirigeantes, le chirurgien consid\u00e8re comme hostile toute personne qui \u00e9met des doutes. Une plainte pour harc\u00e8lement a \u00e9t\u00e9 d\u00e9pos\u00e9e contre lui en septembre 2023. <\/p>\n<p><a href=\"https:\/\/www.rue89strasbourg.com\/category\/premium\" rel=\"tag nofollow noopener\" target=\"_blank\">\u00c9dition abonn\u00e9s<\/a>, <a href=\"https:\/\/www.rue89strasbourg.com\/category\/enquete\" rel=\"tag nofollow noopener\" target=\"_blank\">Enqu\u00eate<\/a><\/p>\n<p>Guillaume Krempp<\/p>\n<p>Publi\u00e9 le 14 juillet 2025\u00a0\u00a0\u00b7\u00a0\u00a0<\/p>\n<p>Imprim\u00e9 le 14 juillet 2025 \u00e0 10h52\u00a0\u00a0\u00b7\u00a0\u00a0<\/p>\n<p>\t\t\t\t\t12\u00a0minutes\n<\/p>\n<p>\u00ab\u00a0Bonjour, je suis de la DGSI. Arr\u00eatez d\u2019emb\u00eater le professeur Bachellier.\u00a0\u00bb Voici l\u2019extrait d\u2019un appel en num\u00e9ro masqu\u00e9 re\u00e7u par l\u2019auteur de ces lignes. L\u2019\u00e9change t\u00e9l\u00e9phonique a eu lieu quelques jours apr\u00e8s avoir sollicit\u00e9 un entretien avec le chirurgien Philippe Bachellier. L\u2019ancien chef du p\u00f4le des pathologies digestives h\u00e9patiques et de transplantation au centre hospitalier universitaire (CHU) de Strasbourg a fait l\u2019objet d\u2019une <a href=\"https:\/\/www.rue89strasbourg.com\/operations-malades-cancer-hus-303115\" target=\"_blank\" rel=\"noreferrer noopener nofollow\">enqu\u00eate du journal Le Point en mai 2024<\/a>. T\u00e9moignages de chirurgiens \u00e0 l\u2019appui, le professeur Bachellier est accus\u00e9 d\u2019avoir op\u00e9r\u00e9 des dizaines de personnes atteintes de cancer contre toute indication m\u00e9dicale. Des patients ont ainsi subi une op\u00e9ration inutile qui a encore d\u00e9grad\u00e9 leur fin de vie.<\/p>\n<p>Un an plus tard, Rue89 Strasbourg a voulu comprendre le silence, m\u00e9diatique et institutionnel, qui a suivi ces r\u00e9v\u00e9lations. Une dizaine d\u2019anciens coll\u00e8gues du chirurgien ont accept\u00e9 de r\u00e9pondre \u00e0 nos questions, sous couvert d\u2019anonymat.<\/p>\n<p><a href=\"https:\/\/www.rue89strasbourg.com\/abonnement\/paiement?sub=3&amp;discount=ete2025\" rel=\"nofollow noopener\" target=\"_blank\"><img loading=\"lazy\" decoding=\"async\" width=\"970\" height=\"250\" src=\"https:\/\/www.europesays.com\/fr\/wp-content\/uploads\/2025\/07\/bannie\u0300re-site-desktop-anime\u0301e.gif\" alt=\"\" class=\"wp-image-350811\" style=\"width:792px;height:auto\"\/><\/a><\/p>\n<p><a href=\"https:\/\/www.rue89strasbourg.com\/abonnement\/paiement?sub=3&amp;discount=ete2025\" rel=\"nofollow noopener\" target=\"_blank\"><img loading=\"lazy\" decoding=\"async\" width=\"300\" height=\"300\" src=\"https:\/\/www.europesays.com\/fr\/wp-content\/uploads\/2025\/07\/bannie\u0300re-pub-mobile-anime\u0301e.gif\" alt=\"\" class=\"wp-image-350815\"\/><\/a><\/p>\n<p>Le chirurgien de la derni\u00e8re chance<\/p>\n<p>Du cinqui\u00e8me \u00e9tage de l\u2019h\u00f4pital de Hautepierre, Philippe Bachellier fait rayonner le CHU de Strasbourg au niveau national. Aid\u00e9 par une communicante salari\u00e9e de l\u2019association SOS Foie Pancr\u00e9as, l\u2019\u00e9minent chirurgien fait venir en Alsace des patients de toute la France. Ces derniers sont attir\u00e9s par une op\u00e9ration de la derni\u00e8re chance, l\u00e0 o\u00f9 aucun autre sp\u00e9cialiste du foie ou du pancr\u00e9as ne souhaiterait op\u00e9rer. Ga\u00ebl (le pr\u00e9nom a \u00e9t\u00e9 modifi\u00e9), un soignant et ancien coll\u00e8gue du professeur Bachellier, explique\u00a0:<\/p>\n<p>Soutenez l\u2019investigation sur le service public hospitalier<\/p>\n<p>La r\u00e9daction a besoin de votre soutien pour continuer d\u2019enqu\u00eater sur l\u2019h\u00f4pital public \u00e0 Strasbourg et en Alsace.<\/p>\n<p><strong>Pour acc\u00e9der \u00e0 cet article, il faut \u00eatre abonn\u00e9. Pourquoi\u00a0?<\/strong><\/p>\n<p>Engag\u00e9e pour la d\u00e9fense du service public de sant\u00e9, la r\u00e9daction enqu\u00eate depuis plusieurs ann\u00e9es sur la situation des h\u00f4pitaux et du secteur de la sant\u00e9 en g\u00e9n\u00e9ral. Ainsi, Rue89 Strasbourg a d\u00e9j\u00e0 r\u00e9v\u00e9l\u00e9 le contenu du contrat d\u2019avenir du Centre hospitalier de Hautepierre, et le d\u00e9c\u00e8s d\u2019un patient sur un brancard pendant qu\u2019il attendait aux urgences de Strasbourg.<\/p>\n<p>Ces informations ne peuvent \u00eatre obtenues que par un travail de terrain et des relations de confiance que nos journalistes entretiennent avec des membres du personnel soignant. <\/p>\n<p>Rue89 Strasbourg est aussi un m\u00e9dia qui accompagne les mobilisations des soignants. Nous avons \u00e9t\u00e9 la premi\u00e8re r\u00e9daction \u00e0 donner la parole aux mobilis\u00e9s de la \u00ab\u00a0minute de silence pour la mort annonc\u00e9e de l\u2019h\u00f4pital public\u00a0\u00bb.<\/p>\n<p>Pour continuer ce travail, nous avons besoin de votre contribution. Chaque abonnement compte. Toutes ces recettes servent directement \u00e0 financer ce journalisme engag\u00e9, d\u00e9termin\u00e9 et document\u00e9 sur la situation de l\u2019h\u00f4pital public \u00e0 Strasbourg et en Alsace.<\/p>\n<p>\t\t\t<a href=\"https:\/\/www.rue89strasbourg.com\/\" class=\"custom-logo-link\" rel=\"home nofollow noopener\" target=\"_blank\"><img loading=\"lazy\" decoding=\"async\" width=\"290\" height=\"62\" src=\"https:\/\/www.europesays.com\/fr\/wp-content\/uploads\/2025\/04\/1743975279_388_logo.png\" class=\"custom-logo\" alt=\"Rue89 Strasbourg Enqu\u00eates et informations locales\"  \/><\/a><\/p>\n<p>\n\t\t\t\tAbonnez-vous maintenant pour suivre l\u2019actualit\u00e9 locale.\t\t\t<\/p>\n<p class=\"font-bold font-serif-heading mb-2 text-4xl\">\n\t\t\t\t\t\tL\u2019investigation locale \u00e0 port\u00e9e de main.\n\t\t\t\t\t<\/p>\n<p>\n\t\t\t\t\t\tAbonnez-vous et profitez d\u2019un acc\u00e8s illimit\u00e9 \u00e0 Rue89 Strasbourg. Annulez quand vous voulez.\n\t\t\t\t\t<\/p>\n<p class=\"xl:text-sm\">\n\t\t\t\t\tD\u00e9j\u00e0 abonn\u00e9\u00a0?<br \/>\n\t\t\t\t\t<a class=\"border border-transparent text-center transition-colors duration-instant focus:border-info focus:rounded focus:shadow-focus cursor-pointer text-black hover:text-gray-700 active:bg-black-700 font-semibold inline-block\" href=\"https:\/\/www.rue89strasbourg.com\/user\/connexion?redirect=\/chu-strasbourg-omerta-philippe-bachellier-350453\" rel=\"nofollow noopener\" target=\"_blank\">Connectez-vous<\/a>\t\t\t\t<\/p>\n<p>\n\t\t\t\tChoisissez votre formule\u00a0:\n\t\t\t<\/p>\n<p>\t\t\t\tFermer<\/p>\n","protected":false},"excerpt":{"rendered":"Aux H\u00f4pitaux universitaires de Strasbourg, les critiques des exp\u00e9rimentations men\u00e9es par le professeur Philippe Bachellier sur des malades&hellip;\n","protected":false},"author":2,"featured_media":248985,"comment_status":"","ping_status":"","sticky":false,"template":"","format":"standard","meta":{"footnotes":""},"categories":[2820],"tags":[1111,11,101,38917,1777,674,1011,27,775,14481,12,25,640],"class_list":{"0":"post-248984","1":"post","2":"type-post","3":"status-publish","4":"format-standard","5":"has-post-thumbnail","7":"category-strasbourg","8":"tag-actu","9":"tag-actualites","10":"tag-cancer","11":"tag-chu-hautepierre","12":"tag-eu","13":"tag-europe","14":"tag-fr","15":"tag-france","16":"tag-grand-est","17":"tag-hopitaux-universitaires-de-strasbourg","18":"tag-news","19":"tag-republique-francaise","20":"tag-strasbourg"},"share_on_mastodon":{"url":"https:\/\/pubeurope.com\/@fr\/114850741982295001","error":""},"_links":{"self":[{"href":"https:\/\/www.europesays.com\/fr\/wp-json\/wp\/v2\/posts\/248984","targetHints":{"allow":["GET"]}}],"collection":[{"href":"https:\/\/www.europesays.com\/fr\/wp-json\/wp\/v2\/posts"}],"about":[{"href":"https:\/\/www.europesays.com\/fr\/wp-json\/wp\/v2\/types\/post"}],"author":[{"embeddable":true,"href":"https:\/\/www.europesays.com\/fr\/wp-json\/wp\/v2\/users\/2"}],"replies":[{"embeddable":true,"href":"https:\/\/www.europesays.com\/fr\/wp-json\/wp\/v2\/comments?post=248984"}],"version-history":[{"count":0,"href":"https:\/\/www.europesays.com\/fr\/wp-json\/wp\/v2\/posts\/248984\/revisions"}],"wp:featuredmedia":[{"embeddable":true,"href":"https:\/\/www.europesays.com\/fr\/wp-json\/wp\/v2\/media\/248985"}],"wp:attachment":[{"href":"https:\/\/www.europesays.com\/fr\/wp-json\/wp\/v2\/media?parent=248984"}],"wp:term":[{"taxonomy":"category","embeddable":true,"href":"https:\/\/www.europesays.com\/fr\/wp-json\/wp\/v2\/categories?post=248984"},{"taxonomy":"post_tag","embeddable":true,"href":"https:\/\/www.europesays.com\/fr\/wp-json\/wp\/v2\/tags?post=248984"}],"curies":[{"name":"wp","href":"https:\/\/api.w.org\/{rel}","templated":true}]}}