{"id":248991,"date":"2025-07-14T08:56:14","date_gmt":"2025-07-14T08:56:14","guid":{"rendered":"https:\/\/www.europesays.com\/fr\/248991\/"},"modified":"2025-07-14T08:56:14","modified_gmt":"2025-07-14T08:56:14","slug":"sondage-lerosion-cotiere-vous-inquiete","status":"publish","type":"post","link":"https:\/\/www.europesays.com\/fr\/248991\/","title":{"rendered":"Sondage\u00a0: \u00ab\u00a0L\u2019\u00e9rosion c\u00f4ti\u00e8re vous inqui\u00e8te\u00a0?\u00a0\u00bb"},"content":{"rendered":"<p>\u00cates-vous inquiets face \u00e0 l\u2019\u00e9l\u00e9vation du niveau de la mer\u00a0? Aux temp\u00eates\u00a0? Plus concern\u00e9s que par le ch\u00f4mage ou l\u2019ins\u00e9curit\u00e9\u00a0? L\u2019observatoire r\u00e9gional des risques c\u00f4tiers, qui d\u00e9pend de l\u2019universit\u00e9 de Nantes, lance une enqu\u00eate sur ces questions, en collaboration avec un institut de sondage. La structure esp\u00e8re toucher un millier de personnes.<\/p>\n<p>\u00c0 quoi serviront ces r\u00e9ponses\u00a0? \u00ab<strong>\u00a0\u00c0 mieux comprendre la perception qu\u2019ont les gens des risques c\u00f4tiers,<\/strong> indique Marc Robin,<a href=\"https:\/\/or2c.univ-nantes.fr\/\" target=\"_self\" rel=\"nofollow noopener\"> responsable scientifique de l\u2019observatoire des risques c\u00f4tiers<\/a>. <strong>Et de l\u00e0, \u00e0 pouvoir mieux communiquer et sensibiliser le public.\u00a0\u00bb<\/strong><\/p>\n<p><strong>D\u00e9ni\u00a0?<\/strong><\/p>\n<p>Des cartes sont en cours d\u2019\u00e9laboration dans les territoires pour d\u00e9limiter des zones touch\u00e9es par l\u2019\u00e9rosion du trait de c\u00f4te dans les 30 \u00e0 100\u00a0ans.<strong> <a href=\"https:\/\/quimper.maville.com\/actu\/actudet_-entretien.-erosion-du-littoral-la-situation-est-alarmante-mais-on-a-le-temps-de-s-adapter-_6-6839687_actu.Htm\" target=\"_self\" rel=\"nofollow noopener\">\u00ab\u00a0Une bombe \u00e0 retardement\u00a0\u00bb, <\/a> <\/strong> <a href=\"https:\/\/quimper.maville.com\/actu\/actudet_-entretien.-erosion-du-littoral-la-situation-est-alarmante-mais-on-a-le-temps-de-s-adapter-_6-6839687_actu.Htm\" target=\"_self\" rel=\"nofollow noopener\">estime Marc Robin<\/a>, qui regrette que les \u00e9ch\u00e9ances \u00e9lectorales soient un frein \u00e0 la sensibilisation. <strong>\u00ab\u00a0Beaucoup d\u2019\u00e9lus veulent \u00e9viter d\u2019agiter le drapeau rouge.\u00a0\u00bb <\/strong>Le scientifique constate <strong>\u00ab\u00a0des attaques tous azimuts sur la probl\u00e9matique environnementale\u00a0\u00bb<\/strong>. <strong>\u00ab\u00a0Il y a une \u00e9volution de la pens\u00e9e vers le d\u00e9ni, le climatoscepticisme\u00a0\u00bb<\/strong> <strong>.<\/strong><\/p>\n<p>\t<img decoding=\"async\" src=\"https:\/\/www.europesays.com\/fr\/wp-content\/uploads\/2025\/07\/P35354929D6899292G_px_640_.jpg\" alt=\"photo participez \u00e0 l'enqu\u00eate avec ce qr code.  \u00a9  ouest-france\" width=\"640\" title=\" Participez \u00e0 l'enqu\u00eate avec ce QR code.   ouest-france \"\/><\/p>\n<p class=\"elmt-legende\"> Participez \u00e0 l&rsquo;enqu\u00eate avec ce QR code.   ouest-france <\/p>\n<p><strong>Lire aussi. <\/strong> <a href=\"https:\/\/labaule.maville.com\/actu\/actudet_-montee-des-eaux.-il-faut-se-preparer-au-deplacement-dit-le-geographe-marc-robin-_52722-6193223_actu.Htm\" target=\"_self\" rel=\"nofollow noopener\">Mont\u00e9e des eaux.\u00ab Il faut se pr\u00e9parer au d\u00e9placement \u00bb, dit le g\u00e9ographe Marc Robin<\/a><\/p>\n<p>L\u2019observatoire des perceptions va questionner les r\u00e9sidents principaux et secondaires du littoral de la r\u00e9gion. Une enqu\u00eate plus locale a d\u00e9j\u00e0 \u00e9t\u00e9 r\u00e9alis\u00e9e, par exemple, dans le bassin du Lay, en Vend\u00e9e. <strong>\u00ab\u00a066\u00a0% des personnes \u00e9taient favorables \u00e0 la recomposition territoriale de cet espace, cela nous avait surpris\u00a0\u00bb,<\/strong> raconte l\u2019ing\u00e9nieur Manon Chotard. L\u2019effet des r\u00e9seaux sociaux peut \u00eatre trompeur\u00a0: <strong> <strong>\u00ab\u00a0Une minorit\u00e9 diffuse des pens\u00e9es d\u00e9nialistes. Mais que pensent tous les autres, toute cette part de la population qui s\u2019informe et qui est raisonnable\u00a0?\u00a0\u00bb<\/strong> <\/strong><\/p>\n<p>L\u2019objectif de cette enqu\u00eate est de travailler sur le long terme. Un \u00ab\u00a0temps z\u00e9ro\u00a0\u00bb puis des sondages r\u00e9guliers. <strong>\u00ab\u00a0On veut un barom\u00e8tre, un suivi sur le long terme de la fa\u00e7on dont la population commence \u00e0 appr\u00e9hender la probl\u00e9matique risque, et l\u2019inconfort associ\u00e9 \u00e0 la notion de recomposition territoriale. Mesurer la prise de conscience.\u00a0\u00bb<\/strong><\/p>\n<p>\u00a0<\/p>\n","protected":false},"excerpt":{"rendered":"\u00cates-vous inquiets face \u00e0 l\u2019\u00e9l\u00e9vation du niveau de la mer\u00a0? Aux temp\u00eates\u00a0? Plus concern\u00e9s que par le ch\u00f4mage&hellip;\n","protected":false},"author":2,"featured_media":248992,"comment_status":"","ping_status":"","sticky":false,"template":"","format":"standard","meta":{"footnotes":""},"categories":[2818],"tags":[1111,11,38918,29187,1777,674,1011,27,7263,766,12,2636,25,13947],"class_list":{"0":"post-248991","1":"post","2":"type-post","3":"status-publish","4":"format-standard","5":"has-post-thumbnail","7":"category-nantes","8":"tag-actu","9":"tag-actualites","10":"tag-cotiere","11":"tag-erosion","12":"tag-eu","13":"tag-europe","14":"tag-fr","15":"tag-france","16":"tag-inquiete","17":"tag-nantes","18":"tag-news","19":"tag-pays-de-la-loire","20":"tag-republique-francaise","21":"tag-sondage"},"share_on_mastodon":{"url":"https:\/\/pubeurope.com\/@fr\/114850757597724859","error":""},"_links":{"self":[{"href":"https:\/\/www.europesays.com\/fr\/wp-json\/wp\/v2\/posts\/248991","targetHints":{"allow":["GET"]}}],"collection":[{"href":"https:\/\/www.europesays.com\/fr\/wp-json\/wp\/v2\/posts"}],"about":[{"href":"https:\/\/www.europesays.com\/fr\/wp-json\/wp\/v2\/types\/post"}],"author":[{"embeddable":true,"href":"https:\/\/www.europesays.com\/fr\/wp-json\/wp\/v2\/users\/2"}],"replies":[{"embeddable":true,"href":"https:\/\/www.europesays.com\/fr\/wp-json\/wp\/v2\/comments?post=248991"}],"version-history":[{"count":0,"href":"https:\/\/www.europesays.com\/fr\/wp-json\/wp\/v2\/posts\/248991\/revisions"}],"wp:featuredmedia":[{"embeddable":true,"href":"https:\/\/www.europesays.com\/fr\/wp-json\/wp\/v2\/media\/248992"}],"wp:attachment":[{"href":"https:\/\/www.europesays.com\/fr\/wp-json\/wp\/v2\/media?parent=248991"}],"wp:term":[{"taxonomy":"category","embeddable":true,"href":"https:\/\/www.europesays.com\/fr\/wp-json\/wp\/v2\/categories?post=248991"},{"taxonomy":"post_tag","embeddable":true,"href":"https:\/\/www.europesays.com\/fr\/wp-json\/wp\/v2\/tags?post=248991"}],"curies":[{"name":"wp","href":"https:\/\/api.w.org\/{rel}","templated":true}]}}