{"id":248997,"date":"2025-07-14T08:59:13","date_gmt":"2025-07-14T08:59:13","guid":{"rendered":"https:\/\/www.europesays.com\/fr\/248997\/"},"modified":"2025-07-14T08:59:13","modified_gmt":"2025-07-14T08:59:13","slug":"cannes-bordeaux-match-samedi-19-juillet-a-18h-a-beziers","status":"publish","type":"post","link":"https:\/\/www.europesays.com\/fr\/248997\/","title":{"rendered":"Cannes-Bordeaux : match samedi 19 juillet \u00e0 18h \u00e0 B\u00e9ziers"},"content":{"rendered":"<p><img decoding=\"async\" src=\"https:\/\/www.europesays.com\/fr\/wp-content\/uploads\/2025\/05\/671_50a4dc80576bdf63845abadcbd8a53d2.jpg\" alt=\"Cannes-Bordeaux : match samedi 19 juillet \u00e0 18h \u00e0 B\u00e9ziers\" class=\"img-responsive mt-3\"\/><\/p>\n<p class=\"text-center mb-3\" style=\"font-size: 14px\">\u00a9 Iconsport<\/p>\n<p>      <strong>Premier match de pr\u00e9paration<\/strong><\/p>\n<p style=\"text-align: justify;\">Ce match de gala se d\u00e9roule au Stade de la Pr\u00e9sidente \u00e0 B\u00e9ziers. L&rsquo;entr\u00e9e est libre avec de la restauration sur place.<\/p>\n<p style=\"text-align: justify;\">Si vous \u00eates un supporter des Girondins de Bordeaux et que vous assistez \u00e0 cette rencontre, n\u2019h\u00e9sitez pas \u00e0 nous \u00e9crire \u00e0 <a href=\"https:\/\/www.webgirondins.com\/mailto:contact@webgirondins.com\" target=\"_blank\" rel=\"noopener\">contact@webgirondins.com<\/a>.<\/p>\n<p style=\"text-align: justify;\">Vous avez plus d&rsquo;informations ici :<\/p>\n<p><img decoding=\"async\" src=\"https:\/\/www.europesays.com\/fr\/wp-content\/uploads\/2025\/07\/IMG_4740.jpg\" alt=\"IMG_4740.jpg (552 KB)\" style=\"width:600px;max-width:100%;\"\/><\/p>\n<p>\u00a0<\/p>\n<p>\u00c0 lire &gt;&gt; <strong><a href=\"https:\/\/www.webgirondins.com\/actualite-autour-des-girondins-corentin-michel-ex-girondins-si-bordeaux-m-appelle-la-porte-est-grande-ouverte-129710\" target=\"_blank\" rel=\"noopener\">Corentin Michel (ex-Girondins) : \u00ab\u00a0Si Bordeaux m&rsquo;appelle, la porte est grande ouverte\u00a0\u00bb<\/a><\/strong><\/p>\n<p>Notre podcast court :<\/p>\n<p>\u00a0<\/p>\n<p>\u00a0<\/p>\n","protected":false},"excerpt":{"rendered":"\u00a9 Iconsport Premier match de pr\u00e9paration Ce match de gala se d\u00e9roule au Stade de la Pr\u00e9sidente \u00e0&hellip;\n","protected":false},"author":2,"featured_media":124438,"comment_status":"","ping_status":"","sticky":false,"template":"","format":"standard","meta":{"footnotes":""},"categories":[2817],"tags":[1111,11,29677,37552,1997,7306,1777,674,2823,1011,27,1987,16026,2868,955,3238,12,2219,7910,29390,25,3982],"class_list":{"0":"post-248997","1":"post","2":"type-post","3":"status-publish","4":"format-standard","5":"has-post-thumbnail","7":"category-bordeaux","8":"tag-actu","9":"tag-actualites","10":"tag-approche","11":"tag-beziers","12":"tag-bordeaux","13":"tag-cannes","14":"tag-eu","15":"tag-europe","16":"tag-face","17":"tag-fr","18":"tag-france","19":"tag-girondins","20":"tag-joue","21":"tag-juillet","22":"tag-match","23":"tag-national","24":"tag-news","25":"tag-nouvelle-aquitaine","26":"tag-premier","27":"tag-preparation","28":"tag-republique-francaise","29":"tag-samedi"},"share_on_mastodon":{"url":"https:\/\/pubeurope.com\/@fr\/114850770254214880","error":""},"_links":{"self":[{"href":"https:\/\/www.europesays.com\/fr\/wp-json\/wp\/v2\/posts\/248997","targetHints":{"allow":["GET"]}}],"collection":[{"href":"https:\/\/www.europesays.com\/fr\/wp-json\/wp\/v2\/posts"}],"about":[{"href":"https:\/\/www.europesays.com\/fr\/wp-json\/wp\/v2\/types\/post"}],"author":[{"embeddable":true,"href":"https:\/\/www.europesays.com\/fr\/wp-json\/wp\/v2\/users\/2"}],"replies":[{"embeddable":true,"href":"https:\/\/www.europesays.com\/fr\/wp-json\/wp\/v2\/comments?post=248997"}],"version-history":[{"count":0,"href":"https:\/\/www.europesays.com\/fr\/wp-json\/wp\/v2\/posts\/248997\/revisions"}],"wp:featuredmedia":[{"embeddable":true,"href":"https:\/\/www.europesays.com\/fr\/wp-json\/wp\/v2\/media\/124438"}],"wp:attachment":[{"href":"https:\/\/www.europesays.com\/fr\/wp-json\/wp\/v2\/media?parent=248997"}],"wp:term":[{"taxonomy":"category","embeddable":true,"href":"https:\/\/www.europesays.com\/fr\/wp-json\/wp\/v2\/categories?post=248997"},{"taxonomy":"post_tag","embeddable":true,"href":"https:\/\/www.europesays.com\/fr\/wp-json\/wp\/v2\/tags?post=248997"}],"curies":[{"name":"wp","href":"https:\/\/api.w.org\/{rel}","templated":true}]}}