{"id":24900,"date":"2025-04-14T18:27:13","date_gmt":"2025-04-14T18:27:13","guid":{"rendered":"https:\/\/www.europesays.com\/fr\/24900\/"},"modified":"2025-04-14T18:27:13","modified_gmt":"2025-04-14T18:27:13","slug":"said-ouichou-medecin-des-quartiers-nord-de-marseille-en-lutte-contre-les-violences","status":"publish","type":"post","link":"https:\/\/www.europesays.com\/fr\/24900\/","title":{"rendered":"Sa\u00efd Ouichou, m\u00e9decin des quartiers nord de Marseille en lutte contre les violences"},"content":{"rendered":"<p><strong>PORTRAIT<\/strong> &#8211; Ce m\u00e9decin g\u00e9n\u00e9raliste, install\u00e9 depuis plus de vingt ans dans la cit\u00e9 phoc\u00e9enne, s\u2019est mu\u00e9 en porte-voix du personnel m\u00e9dical fran\u00e7ais expos\u00e9 \u00e0 une aggravation de la violence en consultation.<\/p>\n<p class=\"fig-paragraph\">En entrant dans\u00a0<a href=\"https:\/\/video.lefigaro.fr\/figaro\/video\/pourquoi-narrive-t-on-pas-a-marseille-a-assurer-la-securite-de-la-population-lalarme-dun-medecin-emblematique-des-quartiers-nord\/\" target=\"_blank\" data-fig-type=\"Video\" rel=\"noopener\" data-gtm-custom-categorie=\"navigation\" data-gtm-custom-action=\"crossclick\" data-gtm-custom-label=\"Contextuel\" data-gtm-event=\"customEventSPE\" data-fig-domain=\"VIDEO\">le cabinet du docteur Ouichou<\/a>, quelque chose saute imm\u00e9diatement aux yeux\u00a0: accol\u00e9 \u00e0 son ordinateur tr\u00f4ne un moniteur de vid\u00e9osurveillance aux canaux multiples accompagn\u00e9 d\u2019un bouton qui alerte une soci\u00e9t\u00e9 de s\u00e9curit\u00e9 priv\u00e9e. \u00abIci, il n\u2019y a pas de lingot d\u2019or ni de gros billets de banque, juste un m\u00e9decin qui re\u00e7oit des patients malades\u00bb, ironise le praticien lorsque l\u2019on mentionne son syst\u00e8me de protection.<\/p>\n<p class=\"fig-paragraph\">Des pr\u00e9cautions qu\u2019il a renforc\u00e9es au gr\u00e9 de ses ann\u00e9es d\u2019exercice \u00e0 Marseille, une ville qu\u2019il ne quitterait pour rien au monde apr\u00e8s y avoir pos\u00e9 sa plaque de g\u00e9n\u00e9raliste pour la premi\u00e8re fois en 2003 au terme d\u2019\u00e9tudes \u00e0 Casablanca puis \u00e0 Paris. \u00abJ\u2019ai commenc\u00e9 \u00e0 travailler dans les quartiers sud, mais j\u2019ai tr\u00e8s vite compris que ma place \u00e9tait au nord. C\u2019est ici que mon m\u00e9tier prend tout son sens\u00bb, souligne celui qui a fait ses armes \u00e0\u00a0<a href=\"http:\/\/www.lefigaro.fr\/marseille\/apres-une-agression-sos-medecins-decide-de-ne-plus-se-rendre-dans-un-quartier-de-toulon-20240209\" data-fig-type=\"NewsFlash\" data-gtm-custom-categorie=\"navigation\" data-gtm-custom-action=\"crossclick\" data-gtm-custom-label=\"Contextuel\" data-gtm-event=\"customEventSPE\" data-fig-domain=\"LEFIGARO\" target=\"_blank\" rel=\"noopener\">SOS M\u00e9decins<\/a>\u00a0dans l\u2019Essonne une dizaine d\u2019ann\u00e9es durant. \u00abJe suis au contact d\u2019une population tr\u00e8s agr\u00e9able. En tant que soignant\u2026<\/p>\n<p class=\"fig-premium-paywall__infos\">\n        Cet article est r\u00e9serv\u00e9 aux abonn\u00e9s.        Il vous reste 85% \u00e0 d\u00e9couvrir.\n    <\/p>\n<p>                <img  data- alt=\"Le Figaro\" class=\"fig-img--complete fig-img\"\/><\/p>\n<p class=\"fig-premium-paywall__title\">Vous avez envie de lire la suite ?<\/p>\n<p class=\"fig-premium-paywall__subtitle\">D\u00e9bloquez tous les articles imm\u00e9diatement.<\/p>\n<p class=\"fig-premium-paywall__connect\">\n                D\u00e9j\u00e0 abonn\u00e9\u00a0?                <a class=\"fig-premium-paywall__connect-link\" href=\"https:\/\/connect.lefigaro.fr\/login?client=horizon_web&amp;type=main&amp;redirect_uri=https%3A%2F%2Fwww.lefigaro.fr%2Fmarseille%2Fle-combat-de-said-ouichou-medecin-des-quartiers-nord-de-marseille-en-lutte-contre-les-violences-faites-aux-soignants-20250414\" data-js-gtm=\"{&quot;customCategorie&quot;: &quot;conversion&quot;, &quot;customAction&quot;: &quot;before_Landing_Connexion_paywall_auto&quot;, &quot;customLabel&quot;: &quot;bGVmaWdhcm8uZnJfXzFmMDE0N2Q0LTk4MTctNmYxZS1iNWI4LWQ5NDM2ZWVhMjYwNV9fTmV3c0ZsYXNo_\u00abLes juges doivent \u00eatre s\u00e9v\u00e8res envers les agresseurs de soignants\u00bb\u00a0: Sa\u00efd Ouichou, m\u00e9decin des quartiers nord de Marseille en lutte contre les violences_568&quot;, &quot;customIDSPE&quot;: &quot;bGVmaWdhcm8uZnJfXzFmMDE0N2Q0LTk4MTctNmYxZS1iNWI4LWQ5NDM2ZWVhMjYwNV9fTmV3c0ZsYXNo&quot;, &quot;event&quot;: &quot;customEventSPE&quot;}\" target=\"_blank\" rel=\"noopener\"><br \/>\n                    Connectez-vous<br \/>\n                <\/a>\n            <\/p>\n","protected":false},"excerpt":{"rendered":"PORTRAIT &#8211; Ce m\u00e9decin g\u00e9n\u00e9raliste, install\u00e9 depuis plus de vingt ans dans la cit\u00e9 phoc\u00e9enne, s\u2019est mu\u00e9 en&hellip;\n","protected":false},"author":2,"featured_media":24901,"comment_status":"","ping_status":"","sticky":false,"template":"","format":"standard","meta":{"footnotes":""},"categories":[2814],"tags":[1111,11,885,1182,1180,1181,1777,674,1011,27,1184,1185,884,6339,12,1177,1176,149,1186,882,25,1178,3873,1183,1179,809],"class_list":{"0":"post-24900","1":"post","2":"type-post","3":"status-publish","4":"format-standard","5":"has-post-thumbnail","7":"category-marseille","8":"tag-actu","9":"tag-actualites","10":"tag-bouches-du-rhone","11":"tag-calanques","12":"tag-canebiere","13":"tag-cite-phoceenne","14":"tag-eu","15":"tag-europe","16":"tag-fr","17":"tag-france","18":"tag-la-timone","19":"tag-les-baumettes-mediterranee","20":"tag-marseille","21":"tag-medecin","22":"tag-news","23":"tag-notre-dame-de-la-garde","24":"tag-olympique-de-marseille","25":"tag-om","26":"tag-provence","27":"tag-provence-alpes-cote-dazur","28":"tag-republique-francaise","29":"tag-saint-charles","30":"tag-soignants","31":"tag-sormiou","32":"tag-vieux-port","33":"tag-violence"},"share_on_mastodon":{"url":"https:\/\/pubeurope.com\/@fr\/114337732661824759","error":""},"_links":{"self":[{"href":"https:\/\/www.europesays.com\/fr\/wp-json\/wp\/v2\/posts\/24900","targetHints":{"allow":["GET"]}}],"collection":[{"href":"https:\/\/www.europesays.com\/fr\/wp-json\/wp\/v2\/posts"}],"about":[{"href":"https:\/\/www.europesays.com\/fr\/wp-json\/wp\/v2\/types\/post"}],"author":[{"embeddable":true,"href":"https:\/\/www.europesays.com\/fr\/wp-json\/wp\/v2\/users\/2"}],"replies":[{"embeddable":true,"href":"https:\/\/www.europesays.com\/fr\/wp-json\/wp\/v2\/comments?post=24900"}],"version-history":[{"count":0,"href":"https:\/\/www.europesays.com\/fr\/wp-json\/wp\/v2\/posts\/24900\/revisions"}],"wp:featuredmedia":[{"embeddable":true,"href":"https:\/\/www.europesays.com\/fr\/wp-json\/wp\/v2\/media\/24901"}],"wp:attachment":[{"href":"https:\/\/www.europesays.com\/fr\/wp-json\/wp\/v2\/media?parent=24900"}],"wp:term":[{"taxonomy":"category","embeddable":true,"href":"https:\/\/www.europesays.com\/fr\/wp-json\/wp\/v2\/categories?post=24900"},{"taxonomy":"post_tag","embeddable":true,"href":"https:\/\/www.europesays.com\/fr\/wp-json\/wp\/v2\/tags?post=24900"}],"curies":[{"name":"wp","href":"https:\/\/api.w.org\/{rel}","templated":true}]}}