{"id":249000,"date":"2025-07-14T09:01:12","date_gmt":"2025-07-14T09:01:12","guid":{"rendered":"https:\/\/www.europesays.com\/fr\/249000\/"},"modified":"2025-07-14T09:01:12","modified_gmt":"2025-07-14T09:01:12","slug":"en-images-revivez-le-grand-feu-dartifice-du-14-juillet-a-toulouse-et-les-concerts-tres-attendus","status":"publish","type":"post","link":"https:\/\/www.europesays.com\/fr\/249000\/","title":{"rendered":"EN IMAGES. (Re)vivez le grand feu d&rsquo;artifice du 14-juillet \u00e0 Toulouse et les concerts tr\u00e8s attendus"},"content":{"rendered":"<p>            Par<br \/>\n        <strong><br \/>\n            <a href=\"https:\/\/actu.fr\/auteur\/anaelle-montagne\" title=\"Consulter tous les articles de Anaelle Montagne\" rel=\"nofollow noopener\" target=\"_blank\">Anaelle Montagne<\/a><br \/>\n        <\/strong><\/p>\n<p>        Publi\u00e9 le<\/p>\n<p>            14 juil. 2025 \u00e0 10h47        <\/p>\n<p>Un grand show ! Le feu d\u2019artifice du dimanche 13 juillet aura \u00e9merveill\u00e9 les Toulousains, <strong>venus par dizaines de milliers<\/strong> l\u2019admirer dans le centre-ville. Il \u00e9tait tir\u00e9 la veille de la F\u00eate Nationale pour avoir moins d\u2019impact sur les riverains, depuis la Garonne au niveau de la <a href=\"https:\/\/actu.fr\/occitanie\/toulouse_31555\/toulouse-plus-de-80-000-personnes-a-la-prairie-des-filtres-pour-le-festival-rio-loco_61242644.html\" rel=\"nofollow noopener\" target=\"_blank\">prairie des Filtres<\/a>\u00a0\u00e0 22h30.<\/p>\n<p>Les images du show<\/p>\n<p class=\" wall-content\">Cette ann\u00e9e, il \u00e9tait sur le th\u00e8me du Tour de France, \u00e9tant donn\u00e9 que <a href=\"https:\/\/actu.fr\/occitanie\/toulouse_31555\/toulouse-toutes-les-rues-qui-seront-fermees-a-la-circulation-pour-le-passage-du-tour-de-france-2025_62818206.html\" rel=\"nofollow noopener\" target=\"_blank\">les coureurs font \u00e9tape dans la ville rose<\/a>, les 15 et 16 juillet 2025. Les images du grand feu d\u2019artifice ont fait le tour des r\u00e9seaux sociaux.\u00a0<\/p>\n<p class=\" wall-content\">\n<p class=\" wall-content\">\u00ab\u00a0Beaucoup de monde, une ambiance incroyable et une ville agr\u00e9able, Toulouse quoi !\u00a0\u00bb, \u00e9crit un habitant, venu admirer le spectacle.\u00a0<\/p>\n<p>    <a href=\"https:\/\/www.facebook.com\/plugins\/video.php?height=476&amp;href=https%3A%2F%2Fwww.facebook.com%2Freel%2F24277561175220028%2F&amp;show_text=false&amp;width=350&amp;t=0\" title=\"Ouvrie le lien\" rel=\"nofollow noopener\" target=\"_blank\">Cliquez ici pour visualiser le contenu<\/a><\/p>\n<p class=\" wall-content\">L\u2019ann\u00e9e pr\u00e9c\u00e9dente, le show avait attir\u00e9 <strong>environ 300 000 spectateurs<\/strong>.<\/p>\n<p class=\" wall-content\">\n    <img   decoding=\"async\" loading=\"lazy\" src=\"https:\/\/www.europesays.com\/fr\/wp-content\/uploads\/2025\/07\/1000000833-960x640.jpg\" alt=\"Le feu d'artifice, vu depuis la Prairie des Filtres \u00e0 Toulouse.\" width=\"960\" height=\"640\"\/><br \/>\n    Le feu d\u2019artifice, vu depuis la Prairie des Filtres \u00e0 Toulouse. (\u00a9L\u00e9a Afonso \/ Actu Toulouse)<br \/>\n    <img   decoding=\"async\" loading=\"lazy\" src=\"https:\/\/www.europesays.com\/fr\/wp-content\/uploads\/2025\/07\/1000000834-960x640.jpg\" alt=\"Le feu d'artifice, vu depuis la Prairie des Filtres \u00e0 Toulouse.\" width=\"960\" height=\"640\"\/><br \/>\n    Le feu d\u2019artifice, vu depuis la Prairie des Filtres \u00e0 Toulouse. (\u00a9L\u00e9a Afonso \/ Actu Toulouse)<\/p>\n<p>Des artistes de renom avant le grand show<\/p>\n<p class=\" wall-content\">Avant le feu d\u2019artifice, <a href=\"https:\/\/actu.fr\/occitanie\/toulouse_31555\/pierre-garnier-amir-avant-le-feu-d-artifice-xxl-l-affiche-du-grand-concert-gratuit-du-14-juillet-a-toulouse_62777520.html\" rel=\"nofollow noopener\" target=\"_blank\">le NRJ Music Tour a anim\u00e9 la prairie des Filtres<\/a>. De 17 heures \u00e0 18h30, de jeunes artistes toulousains se sont produits avant l\u2019arriv\u00e9e, \u00e0 20 heures, d\u2019artistes fran\u00e7ais tr\u00e8s attendus : Pierre Garnier, Amir, Marguerite\u2026<\/p>\n<p>Vid\u00e9os : en ce moment sur Actu<\/p>\n<p class=\" wall-content\">\n<p class=\" wall-content\">L\u00e0 aussi, sur X, les Toulousains ont partag\u00e9 des bribes des concerts.<\/p>\n<p class=\" wall-content\">\n<p class=\" wall-content\">Vous avez rat\u00e9 le show du 13 juillet ? Pas de panique. Ce lundi 14 juillet,<strong> un nouveau feu d\u2019artifice<\/strong> sera tir\u00e9 au-dessus du lac de la Reynerie, \u00e0 22h30.<\/p>\n<p class=\" wall-content\">Suivez toute l\u2019actualit\u00e9 de vos villes et m\u00e9dias favoris en vous inscrivant \u00e0 <a href=\"https:\/\/moncompte.actu.fr\" title=\"D\u00e9couvez Mon Actu\" rel=\"nofollow noopener\" data-trk=\"{&quot;cta&quot;:{&quot;action&quot;:&quot;https:\\\/\\\/moncompte.actu.fr&quot;,&quot;category&quot;:&quot;mon compte&quot;,&quot;from&quot;:&quot;article footer&quot;,&quot;name&quot;:&quot;Mon actu&quot;,&quot;type&quot;:&quot;cta&quot;}}\" target=\"_blank\">Mon Actu<\/a>.<\/p>\n","protected":false},"excerpt":{"rendered":"Par Anaelle Montagne Publi\u00e9 le 14 juil. 2025 \u00e0 10h47 Un grand show ! Le feu d\u2019artifice du&hellip;\n","protected":false},"author":2,"featured_media":249001,"comment_status":"","ping_status":"","sticky":false,"template":"","format":"standard","meta":{"footnotes":""},"categories":[2816],"tags":[1111,11,1777,674,16701,1011,27,1652,12,2680,25,2312],"class_list":{"0":"post-249000","1":"post","2":"type-post","3":"status-publish","4":"format-standard","5":"has-post-thumbnail","7":"category-toulouse","8":"tag-actu","9":"tag-actualites","10":"tag-eu","11":"tag-europe","12":"tag-feu-dartifice","13":"tag-fr","14":"tag-france","15":"tag-loisirs-culture","16":"tag-news","17":"tag-occitanie","18":"tag-republique-francaise","19":"tag-toulouse"},"share_on_mastodon":{"url":"https:\/\/pubeurope.com\/@fr\/114850777326774483","error":""},"_links":{"self":[{"href":"https:\/\/www.europesays.com\/fr\/wp-json\/wp\/v2\/posts\/249000","targetHints":{"allow":["GET"]}}],"collection":[{"href":"https:\/\/www.europesays.com\/fr\/wp-json\/wp\/v2\/posts"}],"about":[{"href":"https:\/\/www.europesays.com\/fr\/wp-json\/wp\/v2\/types\/post"}],"author":[{"embeddable":true,"href":"https:\/\/www.europesays.com\/fr\/wp-json\/wp\/v2\/users\/2"}],"replies":[{"embeddable":true,"href":"https:\/\/www.europesays.com\/fr\/wp-json\/wp\/v2\/comments?post=249000"}],"version-history":[{"count":0,"href":"https:\/\/www.europesays.com\/fr\/wp-json\/wp\/v2\/posts\/249000\/revisions"}],"wp:featuredmedia":[{"embeddable":true,"href":"https:\/\/www.europesays.com\/fr\/wp-json\/wp\/v2\/media\/249001"}],"wp:attachment":[{"href":"https:\/\/www.europesays.com\/fr\/wp-json\/wp\/v2\/media?parent=249000"}],"wp:term":[{"taxonomy":"category","embeddable":true,"href":"https:\/\/www.europesays.com\/fr\/wp-json\/wp\/v2\/categories?post=249000"},{"taxonomy":"post_tag","embeddable":true,"href":"https:\/\/www.europesays.com\/fr\/wp-json\/wp\/v2\/tags?post=249000"}],"curies":[{"name":"wp","href":"https:\/\/api.w.org\/{rel}","templated":true}]}}