{"id":249002,"date":"2025-07-14T09:02:16","date_gmt":"2025-07-14T09:02:16","guid":{"rendered":"https:\/\/www.europesays.com\/fr\/249002\/"},"modified":"2025-07-14T09:02:16","modified_gmt":"2025-07-14T09:02:16","slug":"focus-sur-lhotel-de-ville","status":"publish","type":"post","link":"https:\/\/www.europesays.com\/fr\/249002\/","title":{"rendered":"Focus sur l&rsquo;H\u00f4tel de Ville"},"content":{"rendered":"<p class=\"introduction\">Tout l\u2019\u00e9t\u00e9, on vous propose de red\u00e9couvrir la ville \u00e0 travers la collection \u00ab\u202fFOCUS\u202f\u00bb, des brochures patrimoniales con\u00e7ues par le service Culture &#8211; Ville d\u2019art et d\u2019histoire. Pour d\u00e9buter cette s\u00e9rie estivale : immersion dans l\u2019histoire foisonnante de notre H\u00f4tel de Ville.<\/p>\n<p data-start=\"835\" data-end=\"1440\">Depuis plusieurs ann\u00e9es, le service Culture \u2013 Ville d\u2019art et d\u2019histoire publie des brochures \u00ab\u202fFOCUS\u202f\u00bb pour raconter autrement les lieux embl\u00e9matiques de la ville : une mani\u00e8re vivante de plonger dans le patrimoine roubaisien, \u00e0 travers les \u00e9poques, les styles, les ambitions politiques ou les prouesses architecturales. Cet \u00e9t\u00e9, on vous propose de (re)d\u00e9couvrir ces publications en ligne, que vous pouvez retrouver en version papier \u00e0 la m\u00e9diath\u00e8que de Roubaix ou \u00e0 l\u2019Office de Tourisme.<\/p>\n<p>L\u2019H\u00f4tel de Ville : le palais de la R\u00e9publique textile<\/p>\n<p data-start=\"1517\" data-end=\"1819\">Impossible de le manquer. Tr\u00f4nant au c\u0153ur de la Grand-Place, l\u2019H\u00f4tel de Ville de Roubaix ne se contente pas d\u2019\u00eatre un b\u00e2timent administratif : c\u2019est un manifeste. Celui d\u2019une cit\u00e9 industrielle devenue grande ville, d\u2019une R\u00e9publique en qu\u00eate de prestige et d\u2019un tissu \u00e9conomique florissant \u00e0 son apog\u00e9e.<\/p>\n<p>Le projet d\u2019une ville qui veut montrer sa puissance<\/p>\n<p data-start=\"1878\" data-end=\"2456\">Au tournant du XXe si\u00e8cle, Roubaix est une ville tentaculaire, travers\u00e9e par le fracas des machines et le souffle de l\u2019industrie textile. Son maire, Eug\u00e8ne Motte, figure embl\u00e9matique du patronat local, veut une mairie \u00e0 la hauteur. Il ne s\u2019agit pas seulement d\u2019agrandir les bureaux : il faut construire un v\u00e9ritable <strong data-start=\"2194\" data-end=\"2214\">palais municipal<\/strong>, qui affirme la puissance de la ville, son ordre, son id\u00e9al r\u00e9publicain. \u00c0 ses c\u00f4t\u00e9s, la Chambre de commerce soutient le projet, et le prestigieux architecte <strong data-start=\"2373\" data-end=\"2390\">Victor Laloux<\/strong> (connu notamment pour la gare d\u2019Orsay) est appel\u00e9 \u00e0 la rescousse.<\/p>\n<p>Une architecture monumentale et symbolique<\/p>\n<p data-start=\"2506\" data-end=\"3027\">Les chiffres donnent le vertige : <strong data-start=\"2540\" data-end=\"2609\">92 m\u00e8tres de fa\u00e7ade, 60 m\u00e8tres de profondeur, 6 150 m\u00b2 de surface<\/strong>. La structure, bien que habill\u00e9e de pierre, repose sur une ossature m\u00e9tallique, invisible \u00e0 l\u2019\u0153il nu. \u00c0 l\u2019ext\u00e9rieur comme \u00e0 l\u2019int\u00e9rieur, tout est pens\u00e9 pour impressionner. La frise sculpt\u00e9e surplombant l\u2019entr\u00e9e raconte en six tableaux le travail textile, de la tonte du mouton \u00e0 l\u2019exp\u00e9dition des produits finis. Sur les hauteurs, des all\u00e9gories sculpt\u00e9es incarnent la Paix, l\u2019Abondance, la Mod\u00e9ration ou la Vigilance.<\/p>\n<p>Un d\u00e9cor pens\u00e9 pour le peuple et les grandes occasions<\/p>\n<p data-start=\"3089\" data-end=\"3603\">\u00c0 l\u2019int\u00e9rieur, les espaces d\u2019apparat rivalisent avec les plus belles institutions parisiennes. Salle des mariages, salle du Conseil, grand escalier, vestibule monumental, \u0153uvres peintes, plafonds caissonn\u00e9s\u2026 rien n\u2019est laiss\u00e9 au hasard. L\u2019h\u00f4tel de ville devient le d\u00e9cor de la vie citoyenne, des mariages aux comm\u00e9morations, des conseils municipaux aux visites officielles. Il est inaugur\u00e9 en 1911, le m\u00eame jour que l\u2019Exposition internationale du Nord de la France, comme un symbole : <strong data-start=\"3574\" data-end=\"3602\">Roubaix est \u00e0 son apog\u00e9e<\/strong>.<\/p>\n<p data-start=\"3089\" data-end=\"3603\"><strong>&gt; Pour en savoir plus : <a href=\"https:\/\/www.calameo.com\/read\/00005313725f4a046514a\" target=\"_blank\" rel=\"noopener\">lisez la brochure \u00ab\u00a0Focus Roubaix \u2013 L\u2019H\u00f4tel de Ville\u00a0\u00bb<\/a><\/strong><\/p>\n","protected":false},"excerpt":{"rendered":"Tout l\u2019\u00e9t\u00e9, on vous propose de red\u00e9couvrir la ville \u00e0 travers la collection \u00ab\u202fFOCUS\u202f\u00bb, des brochures patrimoniales con\u00e7ues&hellip;\n","protected":false},"author":2,"featured_media":249003,"comment_status":"","ping_status":"","sticky":false,"template":"","format":"standard","meta":{"footnotes":""},"categories":[2815],"tags":[1111,11,1777,674,1011,27,811,38919,1307,12,2551,25],"class_list":{"0":"post-249002","1":"post","2":"type-post","3":"status-publish","4":"format-standard","5":"has-post-thumbnail","7":"category-lille","8":"tag-actu","9":"tag-actualites","10":"tag-eu","11":"tag-europe","12":"tag-fr","13":"tag-france","14":"tag-hauts-de-france","15":"tag-label-ville-dart-et-dhistoire","16":"tag-lille","17":"tag-news","18":"tag-patrimoine","19":"tag-republique-francaise"},"share_on_mastodon":{"url":"https:\/\/pubeurope.com\/@fr\/114850781176643586","error":""},"_links":{"self":[{"href":"https:\/\/www.europesays.com\/fr\/wp-json\/wp\/v2\/posts\/249002","targetHints":{"allow":["GET"]}}],"collection":[{"href":"https:\/\/www.europesays.com\/fr\/wp-json\/wp\/v2\/posts"}],"about":[{"href":"https:\/\/www.europesays.com\/fr\/wp-json\/wp\/v2\/types\/post"}],"author":[{"embeddable":true,"href":"https:\/\/www.europesays.com\/fr\/wp-json\/wp\/v2\/users\/2"}],"replies":[{"embeddable":true,"href":"https:\/\/www.europesays.com\/fr\/wp-json\/wp\/v2\/comments?post=249002"}],"version-history":[{"count":0,"href":"https:\/\/www.europesays.com\/fr\/wp-json\/wp\/v2\/posts\/249002\/revisions"}],"wp:featuredmedia":[{"embeddable":true,"href":"https:\/\/www.europesays.com\/fr\/wp-json\/wp\/v2\/media\/249003"}],"wp:attachment":[{"href":"https:\/\/www.europesays.com\/fr\/wp-json\/wp\/v2\/media?parent=249002"}],"wp:term":[{"taxonomy":"category","embeddable":true,"href":"https:\/\/www.europesays.com\/fr\/wp-json\/wp\/v2\/categories?post=249002"},{"taxonomy":"post_tag","embeddable":true,"href":"https:\/\/www.europesays.com\/fr\/wp-json\/wp\/v2\/tags?post=249002"}],"curies":[{"name":"wp","href":"https:\/\/api.w.org\/{rel}","templated":true}]}}