{"id":249006,"date":"2025-07-14T09:04:09","date_gmt":"2025-07-14T09:04:09","guid":{"rendered":"https:\/\/www.europesays.com\/fr\/249006\/"},"modified":"2025-07-14T09:04:09","modified_gmt":"2025-07-14T09:04:09","slug":"marseille-est-la-capitale-francaise-de-ce-sport-en-vogue-dapres-une-etude","status":"publish","type":"post","link":"https:\/\/www.europesays.com\/fr\/249006\/","title":{"rendered":"Marseille est la capitale fran\u00e7aise de ce sport en vogue d&rsquo;apr\u00e8s une \u00e9tude"},"content":{"rendered":"<p>            Par<br \/>\n        <strong><br \/>\n            <a href=\"https:\/\/actu.fr\/auteur\/thomas-blanc\" title=\"Consulter tous les articles de Thomas Blanc\" target=\"_blank\" rel=\"noopener\">Thomas Blanc<\/a><br \/>\n        <\/strong><\/p>\n<p>        Publi\u00e9 le<\/p>\n<p>            14 juil. 2025 \u00e0 6h36        <\/p>\n<p>Avec la crise du <a href=\"https:\/\/actu.fr\/?s=Covid\" target=\"_blank\" rel=\"noopener\">Covid<\/a>, la pratique de la <a href=\"https:\/\/actu.fr\/?s=randonn%C3%A9e\" target=\"_blank\" rel=\"noopener\">randonn\u00e9e<\/a> <strong>a connu une forte hausse<\/strong> et ceux parmi toutes les couches g\u00e9n\u00e9rationnelles.<\/p>\n<p class=\" wall-content\">En prenant comme ann\u00e9e de r\u00e9f\u00e9rence 2019, toutes les ann\u00e9es qui ont suivi ont enregistr\u00e9 <strong>une hausse du nombre de randonneurs<\/strong> d\u2019apr\u00e8s la f\u00e9d\u00e9ration fran\u00e7aise de la pratique. D\u2019apr\u00e8s un classement r\u00e9alis\u00e9 par <a href=\"https:\/\/www.sportsshoes.com\/fr-fr\/advice\/hiking-hub\/trails-inspiration\/escapades-urbaines-meilleures-villes-pour-les-amateurs-de-randonnee\" target=\"_blank\" rel=\"noopener\">SportsShoes.com<\/a>, la ville de <a href=\"https:\/\/actu.fr\/?s=marseille\" target=\"_blank\" rel=\"noopener\">Marseille<\/a> y a s\u00fbrement particip\u00e9.<\/p>\n<p>Marseille bien plac\u00e9e<\/p>\n<p class=\" wall-content\">Le classement de SportsShoes.com fait \u00e0 partir de donn\u00e9es relatives aux sentiers, incluant le nombre de randonn\u00e9es urbaines, leur note d\u2019\u00e9valuation moyenne et le nombre d\u2019\u00e9valuations sur <a href=\"https:\/\/www.alltrails.com\/fr\" target=\"_blank\" rel=\"noopener\">AllTrails.com<\/a> r\u00e9v\u00e8le que <strong>la ville est un bon spot<\/strong> pour ceux voulant user leurs baskets.<\/p>\n<p class=\" wall-content\">Avec une note de 86\/100, aucune ville ne surpasse la cit\u00e9 phoc\u00e9enne sur ce terrain en France. Cette note est atteinte gr\u00e2ce aux <strong>141 itin\u00e9raires<\/strong> que compte la ville, notamment dans <a href=\"https:\/\/actu.fr\/tag\/calanques\" target=\"_blank\" rel=\"noopener\">le parc national des Calanques<\/a>.<\/p>\n<p>La quantit\u00e9 et la qualit\u00e9<\/p>\n<p class=\" wall-content\">Avoir \u00e9norm\u00e9ment de sentiers pour prendre un bol d\u2019air ne fait pas tout, il faut \u00e9galement qu\u2019ils soient appr\u00e9ci\u00e9s. Et c\u2019est le cas, sur AllTrails.com ces 141 itin\u00e9raires obtiennent une <strong>note de satisfaction de 4,6\/5<\/strong>, ni <a href=\"https:\/\/actu.fr\/?s=Paris\" target=\"_blank\" rel=\"noopener\">Paris<\/a> avec ses 97 itin\u00e9raires, ni m\u00eame <a href=\"https:\/\/actu.fr\/?s=Nice\" target=\"_blank\" rel=\"noopener\">Nice<\/a> avec ses 31 sentiers sur la C\u00f4te d\u2019Azur n\u2019\u00e9galent cette note.<\/p>\n<p>Vid\u00e9os : en ce moment sur Actu<\/p>\n<p class=\" wall-content\">Ces deux villes obtiennent respectivement les deuxi\u00e8me et troisi\u00e8me places du classement en France.<\/p>\n<p>Des sentiers vari\u00e9s<\/p>\n<p class=\" wall-content\">Sa premi\u00e8re place, <strong>la ville la m\u00e9rite<\/strong>. \u00ab\u2009Elle regorge de <strong>parcours extraordinaires<\/strong>\u2009\u00bb d\u2019apr\u00e8s ceux ayant r\u00e9alis\u00e9 l\u2019\u00e9tude. Mais, le coup de c\u0153ur des marcheurs est celui qui \u00ab\u2009m\u00e8ne \u00e0 la Calanque de Sugiton, un magnifique chemin c\u00f4tier qui serpente \u00e0 travers des for\u00eats de conif\u00e8res, des falaises calcaires et des criques isol\u00e9es.\u2009\u00bb<\/p>\n<p class=\" wall-content\">Pour les plus extr\u00eames,<strong> la C\u00f4te Bleue<\/strong> par le sentier des douaniers, par ailleurs appel\u00e9 le sentier du littoral, qui s\u2019\u00e9tend de Niolon au Cap M\u00e9jean est long de 28 kilom\u00e8tres et promet d\u2019occuper toute une journ\u00e9e.<\/p>\n<p class=\" wall-content\">L\u2019\u00e9tude a aussi \u00e9t\u00e9 men\u00e9e \u00e0 l\u2019\u00e9chelle europ\u00e9enne. Marseille caracole en <strong>deuxi\u00e8me position<\/strong> devant des villes comptant parmi les plus beaux paysages du continent comme Innsbruck en Autriche. <strong>Seule \u00c9dimbourg la d\u00e9passe<\/strong> avec la note de 89\/100 qu\u2019elle doit \u00e0 \u00ab\u2009ses promenades vallonn\u00e9es comme celles qui m\u00e8nent \u00e0 Arthur\u2019s Seat, la colline qui surplombe la ville historique\u2009\u00bb d\u2019apr\u00e8s SportsShoes.com.<\/p>\n<p>Les villes de Paca dans le classement<\/p>\n<p class=\" wall-content\">La deuxi\u00e8me ville r\u00e9gionale, Nice, se classe donc troisi\u00e8me du classement en France gr\u00e2ce \u00e0 ses itin\u00e9raires historiques tels que le Chemin de Nietzsche et des randonn\u00e9es panoramiques le long de la C\u00f4te d\u2019Azur. Une mani\u00e8re unique d\u2019allier<strong> le charme m\u00e9diterran\u00e9en et les paysages alpins<\/strong>.<\/p>\n<p class=\" wall-content\">La ville de <a href=\"https:\/\/actu.fr\/?s=Toulon\" target=\"_blank\" rel=\"noopener\">Toulon<\/a>, dans le <a href=\"https:\/\/actu.fr\/?s=Var\" target=\"_blank\" rel=\"noopener\">Var<\/a>, r\u00e9ussit \u00e0 accrocher la derni\u00e8re position de ce classement, la dixi\u00e8me. La ville comptant 23 itin\u00e9raires de randonn\u00e9e not\u00e9e en moyenne 4,2\/5 se distingue \u00ab\u2009par ses magnifiques sentiers \u00e0 flanc de colline tels que le sentier des cr\u00eates, avec des vues imprenables sur la <a href=\"https:\/\/actu.fr\/?s=mer+m%C3%A9diterran%C3%A9e\" target=\"_blank\" rel=\"noopener\">mer M\u00e9diterran\u00e9e<\/a>\u2009\u00bb d\u2019apr\u00e8s sportshoes.com.<\/p>\n<p class=\" wall-content\">Elle constitue donc un choix id\u00e9al pour les randonneurs en qu\u00eate de soleil.<\/p>\n<p class=\" wall-content\">Suivez toute l\u2019actualit\u00e9 de vos villes et m\u00e9dias favoris en vous inscrivant \u00e0 <a href=\"https:\/\/moncompte.actu.fr\" title=\"D\u00e9couvez Mon Actu\" rel=\"nofollow noopener\" data-trk=\"{&quot;cta&quot;:{&quot;action&quot;:&quot;https:\\\/\\\/moncompte.actu.fr&quot;,&quot;category&quot;:&quot;mon compte&quot;,&quot;from&quot;:&quot;article footer&quot;,&quot;name&quot;:&quot;Mon actu&quot;,&quot;type&quot;:&quot;cta&quot;}}\" target=\"_blank\">Mon Actu<\/a>.<\/p>\n","protected":false},"excerpt":{"rendered":"Par Thomas Blanc Publi\u00e9 le 14 juil. 2025 \u00e0 6h36 Avec la crise du Covid, la pratique de&hellip;\n","protected":false},"author":2,"featured_media":249007,"comment_status":"","ping_status":"","sticky":false,"template":"","format":"standard","meta":{"footnotes":""},"categories":[2814],"tags":[1111,11,1777,674,3727,1011,27,1652,884,12,882,7553,25,517],"class_list":{"0":"post-249006","1":"post","2":"type-post","3":"status-publish","4":"format-standard","5":"has-post-thumbnail","7":"category-marseille","8":"tag-actu","9":"tag-actualites","10":"tag-eu","11":"tag-europe","12":"tag-evasion","13":"tag-fr","14":"tag-france","15":"tag-loisirs-culture","16":"tag-marseille","17":"tag-news","18":"tag-provence-alpes-cote-dazur","19":"tag-randonnee","20":"tag-republique-francaise","21":"tag-sport"},"share_on_mastodon":{"url":"https:\/\/pubeurope.com\/@fr\/114850788973122358","error":""},"_links":{"self":[{"href":"https:\/\/www.europesays.com\/fr\/wp-json\/wp\/v2\/posts\/249006","targetHints":{"allow":["GET"]}}],"collection":[{"href":"https:\/\/www.europesays.com\/fr\/wp-json\/wp\/v2\/posts"}],"about":[{"href":"https:\/\/www.europesays.com\/fr\/wp-json\/wp\/v2\/types\/post"}],"author":[{"embeddable":true,"href":"https:\/\/www.europesays.com\/fr\/wp-json\/wp\/v2\/users\/2"}],"replies":[{"embeddable":true,"href":"https:\/\/www.europesays.com\/fr\/wp-json\/wp\/v2\/comments?post=249006"}],"version-history":[{"count":0,"href":"https:\/\/www.europesays.com\/fr\/wp-json\/wp\/v2\/posts\/249006\/revisions"}],"wp:featuredmedia":[{"embeddable":true,"href":"https:\/\/www.europesays.com\/fr\/wp-json\/wp\/v2\/media\/249007"}],"wp:attachment":[{"href":"https:\/\/www.europesays.com\/fr\/wp-json\/wp\/v2\/media?parent=249006"}],"wp:term":[{"taxonomy":"category","embeddable":true,"href":"https:\/\/www.europesays.com\/fr\/wp-json\/wp\/v2\/categories?post=249006"},{"taxonomy":"post_tag","embeddable":true,"href":"https:\/\/www.europesays.com\/fr\/wp-json\/wp\/v2\/tags?post=249006"}],"curies":[{"name":"wp","href":"https:\/\/api.w.org\/{rel}","templated":true}]}}