{"id":249009,"date":"2025-07-14T09:06:09","date_gmt":"2025-07-14T09:06:09","guid":{"rendered":"https:\/\/www.europesays.com\/fr\/249009\/"},"modified":"2025-07-14T09:06:09","modified_gmt":"2025-07-14T09:06:09","slug":"lyon-denormes-travaux-commencent-sur-cet-axe-plus-dautomobilistes-sur-la-m6-cet-ete","status":"publish","type":"post","link":"https:\/\/www.europesays.com\/fr\/249009\/","title":{"rendered":"Lyon. D&rsquo;\u00e9normes travaux commencent sur cet axe, plus d&rsquo;automobilistes sur la M6 cet \u00e9t\u00e9"},"content":{"rendered":"<p>            Par<br \/>\n        <strong><br \/>\n            <a href=\"https:\/\/actu.fr\/auteur\/redaction-lyon\" title=\"Consulter tous les articles de R\u00e9daction Lyon\" rel=\"nofollow noopener\" target=\"_blank\">R\u00e9daction Lyon<\/a><br \/>\n        <\/strong><\/p>\n<p>        Publi\u00e9 le<\/p>\n<p>            14 juil. 2025 \u00e0 6h10        <\/p>\n<p>Les chantiers continuent\u2026 Dans le cadre de l\u2019am\u00e9nagement de la Voie lyonnaise n\u00b08, des travaux sont r\u00e9alis\u00e9s par la <a href=\"https:\/\/actu.fr\/auvergne-rhone-alpes\/lyon_69123\/lyon-la-metropole-somme-une-mere-isolee-de-rembourser-15-000-de-rsa-la-justice-tranche_62869841.html\" rel=\"nofollow noopener\" target=\"_blank\">M\u00e9tropole de Lyon<\/a> entre la route de Paris \u00e0 Tassin et l\u2019avenue Barth\u00e9l\u00e9my-Buyer dans le 5e arrondissement de Lyon.<\/p>\n<p class=\" wall-content\">Ils dureront <strong>du 15 juillet au 12 septembre.<\/strong><\/p>\n<p>Une nouvelle phase de travaux<\/p>\n<p class=\" wall-content\">Cinq kilom\u00e8tres de la Voie Lyonnaise n\u00b08 ont d\u00e9j\u00e0 \u00e9t\u00e9 r\u00e9alis\u00e9s et ouverts \u00e0 la circulation. Les travaux se situent d\u00e9sormais entre la route de Paris et l\u2019avenue Barth\u00e9l\u00e9my-Buyer, <strong>comprenant le boulevard de Valvert<\/strong>, et sont r\u00e9alis\u00e9s en diff\u00e9rentes sections jusqu\u2019\u00e0 mars 2026.<\/p>\n<p class=\" wall-content\">Le boulevard du Valvert est situ\u00e9 au carrefour de plusieurs axes strat\u00e9giques pour la desserte locale et l\u2019acc\u00e8s \u00e0 la M6.<\/p>\n<p class=\" wall-content\">Afin de limiter la g\u00eane pour les usagers, qu\u2019il s\u2019agisse des actifs effectuant des trajets domicile-travail ou des patients de la clinique du Val d\u2019Ouest, la M\u00e9tropole de Lyon a fait le choix de programmer cette phase durant la p\u00e9riode estivale, car les flux de circulation sont fortement r\u00e9duits. M\u00eame si la rentr\u00e9e s\u2019annonce d\u00e9licate\u2026<\/p>\n<p>Vid\u00e9os : en ce moment sur ActuLe boulevard de Valvert mis \u00e0 sens unique, un report sur la M6<\/p>\n<p class=\" wall-content\">Pour garantir la s\u00e9curit\u00e9 de tous et accompagner au mieux ces travaux, un dispositif<br \/>exceptionnel est mis en place par la M\u00e9tropole de Lyon :<br \/>\u2022 Le boulevard de Valvert est mis \u00e0 sens unique en direction de Charbonni\u00e8res du 17 juillet au 12 septembre<br \/>\u2022 Les usagers sont invit\u00e9s \u00e0<strong> se reporter sur la M6 <\/strong>ou suivre la d\u00e9viation mise en place par Tassin-la-Demi-Lune (Avenue de Paris \u2013 Avenue de la R\u00e9publique-Horloge-Avenue Victor Hugo \u2013 Porte de Valvert).<br \/>\u2022 La sortie de la M6 et du boulevard p\u00e9riph\u00e9rique via le boulevard du Valvert est maintenue.<br \/>\u2022 L\u2019acc\u00e8s \u00e0 la clinique Val d\u2019Ouest est toujours possible par le chemin de la Vernique.<\/p>\n<p class=\" wall-content\">La M\u00e9tropole de Lyon met \u00e9galement en place plusieurs adaptations afin d\u2019att\u00e9nuer l\u2019impact sur les d\u00e9placements dans le secteur, tout en garantissant la s\u00e9curit\u00e9 de l\u2019ensemble des usagers :<br \/>\u2022 Limitation de la vitesse \u00e0 30 km\/h sur les zones de chantier<br \/>\u2022 Ouverture temporaire \u00e0 la circulation g\u00e9n\u00e9rale du couloir de bus situ\u00e9 sur l\u2019avenue de la R\u00e9publique \u00e0 Tassin-la-Demi-Lune.<\/p>\n<p class=\" wall-content\">Une grande Voie lyonnaise enti\u00e8re \u00e0 l\u2019horizon 2030<\/p>\n<p class=\" wall-content\">\u00c0 l\u2019horizon 2030, la Voie lyonnaise n\u00b08 traversera la M\u00e9tropole de Lyon d\u2019Ouest en Est, de La Tour-de-Salvagny \u00e0 Saint-Priest. Elle reliera les communes de La Tour-de-Salvagny, Dardilly, Charbonni\u00e8res-les-Bains, Tassin-la-Demi-Lune et \u00c9cully, en desservant notamment le campus R\u00e9gion du num\u00e9rique \u00e0 Charbonni\u00e8res-les-Bains.<\/p>\n<p class=\" wall-content\">\u00ab\u00a0Cet am\u00e9nagement a pour objectif de proposer aux grands lyonnais un itin\u00e9raire cyclable continu et s\u00e9curis\u00e9, pour relier les communes de l\u2019ouest lyonnais et le centre de la m\u00e9tropole, tout en apportant plus de v\u00e9g\u00e9talisation et de confort pour les pi\u00e9tons\u00a0\u00bb, affirme la M\u00e9tropole de Lyon.<\/p>\n<p>Pour anticiper les trajets avec un simulateur d\u2019itin\u00e9raire, rendez-vous sur : mobilites.grandlyon.com<\/p>\n<p class=\" wall-content\">Suivez toute l\u2019actualit\u00e9 de vos villes et m\u00e9dias favoris en vous inscrivant \u00e0 <a href=\"https:\/\/moncompte.actu.fr\" title=\"D\u00e9couvez Mon Actu\" rel=\"nofollow noopener\" data-trk=\"{&quot;cta&quot;:{&quot;action&quot;:&quot;https:\\\/\\\/moncompte.actu.fr&quot;,&quot;category&quot;:&quot;mon compte&quot;,&quot;from&quot;:&quot;article footer&quot;,&quot;name&quot;:&quot;Mon actu&quot;,&quot;type&quot;:&quot;cta&quot;}}\" target=\"_blank\">Mon Actu<\/a>.<\/p>\n","protected":false},"excerpt":{"rendered":"Par R\u00e9daction Lyon Publi\u00e9 le 14 juil. 2025 \u00e0 6h10 Les chantiers continuent\u2026 Dans le cadre de l\u2019am\u00e9nagement&hellip;\n","protected":false},"author":2,"featured_media":249010,"comment_status":"","ping_status":"","sticky":false,"template":"","format":"standard","meta":{"footnotes":""},"categories":[1889],"tags":[1111,11,2430,3542,1777,674,1011,27,2428,12,25,104,2086,23308],"class_list":{"0":"post-249009","1":"post","2":"type-post","3":"status-publish","4":"format-standard","5":"has-post-thumbnail","7":"category-lyon","8":"tag-actu","9":"tag-actualites","10":"tag-auvergne-rhone-alpes","11":"tag-circulation","12":"tag-eu","13":"tag-europe","14":"tag-fr","15":"tag-france","16":"tag-lyon","17":"tag-news","18":"tag-republique-francaise","19":"tag-societe","20":"tag-travaux","21":"tag-voies-lyonnaises"},"share_on_mastodon":{"url":"https:\/\/pubeurope.com\/@fr\/114850796903268222","error":""},"_links":{"self":[{"href":"https:\/\/www.europesays.com\/fr\/wp-json\/wp\/v2\/posts\/249009","targetHints":{"allow":["GET"]}}],"collection":[{"href":"https:\/\/www.europesays.com\/fr\/wp-json\/wp\/v2\/posts"}],"about":[{"href":"https:\/\/www.europesays.com\/fr\/wp-json\/wp\/v2\/types\/post"}],"author":[{"embeddable":true,"href":"https:\/\/www.europesays.com\/fr\/wp-json\/wp\/v2\/users\/2"}],"replies":[{"embeddable":true,"href":"https:\/\/www.europesays.com\/fr\/wp-json\/wp\/v2\/comments?post=249009"}],"version-history":[{"count":0,"href":"https:\/\/www.europesays.com\/fr\/wp-json\/wp\/v2\/posts\/249009\/revisions"}],"wp:featuredmedia":[{"embeddable":true,"href":"https:\/\/www.europesays.com\/fr\/wp-json\/wp\/v2\/media\/249010"}],"wp:attachment":[{"href":"https:\/\/www.europesays.com\/fr\/wp-json\/wp\/v2\/media?parent=249009"}],"wp:term":[{"taxonomy":"category","embeddable":true,"href":"https:\/\/www.europesays.com\/fr\/wp-json\/wp\/v2\/categories?post=249009"},{"taxonomy":"post_tag","embeddable":true,"href":"https:\/\/www.europesays.com\/fr\/wp-json\/wp\/v2\/tags?post=249009"}],"curies":[{"name":"wp","href":"https:\/\/api.w.org\/{rel}","templated":true}]}}