{"id":249025,"date":"2025-07-14T09:15:12","date_gmt":"2025-07-14T09:15:12","guid":{"rendered":"https:\/\/www.europesays.com\/fr\/249025\/"},"modified":"2025-07-14T09:15:12","modified_gmt":"2025-07-14T09:15:12","slug":"a-kyiv-le-plus-grand-festival-de-musique-dukraine-fait-de-la-resistance-liberation","status":"publish","type":"post","link":"https:\/\/www.europesays.com\/fr\/249025\/","title":{"rendered":"\u00e0 Kyiv, le plus grand festival de musique d\u2019Ukraine fait de la r\u00e9sistance \u2013 Lib\u00e9ration"},"content":{"rendered":"<p class=\"sc-ksZaOG ehjQrN text-element\">Vlad Yaremchuk a le sourire de ceux qui savent. \u00abC\u2019est parfois amusant d\u2019entendre nos confr\u00e8res \u00e0 l\u2019\u00e9tranger se plaindre <a href=\"https:\/\/www.liberation.fr\/culture\/guerre-a-gaza-de-field-day-a-sonar-des-grands-festivals-de-musique-enlises-dans-des-conflits-de-valeurs-20250605_AUTV7QN5NRHODB2YQ5SNTLD43I\/\" target=\"_blank\" rel=\"noreferrer nofollow noopener\" title=\"https:\/\/www.liberation.fr\/culture\/guerre-a-gaza-de-field-day-a-sonar-des-grands-festivals-de-musique-enlises-dans-des-conflits-de-valeurs-20250605_AUTV7QN5NRHODB2YQ5SNTLD43I\/\">de l\u2019\u00e9conomie post-Covid des festivals<\/a>, du mauvais temps qui menace la fr\u00e9quentation de leur \u00e9v\u00e9nement\u2026 Je les comprends, ce sont des pr\u00e9occupations normales. Mais nous vivons dans un monde totalement diff\u00e9rent.\u00bb Son festival a lui se d\u00e9roule \u00e0 Kyiv, et quelques jours avant cet entretien vid\u00e9o \u00e0 distance, l\u2019arm\u00e9e russe a fait pleuvoir ses missiles sur la capitale ukrainienne <a href=\"https:\/\/www.liberation.fr\/international\/europe\/guerre-en-ukraine-au-moins-sept-morts-dans-des-bombardements-massifs-russes-sur-kyiv-20250623_KZUH4KCAZ5AR5DEA2DI5HDTGKE\/\" target=\"_blank\" rel=\"noreferrer nofollow noopener\" title=\"https:\/\/www.liberation.fr\/international\/europe\/guerre-en-ukraine-au-moins-sept-morts-dans-des-bombardements-massifs-russes-sur-kyiv-20250623_KZUH4KCAZ5AR5DEA2DI5HDTGKE\/\">dans une attaque nocturne massive<\/a>, tuant au moins sept personnes. Il en faut pourtant bien plus pour remettre en question la tenue de l\u2019Atlas Festival, qui doit r\u00e9unir environ 25 00<\/p>\n","protected":false},"excerpt":{"rendered":"Vlad Yaremchuk a le sourire de ceux qui savent. \u00abC\u2019est parfois amusant d\u2019entendre nos confr\u00e8res \u00e0 l\u2019\u00e9tranger se&hellip;\n","protected":false},"author":2,"featured_media":249026,"comment_status":"","ping_status":"","sticky":false,"template":"","format":"standard","meta":{"footnotes":""},"categories":[1590],"tags":[11,1777,674,12,220,297],"class_list":{"0":"post-249025","1":"post","2":"type-post","3":"status-publish","4":"format-standard","5":"has-post-thumbnail","7":"category-ukraine","8":"tag-actualites","9":"tag-eu","10":"tag-europe","11":"tag-news","12":"tag-ukraine","13":"tag-ukraine-la-crise"},"share_on_mastodon":{"url":"https:\/\/pubeurope.com\/@fr\/114850832519828833","error":""},"_links":{"self":[{"href":"https:\/\/www.europesays.com\/fr\/wp-json\/wp\/v2\/posts\/249025","targetHints":{"allow":["GET"]}}],"collection":[{"href":"https:\/\/www.europesays.com\/fr\/wp-json\/wp\/v2\/posts"}],"about":[{"href":"https:\/\/www.europesays.com\/fr\/wp-json\/wp\/v2\/types\/post"}],"author":[{"embeddable":true,"href":"https:\/\/www.europesays.com\/fr\/wp-json\/wp\/v2\/users\/2"}],"replies":[{"embeddable":true,"href":"https:\/\/www.europesays.com\/fr\/wp-json\/wp\/v2\/comments?post=249025"}],"version-history":[{"count":0,"href":"https:\/\/www.europesays.com\/fr\/wp-json\/wp\/v2\/posts\/249025\/revisions"}],"wp:featuredmedia":[{"embeddable":true,"href":"https:\/\/www.europesays.com\/fr\/wp-json\/wp\/v2\/media\/249026"}],"wp:attachment":[{"href":"https:\/\/www.europesays.com\/fr\/wp-json\/wp\/v2\/media?parent=249025"}],"wp:term":[{"taxonomy":"category","embeddable":true,"href":"https:\/\/www.europesays.com\/fr\/wp-json\/wp\/v2\/categories?post=249025"},{"taxonomy":"post_tag","embeddable":true,"href":"https:\/\/www.europesays.com\/fr\/wp-json\/wp\/v2\/tags?post=249025"}],"curies":[{"name":"wp","href":"https:\/\/api.w.org\/{rel}","templated":true}]}}