{"id":249035,"date":"2025-07-14T09:20:10","date_gmt":"2025-07-14T09:20:10","guid":{"rendered":"https:\/\/www.europesays.com\/fr\/249035\/"},"modified":"2025-07-14T09:20:10","modified_gmt":"2025-07-14T09:20:10","slug":"lue-face-a-la-menace-des-tarifs-douaniers-de-trump-le-commerce-transatlantique-peut-il-etre-sauve","status":"publish","type":"post","link":"https:\/\/www.europesays.com\/fr\/249035\/","title":{"rendered":"L&rsquo;UE face \u00e0 la menace des tarifs douaniers de Trump : le commerce transatlantique peut-il \u00eatre sauv\u00e9 ?"},"content":{"rendered":"<p>                    <img decoding=\"async\" style=\"aspect-ratio:16\/9\" src=\"https:\/\/www.europesays.com\/fr\/wp-content\/uploads\/2025\/07\/Donald-Trump-4.webp\" width=\"100%\" loading=\"eager\"\/><\/p>\n<p>                            <a href=\"https:\/\/fr.businessam.be\/author\/redactie\/\" class=\"author-thumbnail\" style=\"border: 2px inset #00000099;\" rel=\"nofollow noopener\" target=\"_blank\"><img loading=\"lazy\" decoding=\"async\" src=\"https:\/\/www.europesays.com\/fr\/wp-content\/uploads\/2025\/07\/1752484810_50_cropped-favicon-192x192.png\" width=\"80\" height=\"80\" alt=\"Business AM\"\/><\/a>\ue05bpar <a href=\"https:\/\/fr.businessam.be\/author\/redactie\/\" rel=\"nofollow noopener\" target=\"_blank\">Business AM<\/a><br \/>\ue010publi\u00e9 le lundi 14 juillet 2025 \u00e0 11:01 \u2022 <br \/>\ue00c3 min de lecture<\/p>\n<p>Principaux renseingnements<\/p>\n<ul class=\"wp-block-list\">\n<li><strong>Le pr\u00e9sident Trump menace d\u2019imposer des droits de douane de 30 pour cent sur les importations de l\u2019UE.<\/strong><\/li>\n<li><strong>Les fonctionnaires de l\u2019UE cherchent une solution n\u00e9goci\u00e9e avant le 1er ao\u00fbt.<\/strong><\/li>\n<li><strong>Certains membres de l\u2019UE font face \u00e0 des pressions internes pour une r\u00e9ponse plus forte.<\/strong><\/li>\n<\/ul>\n<p>L\u2019annonce par le pr\u00e9sident Trump de <a href=\"https:\/\/fr.businessam.be\/trump-impose-des-droits-de-douane-30-pour-cent-produits-ue-mexique\/#:~:text=Le%20pr%C3%A9sident%20Trump%20a%20annonc%C3%A9,et%20menace%20le%20commerce%20mondial.\" rel=\"nofollow noopener\" target=\"_blank\">droits de douane de 30 pour cent<\/a> sur les importations en provenance de l\u2019Union europ\u00e9enne et du Mexique \u00e0 partir du 1er ao\u00fbt a suscit\u00e9 un d\u00e9bat sur l\u2019avenir des relations commerciales transatlantiques. Les fonctionnaires de l\u2019UE, sous la direction d\u2019Ursula von der Leyen, restent d\u00e9termin\u00e9s \u00e0 trouver une solution n\u00e9goci\u00e9e. Ils mettent \u00e0 profit la p\u00e9riode pr\u00e9c\u00e9dant le 1er ao\u00fbt pour poursuivre cet objectif.<\/p>\n<p>Alors que l\u2019UE avait d\u00e9j\u00e0 suspendu ses mesures de r\u00e9torsion contre les droits de douane am\u00e9ricains sur l\u2019acier et l\u2019aluminium. Cette d\u00e9cision \u00e9tait cens\u00e9e ouvrir la voie \u00e0 des n\u00e9gociations plus larges avec Trump. Toutefois, cette nouvelle menace ravive les craintes d\u2019une guerre commerciale. La pression int\u00e9rieure dans les \u00c9tats membres s\u2019accro\u00eet, certains remettant en question l\u2019approche conciliante de l\u2019UE.<\/p>\n<p>Le point de vue italien<\/p>\n<p>Le premier ministre italien, Giorgia Meloni, s\u2019est dit pr\u00e9occup\u00e9 par les cons\u00e9quences possibles d\u2019un conflit commercial avec les \u00c9tats-Unis. Elle a soulign\u00e9 la n\u00e9cessit\u00e9 d\u2019un accord juste et \u00e9quilibr\u00e9. Meloni a r\u00e9it\u00e9r\u00e9 la d\u00e9termination de l\u2019Italie \u00e0 d\u00e9fendre les int\u00e9r\u00eats de l\u2019Europe tout en reconnaissant les d\u00e9fis pos\u00e9s par les tarifs douaniers de Trump. Les partis d\u2019opposition italiens ont critiqu\u00e9 la mani\u00e8re dont Meloni a g\u00e9r\u00e9 la situation. Ils l\u2019ont accus\u00e9e d\u2019\u00eatre trop soumise aux exigences am\u00e9ricaines.<\/p>\n<p>L\u2019Allemagne soutient la pression sur la Commission<\/p>\n<p>Le chancelier allemand Friedrich Merz s\u2019est fait l\u2019\u00e9cho des pr\u00e9occupations concernant l\u2019impact potentiel des droits de douane sur l\u2019\u00e9conomie de l\u2019UE, en particulier sur les exportateurs. Il a soutenu l\u2019appel du pr\u00e9sident fran\u00e7ais Emmanuel Macron pour que la Commission europ\u00e9enne pr\u00e9pare des contre-mesures cr\u00e9dibles si un accord n\u2019est pas conclu d\u2019ici le 1er ao\u00fbt.<\/p>\n<p>L\u2019\u00e9ch\u00e9ance \u00e9tant proche, les semaines \u00e0 venir s\u2019annoncent cruciales. Le succ\u00e8s des n\u00e9gociations d\u00e9pend de la capacit\u00e9 \u00e0 trouver un terrain d\u2019entente et \u00e0 r\u00e9soudre les tensions structurelles qui sous-tendent ce diff\u00e9rend commercial.<\/p>\n<p><a href=\"https:\/\/portalfr.businessam.be\/plans\/business-am-fr-offre-dete\/\" target=\"_blank\" rel=\"noreferrer noopener nofollow\">Si vous souhaitez acc\u00e9der \u00e0 tous les articles, abonnez-vous ici!<\/a><\/p>\n","protected":false},"excerpt":{"rendered":"\ue05bpar Business AM\ue010publi\u00e9 le lundi 14 juillet 2025 \u00e0 11:01 \u2022 \ue00c3 min de lecture Principaux renseingnements Le&hellip;\n","protected":false},"author":2,"featured_media":36983,"comment_status":"","ping_status":"","sticky":false,"template":"","format":"standard","meta":{"footnotes":""},"categories":[1586],"tags":[11,215,2388,18087,1777,674,1779,1011,27,12,25,467,1778,364],"class_list":{"0":"post-249035","1":"post","2":"type-post","3":"status-publish","4":"format-standard","5":"has-post-thumbnail","7":"category-europe","8":"tag-actualites","9":"tag-commerce","10":"tag-droits-de-douane","11":"tag-etranger","12":"tag-eu","13":"tag-europe","14":"tag-european-union","15":"tag-fr","16":"tag-france","17":"tag-news","18":"tag-republique-francaise","19":"tag-trump","20":"tag-ue","21":"tag-union-europeenne"},"share_on_mastodon":{"url":"https:\/\/pubeurope.com\/@fr\/114850852057809898","error":""},"_links":{"self":[{"href":"https:\/\/www.europesays.com\/fr\/wp-json\/wp\/v2\/posts\/249035","targetHints":{"allow":["GET"]}}],"collection":[{"href":"https:\/\/www.europesays.com\/fr\/wp-json\/wp\/v2\/posts"}],"about":[{"href":"https:\/\/www.europesays.com\/fr\/wp-json\/wp\/v2\/types\/post"}],"author":[{"embeddable":true,"href":"https:\/\/www.europesays.com\/fr\/wp-json\/wp\/v2\/users\/2"}],"replies":[{"embeddable":true,"href":"https:\/\/www.europesays.com\/fr\/wp-json\/wp\/v2\/comments?post=249035"}],"version-history":[{"count":0,"href":"https:\/\/www.europesays.com\/fr\/wp-json\/wp\/v2\/posts\/249035\/revisions"}],"wp:featuredmedia":[{"embeddable":true,"href":"https:\/\/www.europesays.com\/fr\/wp-json\/wp\/v2\/media\/36983"}],"wp:attachment":[{"href":"https:\/\/www.europesays.com\/fr\/wp-json\/wp\/v2\/media?parent=249035"}],"wp:term":[{"taxonomy":"category","embeddable":true,"href":"https:\/\/www.europesays.com\/fr\/wp-json\/wp\/v2\/categories?post=249035"},{"taxonomy":"post_tag","embeddable":true,"href":"https:\/\/www.europesays.com\/fr\/wp-json\/wp\/v2\/tags?post=249035"}],"curies":[{"name":"wp","href":"https:\/\/api.w.org\/{rel}","templated":true}]}}