{"id":249044,"date":"2025-07-14T09:26:11","date_gmt":"2025-07-14T09:26:11","guid":{"rendered":"https:\/\/www.europesays.com\/fr\/249044\/"},"modified":"2025-07-14T09:26:11","modified_gmt":"2025-07-14T09:26:11","slug":"tournee-du-xv-de-france-en-nouvelle-zelande-je-comprends-mieux-le-rugby-aujourdhui-jordie-barrett-a-change-de-dimension-en-europe","status":"publish","type":"post","link":"https:\/\/www.europesays.com\/fr\/249044\/","title":{"rendered":"Tourn\u00e9e du XV de France en Nouvelle-Z\u00e9lande &#8211; \u00ab\u00a0Je comprends mieux le rugby, aujourd\u2019hui\u00a0\u00bb : Jordie Barrett a chang\u00e9 de dimension en Europe"},"content":{"rendered":"<p>\n                \u00c0 28 ans, le N\u00e9o-Z\u00e9landais Jordie Barrett (68 s\u00e9lections) est l\u2019un des meilleurs premiers trois-quarts centres de la plan\u00e8te ovale. Le doit-il en partie \u00e0 sa r\u00e9cente escapade europ\u00e9enne ?\n            <\/p>\n<p>Autrefois, les All Blacks redoutaient l\u2019exil, craignant que le Vieux Continent n\u2019efface leur rugby comme une pluie fine d\u00e9lave l\u2019encre. L\u2019Europe \u00e9tait vue comme une terre de fin de carri\u00e8re, une fa\u00e7on comme une autre d\u2019assurer ses vieux jours. Mais les temps ont chang\u00e9 et au fil des ans, le Top 14 ou la Champions Cup sont devenus des temples d\u2019exigence. Leicester Fainga\u2019anuku, Jordie Barrett, bient\u00f4t Rieko Ioane : d\u00e9sormais, les ma\u00eetres d\u2019hier viennent apprendre chez nous. Et les All Blacks d\u00e9couvrent qu\u2019eux aussi, parfois, peuvent encore grandir\u2026<\/p>\n<p>Concernant Jordie Barrett, ce r\u00e9cent d\u00e9tour par l\u2019Irlande fut aussi un retour aux sources. Il a fait l\u00e0-bas ce que peu, voire aucun All Black n\u2019avait tent\u00e9 avant lui : une pige de six mois au Leinster, en plein c\u0153ur de sa carri\u00e8re. \u00c0 ce sujet, il racontait cette semaine, sur le podcast Newstalk ZB : \u00ab\u00a0Dan Carter \u00e9tait bien all\u00e9 \u00e0 Perpignan en 2008, soit au beau milieu de sa carri\u00e8re internationale. Mais personne n\u2019avait encore explor\u00e9 l\u2019Irlande. Je suis donc content de l\u2019avoir fait.\u00a0\u00bb Ce passage express dans la province de Dublin a enrichi bien plus que son seul rugby. Il a retiss\u00e9 un fil familial, lointain et pourtant vivace.<\/p>\n<p>Car l\u2019Irlande n\u2019est pas un pays \u00e9tranger dans le c\u0153ur des Barrett. Elle fut, au d\u00e9but des ann\u00e9es 2000, une parenth\u00e8se g\u00e9ographique et affective de plus d\u2019un an pour cette incomparable fratrie de rugbymen dont l\u2019arbre g\u00e9n\u00e9alogique pousse, depuis lors, sur deux continents. Le p\u00e8re, Kevin \u00ab\u00a0Smiley\u00a0\u00bb Barrett, fermier et rugbyman, s\u2019\u00e9tait \u00e9tabli dans le comt\u00e9 de Meath, \u00e0 Oldcastle. La m\u00e8re, Robyn, est quant \u00e0 elle d\u2019origine irlandaise. C\u2019est elle qui, apr\u00e8s avoir enfant\u00e9 d\u2019une des trois filles du clan Barrett (Jenna), impulsa d\u2019ailleurs le grand d\u00e9part vers l\u2019Europe. Jordie et ses fr\u00e8res &#8211; Beauden, Kane, Blake et Scott &#8211; ont donc tous couru dans les champs de l\u2019Eire, \u00e9tudi\u00e9 \u00e0 l\u2019\u00e9cole de Ballinacree et jou\u00e9 au football ga\u00e9lique, au club de St Brigid\u2019s.<\/p>\n<p>\u00ab\u00a0\u00c0 La Rochelle dans un stade plein \u00e0 craquer\u00a0\u00bb<\/p>\n<p>Pour Jordie, cette parenth\u00e8se au Leinster eut donc la force des retrouvailles. \u00ab\u00a0Avoir l\u2019occasion de retrouver l\u00e0-bas des membres de la famille, des amis et des liens tiss\u00e9s il y a vingt ans, c\u2019\u00e9tait vraiment g\u00e9nial.\u00a0\u00bb Au micro, l\u2019homme parle avec une pudeur toute n\u00e9o-z\u00e9landaise mais dans les faits, l\u2019Irlande a offert au trois-quarts centre des All Blacks bien plus qu\u2019une nouvelle ligne sur le CV : elle lui a offert un miroir. Dans le tumulte du calendrier europ\u00e9en, il a d\u00e9couvert l\u2019exigence d\u2019un autre tempo, d\u2019un autre rugby. \u00ab\u00a0J\u2019ai v\u00e9cu des choses incroyables, l\u00e0-bas : un samedi, on allait \u00e0 La Rochelle dans un stade plein \u00e0 craquer et par un froid terrible ; la semaine d\u2019apr\u00e8s, on \u00e9tait \u00e0 Pretoria, toujours pour la Champions Cup, et il faisait 30\u00b0C ; on revenait chez nous et dans la foul\u00e9e, nous attendait un derby irlandais contre le Munster. C\u2019\u00e9tait intense, c\u2019\u00e9tait un vrai marathon mais c\u2019\u00e9tait vraiment merveilleux. Nous devions en permanence nous adapter \u00e0 diff\u00e9rentes \u00e9quipes mais aussi \u00e0 diff\u00e9rents climats et diff\u00e9rentes fa\u00e7ons d\u2019arbitrer.\u00a0\u00bb<\/p>\n<p>\u00ab\u00a0Je comprends mieux le rugby, aujourd\u2019hui\u00a0\u00bb<\/p>\n<p>\u00c0 ses yeux, chaque match \u00e9tait un monde, chaque d\u00e9placement une \u00e9preuve, chaque contexte un d\u00e9fi. Il y a appris la vari\u00e9t\u00e9, la densit\u00e9 du rugby europ\u00e9en. Et quelque chose de plus subtil encore. \u00ab\u00a0Un rugbyman doit \u00eatre comme un livre ouvert. Quand j\u2019\u00e9tais gamin, je ne voulais jouer qu\u2019\u00e0 un seul poste, celui d\u2019arri\u00e8re. Au fil de ma carri\u00e8re, j\u2019ai pourtant tour \u00e0 tour \u00e9volu\u00e9 au centre, \u00e0 l\u2019aile, en num\u00e9ro 15 et m\u00eame \u00e0 l\u2019ouverture. Aujourd\u2019hui, tout \u00e7a me sert \u00e9norm\u00e9ment : en tant que premier centre, je connais les besoins du triangle du fond comme ceux de mon ouvreur. Je sais ce qu\u2019ils attendent de moi.\u00a0\u00bb<\/p>\n<p>Ces derniers mois, Jordie a donc ouvert ses \u00e9coutilles. D\u2019Irlande, il est revenu plus fort, plus complet. \u00ab\u00a0Je comprends mieux le rugby aujourd\u2019hui, c\u2019est ind\u00e9niable.\u00a0\u00bb Scott Robertson, son s\u00e9lectionneur chez les All Blacks, n\u2019a d\u2019ailleurs pas manqu\u00e9 de saluer cette mue. \u00ab\u00a0Depuis le d\u00e9but de la tourn\u00e9e, Jordie est comme un entra\u00eeneur-joueur pour nous. Il a l\u2019\u0153il partout.\u00a0\u00bb Chez le \u00ab\u00a0petit\u00a0\u00bb Barrett, le regard a chang\u00e9. Jordie est devenu plus qu\u2019un centre, il incarne d\u00e9sormais un trait d\u2019union. Entre deux styles de rugby. Entre deux h\u00e9misph\u00e8res.<\/p>\n","protected":false},"excerpt":{"rendered":"\u00c0 28 ans, le N\u00e9o-Z\u00e9landais Jordie Barrett (68 s\u00e9lections) est l\u2019un des meilleurs premiers trois-quarts centres de la&hellip;\n","protected":false},"author":2,"featured_media":249045,"comment_status":"","ping_status":"","sticky":false,"template":"","format":"standard","meta":{"footnotes":""},"categories":[1416],"tags":[1011,27,479,1468,60],"class_list":{"0":"post-249044","1":"post","2":"type-post","3":"status-publish","4":"format-standard","5":"has-post-thumbnail","7":"category-rugby","8":"tag-fr","9":"tag-france","10":"tag-rugby","11":"tag-rugby-football","12":"tag-sports"},"share_on_mastodon":{"url":"https:\/\/pubeurope.com\/@fr\/114850875551051997","error":""},"_links":{"self":[{"href":"https:\/\/www.europesays.com\/fr\/wp-json\/wp\/v2\/posts\/249044","targetHints":{"allow":["GET"]}}],"collection":[{"href":"https:\/\/www.europesays.com\/fr\/wp-json\/wp\/v2\/posts"}],"about":[{"href":"https:\/\/www.europesays.com\/fr\/wp-json\/wp\/v2\/types\/post"}],"author":[{"embeddable":true,"href":"https:\/\/www.europesays.com\/fr\/wp-json\/wp\/v2\/users\/2"}],"replies":[{"embeddable":true,"href":"https:\/\/www.europesays.com\/fr\/wp-json\/wp\/v2\/comments?post=249044"}],"version-history":[{"count":0,"href":"https:\/\/www.europesays.com\/fr\/wp-json\/wp\/v2\/posts\/249044\/revisions"}],"wp:featuredmedia":[{"embeddable":true,"href":"https:\/\/www.europesays.com\/fr\/wp-json\/wp\/v2\/media\/249045"}],"wp:attachment":[{"href":"https:\/\/www.europesays.com\/fr\/wp-json\/wp\/v2\/media?parent=249044"}],"wp:term":[{"taxonomy":"category","embeddable":true,"href":"https:\/\/www.europesays.com\/fr\/wp-json\/wp\/v2\/categories?post=249044"},{"taxonomy":"post_tag","embeddable":true,"href":"https:\/\/www.europesays.com\/fr\/wp-json\/wp\/v2\/tags?post=249044"}],"curies":[{"name":"wp","href":"https:\/\/api.w.org\/{rel}","templated":true}]}}