{"id":249048,"date":"2025-07-14T09:29:11","date_gmt":"2025-07-14T09:29:11","guid":{"rendered":"https:\/\/www.europesays.com\/fr\/249048\/"},"modified":"2025-07-14T09:29:11","modified_gmt":"2025-07-14T09:29:11","slug":"une-aide-totalement-inattendue-pour-alex-marquez-concernant-sa-2e-place-au-terme-de-la-course","status":"publish","type":"post","link":"https:\/\/www.europesays.com\/fr\/249048\/","title":{"rendered":"une aide totalement inattendue pour \u00c1lex M\u00e1rquez concernant sa 2e place au terme de la course ?"},"content":{"rendered":"<p>\u00c1lex M\u00e1rquez a frapp\u00e9 fort hier sur le Grand Prix d&rsquo;Allemagne en prenant la deuxi\u00e8me place derri\u00e8re son fr\u00e8re Marc. Moins de trois semaines apr\u00e8s sa fracture de la main suite au Grand Prix d&rsquo;Assen durant lequel il avait chut\u00e9, l&rsquo;Espagnol a r\u00e9ussi \u00e0 terminer une nouvelle fois derri\u00e8re son grand fr\u00e8re. Mais cette fois-ci, cette deuxi\u00e8me place \u00e0 un sacr\u00e9 go\u00fbt de victoire au vu de sa blessure \u00e0 la main.<\/p>\n<p>Et c&rsquo;est d&rsquo;ailleurs peut-\u00eatre cette blessure qui a aid\u00e9 \u00c1lex M\u00e1rquez \u00e0 ne pas tomber hier, lui qui a vu les chutes de beaucoup de ses concurrents et avoue en avoir profit\u00e9 pour remonter jusqu&rsquo;\u00e0 la deuxi\u00e8me place. Mais il estime que cette blessure \u00e0 la main l&rsquo;a peut-\u00eatre aid\u00e9 \u00e0 ne pas tomber sur le Sachsenring.<\/p>\n<p>\u00c1lex M\u00e1rquez aid\u00e9 par sa fracture \u00e0 la main ?<\/p>\n<p>\u00ab\u00a0Je suis super content. C&rsquo;\u00e9tait une journ\u00e9e importante. Quand j&rsquo;ai vu que c&rsquo;\u00e9tait sec, je me suis dit que c&rsquo;\u00e9tait mieux parce qu&rsquo;hier, sous la pluie, j&rsquo;avais eu un peu de mal, je pensais trop \u00e0 ne pas tomber et \u00e0 ne pas faire d&rsquo;erreur. Aujourd&rsquo;hui, j&rsquo;ai mieux pilot\u00e9. Apr\u00e8s ce qui s&rsquo;est pass\u00e9 \u00e0 Assen, \u00eatre deuxi\u00e8me ici me donne beaucoup de confiance et me motive beaucoup. Honn\u00eatement, ma blessure m&rsquo;a peut-\u00eatre aid\u00e9 \u00e0 ne pas tomber, parce que je faisais tr\u00e8s attention \u00e0 ne pas chuter et \u00e0 contr\u00f4ler les limites. Quand on est bless\u00e9, on fait un peu plus attention aux d\u00e9tails. J&rsquo;ai roul\u00e9 de mani\u00e8re moins fluide, en faisant un peu plus attention. \u00c7a m&rsquo;a aid\u00e9. Et quand j&rsquo;ai vu qu&rsquo;ils sont tomb\u00e9s tous les deux, j&rsquo;ai juste essay\u00e9 de garder Pecco [Bagnaia] derri\u00e8re moi parce qu&rsquo;il revenait tr\u00e8s vite. Cette deuxi\u00e8me place a la saveur d&rsquo;une victoire pour moi\u00a0\u00bb, a confi\u00e9 \u00c1lex, pr\u00e9sent malgr\u00e9 une fracture \u00e0 l&rsquo;index \u00e0 Assen fin juin. L&rsquo;Espagnol reste deuxi\u00e8me au classement des pilotes, derri\u00e8re son intouchable grand fr\u00e8re Marc, encore auteur d&rsquo;un fantastique doubl\u00e9 ce week-end. Mais cette deuxi\u00e8me place sur le Sachsenring est une v\u00e9ritable victoire pour le pilote Gresini.<\/p>\n<p>    Partagez cette info avec vos amis et vos proches en cliquant ici  <\/p>\n<p> Podcasts \u00e0 la une MEN LIFE <\/p>\n<p>    Pour r\u00e9sumer<\/p>\n<p>\u00c1lex M\u00e1rquez a frapp\u00e9 fort hier sur le Grand Prix d&rsquo;Allemagne en prenant la deuxi\u00e8me place derri\u00e8re son fr\u00e8re Marc. Moins de trois semaines apr\u00e8s sa fracture de la main suite au Grand Prix d&rsquo;Assen durant lequel il avait chut\u00e9, l&rsquo;Espagnol a r\u00e9ussi \u00e0 terminer une nouvelle fois derri\u00e8re son grand fr\u00e8re.<\/p>\n<p>R\u00e9dacteur<\/p>\n<p><img decoding=\"async\" width=\"76\" height=\"76\" loading=\"lazy\" src=\"https:\/\/www.europesays.com\/fr\/wp-content\/uploads\/2025\/04\/logo-victor-willems.jpg\" alt=\"Victor Willems\"\/><\/p>\n","protected":false},"excerpt":{"rendered":"\u00c1lex M\u00e1rquez a frapp\u00e9 fort hier sur le Grand Prix d&rsquo;Allemagne en prenant la deuxi\u00e8me place derri\u00e8re son&hellip;\n","protected":false},"author":2,"featured_media":249049,"comment_status":"","ping_status":"","sticky":false,"template":"","format":"standard","meta":{"footnotes":""},"categories":[1413],"tags":[1011,27,1457,1456,60],"class_list":{"0":"post-249048","1":"post","2":"type-post","3":"status-publish","4":"format-standard","5":"has-post-thumbnail","7":"category-moto","8":"tag-fr","9":"tag-france","10":"tag-moto","11":"tag-motocycle","12":"tag-sports"},"share_on_mastodon":{"url":"https:\/\/pubeurope.com\/@fr\/114850887493157864","error":""},"_links":{"self":[{"href":"https:\/\/www.europesays.com\/fr\/wp-json\/wp\/v2\/posts\/249048","targetHints":{"allow":["GET"]}}],"collection":[{"href":"https:\/\/www.europesays.com\/fr\/wp-json\/wp\/v2\/posts"}],"about":[{"href":"https:\/\/www.europesays.com\/fr\/wp-json\/wp\/v2\/types\/post"}],"author":[{"embeddable":true,"href":"https:\/\/www.europesays.com\/fr\/wp-json\/wp\/v2\/users\/2"}],"replies":[{"embeddable":true,"href":"https:\/\/www.europesays.com\/fr\/wp-json\/wp\/v2\/comments?post=249048"}],"version-history":[{"count":0,"href":"https:\/\/www.europesays.com\/fr\/wp-json\/wp\/v2\/posts\/249048\/revisions"}],"wp:featuredmedia":[{"embeddable":true,"href":"https:\/\/www.europesays.com\/fr\/wp-json\/wp\/v2\/media\/249049"}],"wp:attachment":[{"href":"https:\/\/www.europesays.com\/fr\/wp-json\/wp\/v2\/media?parent=249048"}],"wp:term":[{"taxonomy":"category","embeddable":true,"href":"https:\/\/www.europesays.com\/fr\/wp-json\/wp\/v2\/categories?post=249048"},{"taxonomy":"post_tag","embeddable":true,"href":"https:\/\/www.europesays.com\/fr\/wp-json\/wp\/v2\/tags?post=249048"}],"curies":[{"name":"wp","href":"https:\/\/api.w.org\/{rel}","templated":true}]}}