{"id":249050,"date":"2025-07-14T09:30:10","date_gmt":"2025-07-14T09:30:10","guid":{"rendered":"https:\/\/www.europesays.com\/fr\/249050\/"},"modified":"2025-07-14T09:30:10","modified_gmt":"2025-07-14T09:30:10","slug":"maverick-vinales-a-ete-opere-et-entame-sa-convalescence","status":"publish","type":"post","link":"https:\/\/www.europesays.com\/fr\/249050\/","title":{"rendered":"Maverick Vi\u00f1ales a \u00e9t\u00e9 op\u00e9r\u00e9 et entame sa convalescence"},"content":{"rendered":"<p><a href=\"https:\/\/fr.motorsport.com\/driver\/maverick-vinales\/96553\/\" target=\"_blank\" rel=\"noopener\">Maverick Vi\u00f1ales<\/a> a \u00e9t\u00e9 op\u00e9r\u00e9 apr\u00e8s sa chute au Sachsenring. Au tout d\u00e9but de la Q2 samedi, le pilote Tech3 est parti en highside au virage 4. Tomb\u00e9 sur l&rsquo;\u00e9paule gauche, il souffrait d&rsquo;une luxation, r\u00e9duite sous anesth\u00e9sie au centre m\u00e9dical, avec une suspicion de fracture qui a \u00e9t\u00e9 confirm\u00e9e par des examens \u00e0 l&rsquo;h\u00f4pital et l&rsquo;a contraint au forfait non seulement pour le reste du GP d&rsquo;Allemagne, mais aussi <a href=\"https:\/\/fr.motorsport.com\/motogp\/news\/maverick-vinales-blessure-forfait-sachsenring-brno\/10741532\/\" target=\"_blank\" rel=\"noopener\">pour Brno en fin de semaine<\/a>.<\/p>\n<p>Dimanche, Vi\u00f1ales a \u00e9t\u00e9 op\u00e9r\u00e9 en Italie et a depuis pu rentrer chez lui. La date de son retour est pour le moment inconnue mais il pourra profiter de la pause estivale, le GP d&rsquo;Autriche \u00e9tant pr\u00e9vu dans plus d&rsquo;un mois, le 17 ao\u00fbt, pour r\u00e9cup\u00e9rer.<\/p>\n<p>\u00ab\u00a0Souffrant d&rsquo;une fracture de l&rsquo;\u00e9paule gauche apr\u00e8s sa chute en Q2 au GP d&rsquo;Allemagne, Maverick Vi\u00f1ales s&rsquo;est rendu en Italie dimanche matin pour \u00eatre op\u00e9r\u00e9 afin d&rsquo;acc\u00e9l\u00e9rer le processus de r\u00e9cup\u00e9ration\u00a0\u00bb, annonce l&rsquo;\u00e9quipe Tech3. \u00ab\u00a0Tout s&rsquo;est bien d\u00e9roul\u00e9 et l&rsquo;Espagnol est maintenant de retour chez lui, pleinement concentr\u00e9 sur sa convalescence.\u00a0\u00bb<\/p>\n<p>\u00ab\u00a0Il va faire tout son possible pour \u00eatre de retour aussi vite que possible avec l&rsquo;\u00e9quipe, mais Maverick manquera le GP de R\u00e9publique tch\u00e8que cette semaine.\u00a0\u00bb<\/p>\n<p>Des blessures en cascade<\/p>\n<p>Les bless\u00e9s \u00e9taient nombreux au GP d&rsquo;Allemagne. <a href=\"https:\/\/fr.motorsport.com\/driver\/jorge-martin\/109391\/\" target=\"_blank\" rel=\"noopener\">Jorge Mart\u00edn<\/a>, sur la touche, et <a href=\"https:\/\/fr.motorsport.com\/driver\/somkiat-chantra\/823104\/\" target=\"_blank\" rel=\"noopener\">Somkiat Chantra<\/a>, bless\u00e9 au genou, n&rsquo;ont pas fait le d\u00e9placement, tout comme <a href=\"https:\/\/fr.motorsport.com\/driver\/enea-bastianini\/109398\/\" target=\"_blank\" rel=\"noopener\">Enea Bastianini<\/a>. Tech3 n&rsquo;a en effet align\u00e9 aucun pilote puisque l&rsquo;Italien, souffrant depuis plusieurs jours, a appris qu&rsquo;il souffrait d&rsquo;une crise d&rsquo;appendicite jeudi. Il a \u00e9vit\u00e9 l&rsquo;op\u00e9ration mais sa pr\u00e9sence en R\u00e9publique tch\u00e8que en fin de semaine n&rsquo;est pas encore certaine.<\/p>\n<p>Pendant qu&rsquo;<a href=\"https:\/\/fr.motorsport.com\/driver\/alex-marquez\/96324\/\" target=\"_blank\" rel=\"noopener\">\u00c1lex M\u00e1rquez<\/a> et <a href=\"https:\/\/fr.motorsport.com\/driver\/luca-marini\/201098\/\" target=\"_blank\" rel=\"noopener\">Luca Marini<\/a> faisaient leur retour apr\u00e8s leurs fractures mais restaient diminu\u00e9s, Vi\u00f1ales s&rsquo;est donc bless\u00e9 samedi et quelques heures plus tard, <a href=\"https:\/\/fr.motorsport.com\/driver\/franco-morbidelli\/109417\/\" target=\"_blank\" rel=\"noopener\">Franco Morbidelli<\/a> a lourdement chut\u00e9 pendant le sprint. <a href=\"https:\/\/fr.motorsport.com\/motogp\/news\/morbidelli-blessure-forfait-gp-allemagne\/10741717\/\" target=\"_blank\" rel=\"noopener\">Souffrant de la clavicule gauche<\/a>, il devait passer des examens compl\u00e9mentaires afin d&rsquo;\u00e9carter toute blessure. Il reste lui aussi incertain pour Brno.<\/p>\n<p>Pour ce week-end, seuls les forfaits de Vi\u00f1ales et de Chantra, qui sera remplac\u00e9 par <a href=\"https:\/\/fr.motorsport.com\/driver\/takaaki-nakagami\/109418\/\" target=\"_blank\" rel=\"noopener\">Takaaki Nakagami<\/a>, sont pour le moment confirm\u00e9s. En attendant d&rsquo;avoir des nouvelles de Bastianini et Morbidelli, Mart\u00edn pr\u00e9pare son tr\u00e8s attendu retour \u00e0 la comp\u00e9tition, apr\u00e8s avoir pilot\u00e9 son Aprilia <a href=\"https:\/\/fr.motorsport.com\/motogp\/news\/martin-retour-reussi-aprilia-confirme-brno\/10740857\/\" target=\"_blank\" rel=\"noopener\">lors d&rsquo;un test la semaine derni\u00e8re \u00e0 Misano<\/a>.<\/p>\n<p>Lire aussi :<\/p>\n<p>Dans cet article<\/p>\n<p>Soyez le premier inform\u00e9 et souscrivez aux alertes mails pour recevoir les infos en temps r\u00e9el<\/p>\n<p>    S&rsquo;abonner aux alertes de news<\/p>\n","protected":false},"excerpt":{"rendered":"Maverick Vi\u00f1ales a \u00e9t\u00e9 op\u00e9r\u00e9 apr\u00e8s sa chute au Sachsenring. Au tout d\u00e9but de la Q2 samedi, le&hellip;\n","protected":false},"author":2,"featured_media":249051,"comment_status":"","ping_status":"","sticky":false,"template":"","format":"standard","meta":{"footnotes":""},"categories":[1412],"tags":[1451,1452,1453,1454,1455,1011,27,36254,5712,1458,36255,60,3374],"class_list":{"0":"post-249050","1":"post","2":"type-post","3":"status-publish","4":"format-standard","5":"has-post-thumbnail","7":"category-f1","8":"tag-f1","9":"tag-formula-1","10":"tag-formula1","11":"tag-formule-1","12":"tag-formule1","13":"tag-fr","14":"tag-france","15":"tag-gp-dallemagne","16":"tag-maverick-viu00f1ales","17":"tag-motogp","18":"tag-sachsenring","19":"tag-sports","20":"tag-tech-3"},"share_on_mastodon":{"url":"https:\/\/pubeurope.com\/@fr\/114850891202584874","error":""},"_links":{"self":[{"href":"https:\/\/www.europesays.com\/fr\/wp-json\/wp\/v2\/posts\/249050","targetHints":{"allow":["GET"]}}],"collection":[{"href":"https:\/\/www.europesays.com\/fr\/wp-json\/wp\/v2\/posts"}],"about":[{"href":"https:\/\/www.europesays.com\/fr\/wp-json\/wp\/v2\/types\/post"}],"author":[{"embeddable":true,"href":"https:\/\/www.europesays.com\/fr\/wp-json\/wp\/v2\/users\/2"}],"replies":[{"embeddable":true,"href":"https:\/\/www.europesays.com\/fr\/wp-json\/wp\/v2\/comments?post=249050"}],"version-history":[{"count":0,"href":"https:\/\/www.europesays.com\/fr\/wp-json\/wp\/v2\/posts\/249050\/revisions"}],"wp:featuredmedia":[{"embeddable":true,"href":"https:\/\/www.europesays.com\/fr\/wp-json\/wp\/v2\/media\/249051"}],"wp:attachment":[{"href":"https:\/\/www.europesays.com\/fr\/wp-json\/wp\/v2\/media?parent=249050"}],"wp:term":[{"taxonomy":"category","embeddable":true,"href":"https:\/\/www.europesays.com\/fr\/wp-json\/wp\/v2\/categories?post=249050"},{"taxonomy":"post_tag","embeddable":true,"href":"https:\/\/www.europesays.com\/fr\/wp-json\/wp\/v2\/tags?post=249050"}],"curies":[{"name":"wp","href":"https:\/\/api.w.org\/{rel}","templated":true}]}}