{"id":249056,"date":"2025-07-14T09:33:11","date_gmt":"2025-07-14T09:33:11","guid":{"rendered":"https:\/\/www.europesays.com\/fr\/249056\/"},"modified":"2025-07-14T09:33:11","modified_gmt":"2025-07-14T09:33:11","slug":"disparition-lanimateur-et-producteur-thierry-ardisson-sest-eteint-a-lage-de-76-ans","status":"publish","type":"post","link":"https:\/\/www.europesays.com\/fr\/249056\/","title":{"rendered":"Disparition. L&rsquo;animateur et producteur Thierry Ardisson s&rsquo;est \u00e9teint \u00e0 l&rsquo;\u00e2ge de 76 ans"},"content":{"rendered":"<p>Le monde de la t\u00e9l\u00e9vision est en deuil. L&rsquo;animateur et producteur Thierry Ardisson est d\u00e9c\u00e9d\u00e9 \u00e0 l&rsquo;\u00e2ge de 76 ans des suites d&rsquo;un cancer du foie, a annonc\u00e9 son \u00e9pouse et ses enfants ce lundi 14 juillet.<\/p>\n<p>\u00ab Thierry est parti comme il a v\u00e9cu. En homme courageux et libre. Avec ses enfants et les miens, nous \u00e9tions unis autour de lui. Jusqu&rsquo;\u00e0 son denier souffle \u00bb, a \u00e9crit sa femme Audrey Crespo-Mara lundi, apr\u00e8s s&rsquo;\u00eatre agac\u00e9e contre un journaliste qui l&rsquo;avait annonc\u00e9 mort dans le week-end.<\/p>\n<p>  Des premi\u00e8res armes dans la publicit\u00e9<\/p>\n<p>N\u00e9 le 6 janvier 1949 \u00e0 Bourganeuf (Creuse), Thierry Ardisson a fait ses armes dans la publicit\u00e9 avec des slogans pass\u00e9s \u00e0 la post\u00e9rit\u00e9, avant de passer sur le petit \u00e9cran.<\/p>\n<p>Il a bouscul\u00e9 le paysage cathodique \u00e0 partir des ann\u00e9es 1980, jusqu&rsquo;\u00e0 s&rsquo;imposer comme l&rsquo;une de ses figures les plus impertinentes, avec ses talk-shows \u00e0 succ\u00e8s en soir\u00e9e.<\/p>\n<p>Le Tout-Paris politique et culturel s&rsquo;est rendu \u00e0 ses \u00e9missions, parmi lesquelles \u00ab Bains de minuit \u00bb, pr\u00e9sent\u00e9e depuis la bo\u00eete de nuit des Bains Douches \u00e0 Paris, \u00ab Lunettes noires pour nuits blanches \u00bb au mythique Palace et \u00ab Rive droite \/ Rive gauche \u00bb, premier magazine culturel TV quotidien en France.<\/p>\n<p>\u00ab Magn\u00e9to, Serge ! \u00bb<\/p>\n<p>Il a \u00e9galement anim\u00e9 \u00ab Tout le monde en parle \u00bb, une hebdomadaire sur France 2 (1998-2006) aux c\u00f4t\u00e9s de son acolyte Laurent Baffie, puis \u00ab Salut les Terriens \u00bb (2006-2018) sur Canal+ puis C8.<\/p>\n<p>Tout de noir v\u00eatu et arm\u00e9 d&rsquo;un \u00e9ternel sourire, l&rsquo;animateur, qui aimait transgresser et d\u00e9sar\u00e7onner ses invit\u00e9s, avait le sens de la formule. Certains rituels, comme ses \u00ab Bonsoirs \u00bb ou \u00ab Magn\u00e9to, Serge ! \u00bb, restent indissociables de son personnage.<\/p>\n<p>En 2020, c&rsquo;est la cons\u00e9cration avec \u00ab Arditube \u00bb, cha\u00eene YouTube lanc\u00e9e par l&rsquo;Institut national de l&rsquo;audiovisuel (INA) et d\u00e9di\u00e9e \u00e0 l&rsquo;impressionnant patrimoine t\u00e9l\u00e9visuel &#8211; 35 \u00e9missions &#8211; d&rsquo;un animateur aux convictions ouvertement royalistes, peu connu pour sa modestie, mais aussi bosseur acharn\u00e9.<\/p>\n<p>  Pas que des amis<\/p>\n<p>Il ne s&rsquo;\u00e9tait pas fait que des amis dans le milieu : pour Bernard Pivot, il \u00e9tait \u00ab tellement m\u00e9galo qu&rsquo;il croit avoir invent\u00e9 la vulgarit\u00e9 \u00e0 la t\u00e9l\u00e9vision \u00bb.<\/p>\n<p>L&rsquo;\u00e9crivaine Christine Angot s&rsquo;\u00e9tait dite humili\u00e9e \u00e0 plusieurs reprises sur le plateau de \u00ab Tout le monde en parle \u00bb, en se souvenant de rires face \u00e0 l&rsquo;inceste qu&rsquo;elle relate dans son oeuvre.<\/p>\n<p>Lors de sa derni\u00e8re apparition \u00e0 la t\u00e9l\u00e9, le 10 mai dans \u00ab Quelle Epoque! \u00bb sur France 2, il avait compar\u00e9 Gaza \u00e0 Auschwitz, ce qui avait fait pol\u00e9mique &#8211; il avait ensuite demand\u00e9 pardon \u00e0 \u00ab ses amis juifs \u00bb. <\/p>\n<p>L&rsquo;homme de t\u00e9l\u00e9 fut aussi patron de presse, \u00e0 la t\u00eate de \u00ab L&rsquo;Ebdo des Savanes \u00bb et du mensuel \u00ab Entrevue \u00bb, avec lequel il a \u00e9t\u00e9 condamn\u00e9 pour des articles racoleurs. Il a aussi fait de la radio, produit des s\u00e9ries et des films.<br \/>Emmanuel Macron lui avait remis la L\u00e9gion d&rsquo;honneur d\u00e9but 2024.<\/p>\n<p>Mari\u00e9 \u00e0 trois reprises, Thierry Ardisson a eu trois enfants avec la musicienne B\u00e9atrice Loustalan. Il partageait la vie de la journaliste et pr\u00e9sentatrice de TF1 Audrey Crespo-Mara, qu&rsquo;il avait \u00e9pous\u00e9e en 2014.<\/p>\n","protected":false},"excerpt":{"rendered":"Le monde de la t\u00e9l\u00e9vision est en deuil. L&rsquo;animateur et producteur Thierry Ardisson est d\u00e9c\u00e9d\u00e9 \u00e0 l&rsquo;\u00e2ge de&hellip;\n","protected":false},"author":2,"featured_media":249057,"comment_status":"","ping_status":"","sticky":false,"template":"","format":"standard","meta":{"footnotes":""},"categories":[1359],"tags":[1687,58,59,107,1011,27,329,1391,973,104,2205],"class_list":{"0":"post-249056","1":"post","2":"type-post","3":"status-publish","4":"format-standard","5":"has-post-thumbnail","7":"category-people","8":"tag-culture-loisirs","9":"tag-divertissement","10":"tag-entertainment","11":"tag-fil-info","12":"tag-fr","13":"tag-france","14":"tag-france-monde","15":"tag-necrologie","16":"tag-people","17":"tag-societe","18":"tag-television-medias"},"share_on_mastodon":{"url":"https:\/\/pubeurope.com\/@fr\/114850903015844054","error":""},"_links":{"self":[{"href":"https:\/\/www.europesays.com\/fr\/wp-json\/wp\/v2\/posts\/249056","targetHints":{"allow":["GET"]}}],"collection":[{"href":"https:\/\/www.europesays.com\/fr\/wp-json\/wp\/v2\/posts"}],"about":[{"href":"https:\/\/www.europesays.com\/fr\/wp-json\/wp\/v2\/types\/post"}],"author":[{"embeddable":true,"href":"https:\/\/www.europesays.com\/fr\/wp-json\/wp\/v2\/users\/2"}],"replies":[{"embeddable":true,"href":"https:\/\/www.europesays.com\/fr\/wp-json\/wp\/v2\/comments?post=249056"}],"version-history":[{"count":0,"href":"https:\/\/www.europesays.com\/fr\/wp-json\/wp\/v2\/posts\/249056\/revisions"}],"wp:featuredmedia":[{"embeddable":true,"href":"https:\/\/www.europesays.com\/fr\/wp-json\/wp\/v2\/media\/249057"}],"wp:attachment":[{"href":"https:\/\/www.europesays.com\/fr\/wp-json\/wp\/v2\/media?parent=249056"}],"wp:term":[{"taxonomy":"category","embeddable":true,"href":"https:\/\/www.europesays.com\/fr\/wp-json\/wp\/v2\/categories?post=249056"},{"taxonomy":"post_tag","embeddable":true,"href":"https:\/\/www.europesays.com\/fr\/wp-json\/wp\/v2\/tags?post=249056"}],"curies":[{"name":"wp","href":"https:\/\/api.w.org\/{rel}","templated":true}]}}