{"id":249068,"date":"2025-07-14T09:40:09","date_gmt":"2025-07-14T09:40:09","guid":{"rendered":"https:\/\/www.europesays.com\/fr\/249068\/"},"modified":"2025-07-14T09:40:09","modified_gmt":"2025-07-14T09:40:09","slug":"wimbledon-mats-wilander-tout-le-monde-ne-peut-pas-jouer-au-tennis-comme-alcaraz-cela-exige-des-capacites-rarissimes-en-revanche-tout-le-monde-peut-tenter-de-jouer-comme-sinner-ce-qui-ne-recla","status":"publish","type":"post","link":"https:\/\/www.europesays.com\/fr\/249068\/","title":{"rendered":"Wimbledon > Mats Wilander : \u00ab\u00a0Tout le monde ne peut pas jouer au tennis comme Alcaraz, cela exige des capacit\u00e9s rarissimes. En revanche, tout le monde peut tenter de jouer comme Sinner, ce qui ne r\u00e9clame pas en soi un talent exceptionnel, mais un investissement total\u00a0\u00bb"},"content":{"rendered":"<p>Dans sa chro\u00adnique pour <strong><a href=\"https:\/\/www.lequipe.fr\/Tennis\/Article\/L-oeil-de-mats-wilander-apres-la-victoire-de-sinner-a-wimbledon-le-tennis-de-jannik-a-cinq-ou-dix-ans-d-avance\/1577922\" data-wpel-link=\"external\" target=\"_blank\" rel=\"nofollow external noopener\">l\u2019Equipe<\/a><\/strong> ce matin, Mats Wilander exprime son admi\u00adra\u00adtion pour le jeu d\u00e9ploy\u00e9 par l\u2019Italien. Un jeu qui doit inspirer les autres cham\u00adpions car il est effi\u00adcace et moderne. Selon le Su\u00e9dois, Jannik a quelques ann\u00e9es d\u2019avance sur la concurrence.<\/p>\n<p><strong>\u00ab\u202fIl montre la voie et va rapi\u00adde\u00adment servir de mod\u00e8le, car tout le monde ne peut pas jouer au tennis comme Alcaraz, cela exige des capa\u00adcit\u00e9s raris\u00adsimes. En revanche, tout le monde peut tenter de jouer comme Sinner, ce qui ne r\u00e9clame pas en soi un talent excep\u00adtionnel, mais un inves\u00adtis\u00adse\u00adment total. Et \u00e7a veut dire que vous devez toujours vous faire confiance, cher\u00adcher \u00e0 vous prendre du temps \u00e0 vous\u2010m\u00eame sur chaque coup, pour en d\u00e9rober aussi \u00e0 l\u2019ad\u00adver\u00adsaire dans la foul\u00e9e. Et \u00e7a ne s\u2019ar\u00adr\u00eate jamais. En plus, alors que la plupart des joueurs mettent surtout de la vitesse dans leur d\u00e9pla\u00adce\u00adment de d\u00e9fense, Jannik, lui, le fait aussi avant ses coups d\u2019at\u00adtaque. Face \u00e0 lui, impos\u00adsible de souf\u00adfler ou d\u2019of\u00adfrir la moindre balle courte, sous peine d\u2019\u00eatre puni\u202f\u00bb<\/strong><\/p>\n<p class=\"post-published-date\" style=\"color: silver; font-size: 75%; text-align: left;\">Publi\u00e9 le lundi 14 juillet 2025 \u00e0 08:40<\/p>\n","protected":false},"excerpt":{"rendered":"Dans sa chro\u00adnique pour l\u2019Equipe ce matin, Mats Wilander exprime son admi\u00adra\u00adtion pour le jeu d\u00e9ploy\u00e9 par l\u2019Italien.&hellip;\n","protected":false},"author":2,"featured_media":249069,"comment_status":"","ping_status":"","sticky":false,"template":"","format":"standard","meta":{"footnotes":""},"categories":[9],"tags":[1744,1011,27,2127,60],"class_list":{"0":"post-249068","1":"post","2":"type-post","3":"status-publish","4":"format-standard","5":"has-post-thumbnail","7":"category-sports","8":"tag-alcaraz","9":"tag-fr","10":"tag-france","11":"tag-sinner","12":"tag-sports"},"share_on_mastodon":{"url":"https:\/\/pubeurope.com\/@fr\/114850930559391495","error":""},"_links":{"self":[{"href":"https:\/\/www.europesays.com\/fr\/wp-json\/wp\/v2\/posts\/249068","targetHints":{"allow":["GET"]}}],"collection":[{"href":"https:\/\/www.europesays.com\/fr\/wp-json\/wp\/v2\/posts"}],"about":[{"href":"https:\/\/www.europesays.com\/fr\/wp-json\/wp\/v2\/types\/post"}],"author":[{"embeddable":true,"href":"https:\/\/www.europesays.com\/fr\/wp-json\/wp\/v2\/users\/2"}],"replies":[{"embeddable":true,"href":"https:\/\/www.europesays.com\/fr\/wp-json\/wp\/v2\/comments?post=249068"}],"version-history":[{"count":0,"href":"https:\/\/www.europesays.com\/fr\/wp-json\/wp\/v2\/posts\/249068\/revisions"}],"wp:featuredmedia":[{"embeddable":true,"href":"https:\/\/www.europesays.com\/fr\/wp-json\/wp\/v2\/media\/249069"}],"wp:attachment":[{"href":"https:\/\/www.europesays.com\/fr\/wp-json\/wp\/v2\/media?parent=249068"}],"wp:term":[{"taxonomy":"category","embeddable":true,"href":"https:\/\/www.europesays.com\/fr\/wp-json\/wp\/v2\/categories?post=249068"},{"taxonomy":"post_tag","embeddable":true,"href":"https:\/\/www.europesays.com\/fr\/wp-json\/wp\/v2\/tags?post=249068"}],"curies":[{"name":"wp","href":"https:\/\/api.w.org\/{rel}","templated":true}]}}