{"id":249080,"date":"2025-07-14T09:47:10","date_gmt":"2025-07-14T09:47:10","guid":{"rendered":"https:\/\/www.europesays.com\/fr\/249080\/"},"modified":"2025-07-14T09:47:10","modified_gmt":"2025-07-14T09:47:10","slug":"en-direct-mort-de-thierry-ardisson-thierry-est-parti-comme-il-a-vecu-annonce-son-epouse-audrey-crespo-mara","status":"publish","type":"post","link":"https:\/\/www.europesays.com\/fr\/249080\/","title":{"rendered":"EN DIRECT &#8211; Mort de Thierry Ardisson : \u00ab\u00a0Thierry est parti comme il a v\u00e9cu\u00a0\u00bb, annonce son \u00e9pouse Audrey Crespo-Mara"},"content":{"rendered":"<p>                L&rsquo;Elys\u00e9e salue un \u00ab\u00a0Homme de paradoxe\u00a0\u00bb<\/p>\n<p>                        Alerte<\/p>\n<p>Le palais pr\u00e9sidentiel a publi\u00e9 un communiqu\u00e9 pour honorer la m\u00e9moire de Thierry Ardisson : <\/p>\n<p>\u00ab\u00a0L\u2019homme en noir nous laisse en deuil. Animateur et producteur de cin\u00e9ma et de t\u00e9l\u00e9vision, Thierry Ardisson imposa pendant des d\u00e9cennies au paysage audiovisuel fran\u00e7ais une voix, une silhouette, un style, un esprit, teint\u00e9 de curiosit\u00e9 et d\u2019irr\u00e9v\u00e9rence.<\/p>\n<p>De la Creuse \u00e0 l\u2019Alg\u00e9rie, sur les plages de sa jeunesse \u00e0 Juan-les-Pins, Thierry Ardisson devint tr\u00e8s vite un assoiff\u00e9 de lumi\u00e8res, un amoureux du monde, d\u2019un monde qu\u2019il voulait vibrant, et sonore, et m\u00e9morable. Il frappait fort, vite, le ton haut, le verbe incisif. L\u2019homme press\u00e9, lanc\u00e9 dans la publicit\u00e9, fondateur en 1978 de l&rsquo;agence Business, inventa le spot publicitaire de huit secondes. \u00ab Lapeyre, y en a pas deux \u00bb, \u00ab Quand c\u2019est trop, c\u2019est Tropico \u00bb : ses slogans marqu\u00e8rent leur temps, signe d\u2019une intelligence qui savait en capter les vibrations profondes, pour mieux le bousculer.<\/p>\n<p>Car il ma\u00eetrisait \u00e0 la perfection le sel du scandale. Grand salonnier cathodique de son si\u00e8cle, il recevait ses invit\u00e9s avec une chaleur qui virait facilement \u00e0 l\u2019incendie, m\u00ealant l\u2019aspic et les fleurs, le rudoiement et l\u2019affection, les confidences et les r\u00e9v\u00e9lations \u00e0 fracas. En 1985, sur TF1, il menait son \u00e9mission \u00ab Descente de police \u00bb avec un trench de d\u00e9tective et une finesse de limier. Puis vient \u00ab Scoop \u00e0 la une \u00bb, \u00ab \u00c0 la folie pas du tout \u00bb, \u00ab Face \u00e0 France \u00bb, anim\u00e9 par Guillaume Durand, avec Catherine Barma. <\/p>\n<p>De 1988 \u00e0 1990, il pr\u00e9senta sur Antenne 2 Lunettes noires pour nuits blanches.  Ses nouveaux formats firent date : \u00ab interview premi\u00e8re fois \u00bb, \u00ab auto-interview \u00bb, \u00ab questions cons \u00bb. En 1991, il pr\u00e9senta sur Antenne 2 l\u2019\u00e9mission \u00ab Double Jeu \u00bb, \u00e9pic\u00e9 par son g\u00e9n\u00e9rique Moulin-rouge, et les saillies provocatrices de Laurent Baffie. Sur France 2, pour les dix \u00e9pisodes d\u2019 \u00ab Ardimat \u00bb, il mena\u00e7a de tuer son chien si l\u2019audimat d\u00e9cro\u00eet. Le peu de succ\u00e8s des Niouzes fut balay\u00e9 par la forte audience avec \u00ab Paris Derni\u00e8re \u00bb, puis de \u00ab Rive droite Rive gauche \u00bb, o\u00f9 intervenaient \u00c9lisabeth Quin pour le cin\u00e9ma, Philippe Tesson pour le th\u00e9\u00e2tre, Fr\u00e9d\u00e9ric Beigbeder pour la litt\u00e9rature, agr\u00e9geant autour de lui une constellation de penseurs irr\u00e9v\u00e9rencieux. Sur TF1 comme sur France 2, Herv\u00e9 Bourge et Pascal Jos\u00e8phe lui accordaient confiance et immunit\u00e9.<br \/>\n<br \/>\u00ab Magn\u00e9to, Serge \u00bb disait-il souvent, recevant pour \u00ab Tout le monde en parle \u00bb sur un m\u00eame plateau Brad Pitt et Edouard Balladur, Iggy Pop et Genevi\u00e8ve de Fontenay, Marylin Manson et Ma\u00eetre Capelo. De 2003 \u00e0 2007, sur Paris Premi\u00e8re, son \u00e9mission \u00ab 93, faubourg Saint-Honor\u00e9 \u00bb recevait toute la France sous le format d\u2019un d\u00eener \u00e0 son domicile. En 2006, il produisit et pr\u00e9senta sur Canal+ \u00ab Salut les Terriens \u00bb, en clair chaque samedi soir. Il y gagna un public fid\u00e8le.<\/p>\n<p>Avec \u00ab H\u00f4tel du temps \u00bb, en 2022, il ressuscita m\u00eame Dalida, Gabin, Coluche, avec l&rsquo;aide de l\u2019intelligence artificielle, mais surtout avec son intelligence humaine. Chacune de ses inventions contribua \u00e0 \u00e9crire l\u2019histoire de la t\u00e9l\u00e9vision fran\u00e7aise, au point que l\u2019Institut national de l&rsquo;audiovisuel lan\u00e7a une cha\u00eene YouTube d\u00e9di\u00e9e \u00e0 ses \u00e9missions, l\u2019INA-Arditube.<\/p>\n<p>Homme de paradoxe, toujours l\u00e0 o\u00f9 on ne l\u2019attendait pas, il cultivait des aspirations monarchistes, s\u2019essayait au roman :  Cinemoi en 1972, La Bible en 1975 et Rive Droite en 1983.<\/p>\n<p>Son dernier livre, L\u2019Homme en noir, paru en mai 2025, le mettait en sc\u00e8ne dans une ultime \u00e9mission o\u00f9 d\u00e9filaient comme en songe tous les personnages de sa vie, vivants et morts, Serge Gainsbourg, Michel Rocard, Lady Di, J\u00e9sus, et m\u00eame, avec son humour de toujours sainte Rita, patronne des causes d\u00e9sesp\u00e9r\u00e9es.<br \/>\n<br \/>Dans cette fresque du jugement dernier o\u00f9 il se peignait d\u00e9j\u00e0, il continuait sa mission d\u2019examen de conscience provoquant et gouailleur des \u00e9minences fran\u00e7aises. Il poursuivra dans nos m\u00e9moires la conversation de tant d\u2019ann\u00e9es.  Le pr\u00e9sident de la R\u00e9publique et son \u00e9pouse adressent leurs condol\u00e9ances \u00e9mues \u00e0 sa famille et \u00e0 ses proches.<\/p>\n<p>    Partager<\/p>\n","protected":false},"excerpt":{"rendered":"L&rsquo;Elys\u00e9e salue un \u00ab\u00a0Homme de paradoxe\u00a0\u00bb Alerte Le palais pr\u00e9sidentiel a publi\u00e9 un communiqu\u00e9 pour honorer la m\u00e9moire&hellip;\n","protected":false},"author":2,"featured_media":249081,"comment_status":"","ping_status":"","sticky":false,"template":"","format":"standard","meta":{"footnotes":""},"categories":[2],"tags":[11,18579,2414,107,1011,27,500,12,252,10058],"class_list":{"0":"post-249080","1":"post","2":"type-post","3":"status-publish","4":"format-standard","5":"has-post-thumbnail","7":"category-actualites","8":"tag-actualites","9":"tag-en-direct","10":"tag-fil-culture","11":"tag-fil-info","12":"tag-fr","13":"tag-france","14":"tag-medias","15":"tag-news","16":"tag-television","17":"tag-thierry-ardisson"},"share_on_mastodon":{"url":"https:\/\/pubeurope.com\/@fr\/114850958077159840","error":""},"_links":{"self":[{"href":"https:\/\/www.europesays.com\/fr\/wp-json\/wp\/v2\/posts\/249080","targetHints":{"allow":["GET"]}}],"collection":[{"href":"https:\/\/www.europesays.com\/fr\/wp-json\/wp\/v2\/posts"}],"about":[{"href":"https:\/\/www.europesays.com\/fr\/wp-json\/wp\/v2\/types\/post"}],"author":[{"embeddable":true,"href":"https:\/\/www.europesays.com\/fr\/wp-json\/wp\/v2\/users\/2"}],"replies":[{"embeddable":true,"href":"https:\/\/www.europesays.com\/fr\/wp-json\/wp\/v2\/comments?post=249080"}],"version-history":[{"count":0,"href":"https:\/\/www.europesays.com\/fr\/wp-json\/wp\/v2\/posts\/249080\/revisions"}],"wp:featuredmedia":[{"embeddable":true,"href":"https:\/\/www.europesays.com\/fr\/wp-json\/wp\/v2\/media\/249081"}],"wp:attachment":[{"href":"https:\/\/www.europesays.com\/fr\/wp-json\/wp\/v2\/media?parent=249080"}],"wp:term":[{"taxonomy":"category","embeddable":true,"href":"https:\/\/www.europesays.com\/fr\/wp-json\/wp\/v2\/categories?post=249080"},{"taxonomy":"post_tag","embeddable":true,"href":"https:\/\/www.europesays.com\/fr\/wp-json\/wp\/v2\/tags?post=249080"}],"curies":[{"name":"wp","href":"https:\/\/api.w.org\/{rel}","templated":true}]}}