{"id":249090,"date":"2025-07-14T09:55:13","date_gmt":"2025-07-14T09:55:13","guid":{"rendered":"https:\/\/www.europesays.com\/fr\/249090\/"},"modified":"2025-07-14T09:55:13","modified_gmt":"2025-07-14T09:55:13","slug":"libre-oceane-deslandes-quitte-montpellier-herault-sport-club","status":"publish","type":"post","link":"https:\/\/www.europesays.com\/fr\/249090\/","title":{"rendered":"Libre, Oce\u0301ane DESLANDES quitte Montpellier Herault Sport Club"},"content":{"rendered":"<p style=\"text-align:justify\">C\u2019est une page qui se tourne avec Montpellier Herault Sport Club. Arriv\u00e9e \u00e0 Montpellier il y\u2019a presque trois ans, Oce\u0301ane DESLANDES quitte d\u00e9j\u00e0 le club. La d\u00e9fenseure fran\u00e7aise a annonc\u00e9 au public sportif\u00a0 \u00e0 travers les r\u00e9seaux sociaux. \u201cC\u2019est le c\u0153ur rempli d&rsquo;\u00e9motions que je vous annonce la fin de mon aventure \u00e0 Montpellier. Ce club n\u2019a pas \u00e9t\u00e9 qu\u2019un simple maillot pour moi : il m\u2019a fait grandir, en tant que footballeuse mais aussi en tant que femme\u201d, a laiss\u00e9 la d\u00e9sormais ex-joueuse de Montpellier.<\/p>\n<p style=\"text-align:justify\">Transf\u00e9r\u00e9e \u00e0 l\u2019\u00e9t\u00e9 2022 \u00e0 MHSC en provenance du Stade de Reims, Oc\u00e9ane Deslandes a vite pris du poids dans les vestiaires et est vite devenue l\u2019un des piliers de la d\u00e9fense du MHSC. Polyvalente sur la pelouse,cette joueuse libre quitte d\u00e9j\u00e0 les Montpelli\u00e9raines.\u00a0<\/p>\n<p style=\"text-align:justify\">\u00a0<\/p>\n<p style=\"text-align:right\">Agb\u00e9m\u00e9gno DAGBOVI<\/p>\n<p style=\"text-align:right\"><strong>Cr\u00e9dit Photo : <\/strong><strong>MHSC<\/strong><\/p>\n<p>                                                                            (function(d, s, id) {<br \/>\n            var js, fjs = d.getElementsByTagName(s)[0];<br \/>\n            if (d.getElementById(id)) return;<br \/>\n            js = d.createElement(s); js.id = id;<br \/>\n            js.src = \u00ab\u00a0\/\/connect.facebook.net\/fr_FR\/sdk.js#xfbml=1&#038;version=v2.8\u00a0\u00bb;<br \/>\n            fjs.parentNode.insertBefore(js, fjs);<br \/>\n        }(document, &lsquo;script&rsquo;, &lsquo;facebook-jssdk&rsquo;));<\/p>\n","protected":false},"excerpt":{"rendered":"C\u2019est une page qui se tourne avec Montpellier Herault Sport Club. Arriv\u00e9e \u00e0 Montpellier il y\u2019a presque trois&hellip;\n","protected":false},"author":2,"featured_media":249091,"comment_status":"","ping_status":"","sticky":false,"template":"","format":"standard","meta":{"footnotes":""},"categories":[9599],"tags":[1111,11,38925,1777,674,1295,63,1011,27,463,2208,12,2680,38924,25],"class_list":{"0":"post-249090","1":"post","2":"type-post","3":"status-publish","4":"format-standard","5":"has-post-thumbnail","7":"category-montpellier","8":"tag-actu","9":"tag-actualites","10":"tag-deslandes","11":"tag-eu","12":"tag-europe","13":"tag-feminin","14":"tag-football","15":"tag-fr","16":"tag-france","17":"tag-mhsc","18":"tag-montpellier","19":"tag-news","20":"tag-occitanie","21":"tag-oceane","22":"tag-republique-francaise"},"share_on_mastodon":{"url":"https:\/\/pubeurope.com\/@fr\/114850989617977813","error":""},"_links":{"self":[{"href":"https:\/\/www.europesays.com\/fr\/wp-json\/wp\/v2\/posts\/249090","targetHints":{"allow":["GET"]}}],"collection":[{"href":"https:\/\/www.europesays.com\/fr\/wp-json\/wp\/v2\/posts"}],"about":[{"href":"https:\/\/www.europesays.com\/fr\/wp-json\/wp\/v2\/types\/post"}],"author":[{"embeddable":true,"href":"https:\/\/www.europesays.com\/fr\/wp-json\/wp\/v2\/users\/2"}],"replies":[{"embeddable":true,"href":"https:\/\/www.europesays.com\/fr\/wp-json\/wp\/v2\/comments?post=249090"}],"version-history":[{"count":0,"href":"https:\/\/www.europesays.com\/fr\/wp-json\/wp\/v2\/posts\/249090\/revisions"}],"wp:featuredmedia":[{"embeddable":true,"href":"https:\/\/www.europesays.com\/fr\/wp-json\/wp\/v2\/media\/249091"}],"wp:attachment":[{"href":"https:\/\/www.europesays.com\/fr\/wp-json\/wp\/v2\/media?parent=249090"}],"wp:term":[{"taxonomy":"category","embeddable":true,"href":"https:\/\/www.europesays.com\/fr\/wp-json\/wp\/v2\/categories?post=249090"},{"taxonomy":"post_tag","embeddable":true,"href":"https:\/\/www.europesays.com\/fr\/wp-json\/wp\/v2\/tags?post=249090"}],"curies":[{"name":"wp","href":"https:\/\/api.w.org\/{rel}","templated":true}]}}