{"id":249125,"date":"2025-07-14T10:17:10","date_gmt":"2025-07-14T10:17:10","guid":{"rendered":"https:\/\/www.europesays.com\/fr\/249125\/"},"modified":"2025-07-14T10:17:10","modified_gmt":"2025-07-14T10:17:10","slug":"elisabeth-tible-la-premiere-femme-aeronaute-au-monde-est-lyonnaise","status":"publish","type":"post","link":"https:\/\/www.europesays.com\/fr\/249125\/","title":{"rendered":"\u00c9lisabeth Tible, la premi\u00e8re femme a\u00e9ronaute au monde est Lyonnaise"},"content":{"rendered":"<p>Le 4\u00a0juin\u00a01784, la plaine des Brotteaux, \u00e0 Lyon, est noire de monde. Ils sont des milliers \u00e0 assister \u00e0 ce qui deviendra une date cl\u00e9 dans l\u2019histoire de l\u2019aviation. Sous les yeux du roi de Su\u00e8de, Gustave III, une montgolfi\u00e8re d\u00e9cor\u00e9e s\u2019appr\u00eate \u00e0 s\u2019\u00e9lever. Baptis\u00e9 La Gustave en l\u2019honneur du monarque, le ballon s\u2019envole, mais c\u2019est la passag\u00e8re qui entre dans la l\u00e9gende. \u00c9lisabeth Tible, Lyonnaise de 27 ans, devient ce jour-l\u00e0 la premi\u00e8re femme de l\u2019histoire \u00e0 effectuer un vol libre en a\u00e9rostat.<\/p>\n<p>L\u2019\u00e9v\u00e9nement est soigneusement orchestr\u00e9 par le comte de Laurencin et le constructeur Fleurant, un peintre v\u00e9nitien passionn\u00e9 par l\u2019a\u00e9rostation. Laurencin, d\u2019abord pressenti pour embarquer, d\u00e9cide de c\u00e9der sa place \u00e0 \u00c9lisabeth. Dans une lettre adress\u00e9e \u00e0 Joseph Montgolfier &#8211; l\u2019un des fr\u00e8res fondateurs de la montgolfi\u00e8re -, il \u00e9crit\u00a0: \u00ab\u00a0Qui, Monsieur, croyez-vous que j\u2019ai c\u00e9d\u00e9 ma place\u00a0? \u00c0 une jeune et jolie femme, \u00e0 Madame Tible, n\u00e9e \u00e0 Lyon [\u2026], qui sans doute a voulu se consoler avec la gloire des torts perfides de l\u2019hymen\u00a0\u00bb ( <a href=\"https:\/\/books.google.fr\/books?id=U2antq2DA6sC&amp;printsec=frontcover&amp;hl=fr#v=onepage&amp;q&amp;f=false\" target=\"_blank\" rel=\"nofollow noopener\">Lettre de Laurencin \u00e0 Montgolfier<\/a><a href=\"https:\/\/books.google.fr\/books?id=U2antq2DA6sC&amp;printsec=frontcover&amp;hl=fr#v=onepage&amp;q&amp;f=false\" target=\"_blank\" rel=\"nofollow noopener\">, 1784<\/a> ).<\/p>\n<p>  \u00ab\u00a0La terre n\u2019existait plus pour nous\u00a0\u00bb<\/p>\n<p>\u00c9lisabeth ne se contente pas de monter \u00e0 bord. Elle orchestre aussi sa mise en sc\u00e8ne. Costum\u00e9e en Minerve, elle porte une robe blanche de taffetas ceintur\u00e9e de soie bleue et un chapeau oriental. Le ballon grimpe \u00e0 une altitude estim\u00e9e \u00e0 1\u00a0500 m\u00e8tres, avant de d\u00e9river au gr\u00e9 des vents au-dessus de La <a href=\"https:\/\/www.leprogres.fr\/p\/la-guillotiere\" target=\"_blank\" rel=\"nofollow noopener\">Guilloti\u00e8re<\/a>, du Rh\u00f4ne, de la Sa\u00f4ne\u2026<\/p>\n<p>Un incident aurait pu tout faire basculer\u00a0: une planche de la nacelle se disloque. \u00c9lisabeth se retrouve suspendue, un pied sur le bord ext\u00e9rieur, agripp\u00e9e au cercle de la galerie. Elle continue pourtant d\u2019alimenter le feu, imperturbable. Dans une lettre publi\u00e9e dans le <a href=\"https:\/\/books.google.fr\/books?id=0zBn0Dkmqa0C&amp;printsec=frontcover&amp;hl=fr#v=onepage&amp;q&amp;f=false\" target=\"_blank\" rel=\"nofollow noopener\">Journal encyclop\u00e9dique<\/a><a href=\"https:\/\/books.google.fr\/books?id=0zBn0Dkmqa0C&amp;printsec=frontcover&amp;hl=fr#v=onepage&amp;q&amp;f=false\" target=\"_blank\" rel=\"nofollow noopener\"> de 1784<\/a> , elle t\u00e9moigne\u00a0: \u00ab\u00a0Tout cela se passa sans frayeur, &amp; j\u2019\u00e9prouvai qu\u2019on n\u2019en conno\u00eet plus aucune quand on a perdu de vue ses ennemis. La terre n\u2019existait plus pour nous\u00a0; des nuages imp\u00e9n\u00e9trables nous en s\u00e9paraient.\u00a0\u00bb<\/p>\n<p>Apr\u00e8s 45 minutes de vol et environ six kilom\u00e8tres parcourus, le ballon entame une descente brutale dans le haut du clos de la Pi\u00e9mente, pr\u00e8s de la mont\u00e9e de Balmont (La Duch\u00e8re, Lyon 9 e ). La toile s\u2019effondre et s\u2019embrase. \u00c9lisabeth se blesse l\u00e9g\u00e8rement en d\u00e9gageant son pied, mais les deux a\u00e9ronautes sortent sains et saufs. Ils sont aussit\u00f4t port\u00e9s en triomphe par la foule jusqu\u2019au centre-ville de Lyon.<\/p>\n<p>  Une h\u00e9ro\u00efne acclam\u00e9e, mais vite oubli\u00e9e<\/p>\n<p>La presse salue son exploit. La <a href=\"https:\/\/www.gazettes18e.fr\/Gazette_Amsterdam_du_25_06_1784\/\" target=\"_blank\" rel=\"nofollow noopener\">Gazette d\u2019Amsterdam<\/a><a href=\"https:\/\/www.gazettes18e.fr\/Gazette_Amsterdam_du_25_06_1784\/\" target=\"_blank\" rel=\"nofollow noopener\"> du 25\u00a0juin\u00a01784<\/a> rapporte\u00a0: \u00ab\u00a0Le sieur Fleurant avoue que la demoiselle Tible, premi\u00e8re de son sexe port\u00e9e sur les ailes des airs, a mis une pr\u00e9cision, une prudence attentive et r\u00e9fl\u00e9chie \u00e0 alimenter le r\u00e9chaud [\u2026]. Le courage et le sang-froid de sa compagne ont fait tout le succ\u00e8s de l\u2019exp\u00e9rience.\u00a0\u00bb<\/p>\n<p>Mais les honneurs restent mesur\u00e9s. L\u2019\u00e9crivain Pierre-Jean-Baptiste Nougaret note qu\u2019\u00ab\u00a0on leur refusa m\u00eame l\u2019entr\u00e9e de la com\u00e9die, dans la crainte que le spectacle ne f\u00fbt interrompu par les acclamations que m\u00e9ritaient leur audace\u00a0\u00bb ( <a href=\"https:\/\/books.google.fr\/books?id=R4th3Dy_cOcC&amp;printsec=frontcover&amp;hl=fr#v=onepage&amp;q&amp;f=false\" target=\"_blank\" rel=\"nofollow noopener\">Spectacle et tableau mouvant de Paris ou Vari\u00e9t\u00e9s amusantes,<\/a><a href=\"https:\/\/books.google.fr\/books?id=R4th3Dy_cOcC&amp;printsec=frontcover&amp;hl=fr#v=onepage&amp;q&amp;f=false\" target=\"_blank\" rel=\"nofollow noopener\"> 1787<\/a> ). M\u00eame si, plus tard dans la soir\u00e9e, le public du th\u00e9\u00e2tre lui d\u00e9cerne une couronne, la reconnaissance de la pionni\u00e8re a\u00e9rienne ne sera jamais totale.\u00a0<\/p>\n<p>En qu\u00eate de gloire, \u00c9lisabeth monte \u00e0 Paris avec Fleurant. Le 1 er \u00a0juillet 1784, l\u2019Acad\u00e9mie royale des sciences leur remet une m\u00e9daille. \u00c9lisabeth devient la deuxi\u00e8me femme \u00e0 recevoir cette distinction depuis la cr\u00e9ation de l\u2019institution. Mais elle ne r\u00e9ussira pas \u00e0 obtenir de nouveaux vols. D\u00e9laiss\u00e9e par l\u2019histoire, elle meurt quelques mois plus tard, le 13\u00a0f\u00e9vrier\u00a01785, \u00e0 l\u2019\u00e2ge de 27 ans.<\/p>\n<p>  \u00ab\u00a0Quelles d\u00e9lices lorsqu\u2019on s\u2019\u00e9l\u00e8ve\u00a0\u00bb<\/p>\n<p>Son r\u00e9cit, adress\u00e9 \u00e0 une amie et publi\u00e9 peu apr\u00e8s, reste l\u2019une des plus belles pages d\u2019\u00e9criture a\u00e9ronautique du XVIII e \u00a0si\u00e8cle. Elle y d\u00e9crit son plaisir d\u2019\u00e9chapper \u00e0 la pesanteur terrestre\u00a0: \u00ab\u00a0Quelle volupt\u00e9, ma ch\u00e8re, quand l\u2019on quitte cette terre que d\u00e9solent l\u2019envie et l\u2019int\u00e9r\u00eat\u00a0! Quelles d\u00e9lices lorsqu\u2019on s\u2019\u00e9l\u00e8ve dans ces r\u00e9gions c\u00e9lestes o\u00f9 r\u00e8gne le silence le plus majestueux, mais aussi la paix la plus parfaite\u00a0!\u00a0\u00bb<\/p>\n<p>Aujourd\u2019hui, seuls quelques passionn\u00e9s se souviennent encore d\u2019\u00c9lisabeth Tible. Une fresque sur le mur de la gare Lyon-Jean-Mac\u00e9 rappelle son exploit.<\/p>\n","protected":false},"excerpt":{"rendered":"Le 4\u00a0juin\u00a01784, la plaine des Brotteaux, \u00e0 Lyon, est noire de monde. Ils sont des milliers \u00e0 assister&hellip;\n","protected":false},"author":2,"featured_media":249126,"comment_status":"","ping_status":"","sticky":false,"template":"","format":"standard","meta":{"footnotes":""},"categories":[1889],"tags":[1111,11,2430,2757,1777,674,1011,27,937,1757,2428,2756,12,25,2429,767,104],"class_list":{"0":"post-249125","1":"post","2":"type-post","3":"status-publish","4":"format-standard","5":"has-post-thumbnail","7":"category-lyon","8":"tag-actu","9":"tag-actualites","10":"tag-auvergne-rhone-alpes","11":"tag-edition-lyon-villeurbanne","12":"tag-eu","13":"tag-europe","14":"tag-fr","15":"tag-france","16":"tag-histoire","17":"tag-insolite","18":"tag-lyon","19":"tag-lyon-bassin","20":"tag-news","21":"tag-republique-francaise","22":"tag-rhone","23":"tag-science-et-technologie","24":"tag-societe"},"share_on_mastodon":{"url":"https:\/\/pubeurope.com\/@fr\/114851076106907772","error":""},"_links":{"self":[{"href":"https:\/\/www.europesays.com\/fr\/wp-json\/wp\/v2\/posts\/249125","targetHints":{"allow":["GET"]}}],"collection":[{"href":"https:\/\/www.europesays.com\/fr\/wp-json\/wp\/v2\/posts"}],"about":[{"href":"https:\/\/www.europesays.com\/fr\/wp-json\/wp\/v2\/types\/post"}],"author":[{"embeddable":true,"href":"https:\/\/www.europesays.com\/fr\/wp-json\/wp\/v2\/users\/2"}],"replies":[{"embeddable":true,"href":"https:\/\/www.europesays.com\/fr\/wp-json\/wp\/v2\/comments?post=249125"}],"version-history":[{"count":0,"href":"https:\/\/www.europesays.com\/fr\/wp-json\/wp\/v2\/posts\/249125\/revisions"}],"wp:featuredmedia":[{"embeddable":true,"href":"https:\/\/www.europesays.com\/fr\/wp-json\/wp\/v2\/media\/249126"}],"wp:attachment":[{"href":"https:\/\/www.europesays.com\/fr\/wp-json\/wp\/v2\/media?parent=249125"}],"wp:term":[{"taxonomy":"category","embeddable":true,"href":"https:\/\/www.europesays.com\/fr\/wp-json\/wp\/v2\/categories?post=249125"},{"taxonomy":"post_tag","embeddable":true,"href":"https:\/\/www.europesays.com\/fr\/wp-json\/wp\/v2\/tags?post=249125"}],"curies":[{"name":"wp","href":"https:\/\/api.w.org\/{rel}","templated":true}]}}