{"id":249127,"date":"2025-07-14T10:18:11","date_gmt":"2025-07-14T10:18:11","guid":{"rendered":"https:\/\/www.europesays.com\/fr\/249127\/"},"modified":"2025-07-14T10:18:11","modified_gmt":"2025-07-14T10:18:11","slug":"fin-de-cavale-pour-un-detenu-qui-setait-evade-cache-dans-un-sac-a-linge-lexpress","status":"publish","type":"post","link":"https:\/\/www.europesays.com\/fr\/249127\/","title":{"rendered":"fin de cavale pour un d\u00e9tenu qui s&rsquo;\u00e9tait \u00e9vad\u00e9 cach\u00e9 dans un sac \u00e0 linge \u2013 L&rsquo;Express"},"content":{"rendered":"<p class=\"paragraph article-body-paragraph article__item   article-body-paragraph--first \">L&rsquo;homme \u00e2g\u00e9 de 20 ans a \u00e9t\u00e9 cueilli vers 06H00 alors qu&rsquo;il sortait d&rsquo;une cave \u00e0 Sathonay-Camp, au nord de Lyon, par les policiers de l&rsquo;Office central de lutte contre le crime organis\u00e9 (OCLCO) et de la Division la criminalit\u00e9 organis\u00e9e du Rh\u00f4ne (DCOS), selon le parquet de Lyon.<\/p>\n<p class=\"paragraph article-body-paragraph article__item   \">Personne n&rsquo;a \u00e9t\u00e9 bless\u00e9 lors de son arrestation, et son cod\u00e9tenu complice n&rsquo;\u00e9tait pas avec lui et n&rsquo;a pas encore \u00e9t\u00e9 interpell\u00e9, a-t-on pr\u00e9cis\u00e9.<\/p>\n<p class=\"paragraph article-body-paragraph article__item   \">Le d\u00e9tenu repris a \u00e9t\u00e9 plac\u00e9 en garde \u00e0 vue pour \u00e9vasion en bande organis\u00e9e et participation \u00e0 une association de malfaiteurs, selon le parquet. <\/p>\n<p class=\"paragraph article-body-paragraph article__item   \">Le jeune homme, natif de Mayotte, \u00e9tait \u00e9crou\u00e9 \u00e0 la maison d&rsquo;arr\u00eat de Lyon-Corbas pour meurtre en bande organis\u00e9e, li\u00e9 \u00e0 la criminalit\u00e9 organis\u00e9e, et infraction \u00e0 la l\u00e9gislation sur les armes,dans le cadre d&rsquo;une information judiciaire ouverte \u00e0 la Juridiction interr\u00e9gionale sp\u00e9cialis\u00e9e (JIRS) de Paris.<\/p>\n<p class=\"paragraph article-body-paragraph article__item   \">Il a pu s&rsquo;\u00e9vader vendredi matin selon un proc\u00e9d\u00e9 extr\u00eamement rare, que nous n&rsquo;avons jamais connu dans cette administration, a comment\u00e9 \u00e0 BFMTV S\u00e9bastien Cauwel, directeur de l&rsquo;administration p\u00e9nitentiaire.<\/p>\n<p class=\"paragraph article-body-paragraph article__item   \">Ils \u00e9taient trois en cellule, l&rsquo;un de ses cocellulaires \u00e9tait lib\u00e9rable vendredi matin et il a profit\u00e9 de la complicit\u00e9 de ce cocellulaire pour se cacher dans un gros sac de linge, et sortir en m\u00eame temps que ce complice, aux yeux et \u00e0 la barbe des surveillants, a-t-il pr\u00e9cis\u00e9.<\/p>\n<p class=\"paragraph article-body-paragraph article__item   \">C&rsquo;est seulement samedi matin que son absence en cellule a \u00e9t\u00e9 constat\u00e9e.<\/p>\n<p> Dysfonctionnements graves <img decoding=\"async\" src=\"https:\/\/www.europesays.com\/fr\/wp-content\/uploads\/2025\/07\/J4EU4KOORFCRLFH52GMZAKVWK4.jpg\" class=\"image-with-legend__cover-img\" alt=\"Le directeur de l'administration p\u00e9nitentiaire S\u00e9bastien Cauwel lors d'une visite de la ministre de la Justice de France au centre p\u00e9nitentiaire de Saint-Maur, pr\u00e8s de Ch\u00e2teauroux, au centre de la France, le 28 f\u00e9vrier 2025\" width=\"883\" height=\"0\" loading=\"lazy\"\/><\/p>\n<p class=\"image-with-legend__legend\">Le directeur de l&rsquo;administration p\u00e9nitentiaire S\u00e9bastien Cauwel lors d&rsquo;une visite de la ministre de la Justice de France au centre p\u00e9nitentiaire de Saint-Maur, pr\u00e8s de Ch\u00e2teauroux, au centre de la France, le 28 f\u00e9vrier 2025<\/p>\n<p class=\"image-with-legend__credits\"> \u00a9  \/ afp.com\/JEAN-FRANCOIS MONIER<\/p>\n<p class=\"paragraph article-body-paragraph article__item   \">Il y a eu manifestement toute une s\u00e9rie de dysfonctionnements graves et inadmissibles, a estim\u00e9 M. Cauwel, pr\u00e9cisant avoir lanc\u00e9 une enqu\u00eate interne et l&rsquo;ouverture d&rsquo;une inspection de l&rsquo;inspection g\u00e9n\u00e9rale de la justice demand\u00e9e par le garde des Sceaux.<\/p>\n<p class=\"paragraph article-body-paragraph article__item   \">L&rsquo;enqu\u00eate interne devra faire toute la lumi\u00e8re sur les circonstances de cette \u00e9vasion et l&rsquo;administration p\u00e9nitentiaire prendra toutes les mesures disciplinaires qui s&rsquo;imposent, avait indiqu\u00e9 samedi l&rsquo;AP.<\/p>\n<p class=\"paragraph article-body-paragraph article__item   \">A la suite de son \u00e9vasion, le d\u00e9tenu, qui mesure 1,70m, avait fait l&rsquo;objet d&rsquo;une notice rouge d&rsquo;Interpol \u00e9mise dimanche. <\/p>\n<p class=\"paragraph article-body-paragraph article__item   \">Selon la fiche, consult\u00e9e par l&rsquo;AFP, le jeune homme est poursuivi notamment dans le cadre de l&rsquo;enqu\u00eate pour meurtre en bande organis\u00e9e concernant Djalal Chaabi. Ce dernier \u00e9tait un trafiquant de drogue abattu de plusieurs balles le 15 janvier aux Ulis (Essonne) par deux tueurs \u00e0 gages, selon le Parisien.<\/p>\n<p class=\"paragraph article-body-paragraph article__item    article__text__endpicto\">La maison d&rsquo;arr\u00eat de Lyon-Corbas, qui dispose de 660 places, dont 60 pour les femmes, a \u00e9t\u00e9 mise en service en 2009. Son taux d&rsquo;occupation actuel est d&rsquo;environ 170% et donc \u00e7a rend les conditions de travail de nos agents plus compliqu\u00e9es, selon M. Cauwel.<\/p>\n","protected":false},"excerpt":{"rendered":"L&rsquo;homme \u00e2g\u00e9 de 20 ans a \u00e9t\u00e9 cueilli vers 06H00 alors qu&rsquo;il sortait d&rsquo;une cave \u00e0 Sathonay-Camp, au&hellip;\n","protected":false},"author":2,"featured_media":249128,"comment_status":"","ping_status":"","sticky":false,"template":"","format":"standard","meta":{"footnotes":""},"categories":[1889],"tags":[1111,11,10944,2430,1777,674,1011,27,2428,12,25],"class_list":{"0":"post-249127","1":"post","2":"type-post","3":"status-publish","4":"format-standard","5":"has-post-thumbnail","7":"category-lyon","8":"tag-actu","9":"tag-actualites","10":"tag-archives","11":"tag-auvergne-rhone-alpes","12":"tag-eu","13":"tag-europe","14":"tag-fr","15":"tag-france","16":"tag-lyon","17":"tag-news","18":"tag-republique-francaise"},"share_on_mastodon":{"url":"https:\/\/pubeurope.com\/@fr\/114851080012022524","error":""},"_links":{"self":[{"href":"https:\/\/www.europesays.com\/fr\/wp-json\/wp\/v2\/posts\/249127","targetHints":{"allow":["GET"]}}],"collection":[{"href":"https:\/\/www.europesays.com\/fr\/wp-json\/wp\/v2\/posts"}],"about":[{"href":"https:\/\/www.europesays.com\/fr\/wp-json\/wp\/v2\/types\/post"}],"author":[{"embeddable":true,"href":"https:\/\/www.europesays.com\/fr\/wp-json\/wp\/v2\/users\/2"}],"replies":[{"embeddable":true,"href":"https:\/\/www.europesays.com\/fr\/wp-json\/wp\/v2\/comments?post=249127"}],"version-history":[{"count":0,"href":"https:\/\/www.europesays.com\/fr\/wp-json\/wp\/v2\/posts\/249127\/revisions"}],"wp:featuredmedia":[{"embeddable":true,"href":"https:\/\/www.europesays.com\/fr\/wp-json\/wp\/v2\/media\/249128"}],"wp:attachment":[{"href":"https:\/\/www.europesays.com\/fr\/wp-json\/wp\/v2\/media?parent=249127"}],"wp:term":[{"taxonomy":"category","embeddable":true,"href":"https:\/\/www.europesays.com\/fr\/wp-json\/wp\/v2\/categories?post=249127"},{"taxonomy":"post_tag","embeddable":true,"href":"https:\/\/www.europesays.com\/fr\/wp-json\/wp\/v2\/tags?post=249127"}],"curies":[{"name":"wp","href":"https:\/\/api.w.org\/{rel}","templated":true}]}}