{"id":249135,"date":"2025-07-14T10:24:10","date_gmt":"2025-07-14T10:24:10","guid":{"rendered":"https:\/\/www.europesays.com\/fr\/249135\/"},"modified":"2025-07-14T10:24:10","modified_gmt":"2025-07-14T10:24:10","slug":"fousseynou-cisse-qui-a-sauve-six-personnes-dun-incendie-a-paris-invite-au-defile-du-14-juillet","status":"publish","type":"post","link":"https:\/\/www.europesays.com\/fr\/249135\/","title":{"rendered":"Fousseynou Ciss\u00e9, qui a sauv\u00e9 six personnes d\u2019un incendie \u00e0 Paris, invit\u00e9 au d\u00e9fil\u00e9 du 14-Juillet"},"content":{"rendered":"<p class=\"paragraph text_align_left lp-f-body-02\">Les honneurs se poursuivent pour Fousseynou Ciss\u00e9. Ce lundi matin, ce Parisien de 39 ans ainsi que sa famille ont \u00e9t\u00e9 invit\u00e9s par le pr\u00e9sident <a href=\"https:\/\/www.leparisien.fr\/politique\/emmanuel-macron\/\" target=\"_self\" rel=\"nofollow noopener\">Emmanuel Macron<\/a> sur les Champs-\u00c9lys\u00e9es pour suivre <a href=\"https:\/\/www.leparisien.fr\/politique\/defile-du-14-juillet-defile-aerien-troupes-a-pied-le-programme-complet-minute-par-minute-13-07-2025-3CH2BMOWKBGQNHBOBT47I6TABI.php\" target=\"_self\" rel=\"nofollow noopener\">le d\u00e9fil\u00e9 militaire du 14-Juillet<\/a>.<\/p>\n<p class=\"paragraph text_align_left lp-f-body-02\">Une faveur accord\u00e9e par le chef de l\u2019\u00c9tat dix jours apr\u00e8s l\u2019acte de bravoure effectu\u00e9 par cet agent d\u2019accueil, contractuel dans les coll\u00e8ges, d\u2019origine s\u00e9n\u00e9galaise. Le 4 juillet dernier, il avait sauv\u00e9<a href=\"https:\/\/www.leparisien.fr\/faits-divers\/je-nai-pas-reflechi-il-fallait-les-sauver-le-heros-de-lincendie-a-paris-raconte-son-morceau-de-bravoure-06-07-2025-GDWPMMU6KBC5DPBCOC6OK37VBA.php\" target=\"_self\" rel=\"nofollow noopener\"> six personnes d\u2019un incendie<\/a> qui s\u2019\u00e9tait d\u00e9clar\u00e9 au deuxi\u00e8me \u00e9tage <a href=\"https:\/\/www.leparisien.fr\/faits-divers\/je-nai-pas-reflechi-il-fallait-les-sauver-le-heros-de-lincendie-a-paris-raconte-son-morceau-de-bravoure-06-07-2025-GDWPMMU6KBC5DPBCOC6OK37VBA.php\" target=\"_self\" rel=\"nofollow noopener\">d\u2019un immeuble<\/a> du <a href=\"https:\/\/www.leparisien.fr\/paris-75\/paris-75018\/\" target=\"_self\" rel=\"nofollow noopener\">XVIIIe arrondissement<\/a> de <a href=\"https:\/\/www.leparisien.fr\/paris-75\/\" target=\"_self\" rel=\"nofollow noopener\">Paris<\/a>.<\/p>\n<p class=\"paragraph text_align_left lp-f-body-02\">Au sixi\u00e8me \u00e9tage, deux m\u00e8res de famille s\u2019\u00e9taient retrouv\u00e9es bloqu\u00e9es par les fum\u00e9es, et tenaient leurs enfants \u00e0 bout de bras aux fen\u00eatres pour les prot\u00e9ger de la fum\u00e9e.<\/p>\n<p>\u00ab Je n\u2019ai pas r\u00e9fl\u00e9chi, c\u2019est un instinct \u00bb<\/p>\n<p class=\"paragraph text_align_left lp-f-body-02\">Dans les images prises par un habitant et devenues virales, on voit Fousseynou Ciss\u00e9 s\u2019avancer sur une corniche puis, en \u00e9quilibre dans l\u2019angle des deux b\u00e2timents de la r\u00e9sidence, faire passer deux b\u00e9b\u00e9s, deux enfants et deux m\u00e8res de famille de la fen\u00eatre de l\u2019appartement \u00e0 un autre.<\/p>\n<p class=\"title-embed-dailymotion lp-color-text lp-f-subtitle-04\">Vid\u00e9o\u00ab C&rsquo;est l&rsquo;instinct qui m&rsquo;a pouss\u00e9 \u00bb : le h\u00e9ros de l\u2019incendie \u00e0 Paris raconte son acte de bravoure<\/p>\n<p class=\"paragraph text_align_left lp-f-body-02\">Fousseynou Ciss\u00e9 assistait lundi au d\u00e9fil\u00e9 militaire, auquel participent notamment 122 personnels \u00e0 pied de la Brigade des sapeurs-pompiers de Paris, ainsi que quatre chiens et 13 engins.<\/p>\n<p class=\"paragraph text_align_left lp-f-body-02\">Dimanche, Fousseynou Ciss\u00e9 a \u00e9t\u00e9 d\u00e9cor\u00e9 de la m\u00e9daille du courage par le pr\u00e9fet de police de Paris, <a href=\"https:\/\/www.leparisien.fr\/politique\/laurent-nunez\/\" target=\"_self\" rel=\"nofollow noopener\">Laurent Nu\u00f1ez<\/a>. Cette distinction \u00ab marque vraiment une nouvelle \u00e8re pour moi \u00bb, a r\u00e9agi Fousseynou Ciss\u00e9. \u00ab Il y avait des personnes qui \u00e9taient d\u00e9sesp\u00e9r\u00e9es, en d\u00e9sarroi, qui cherchaient une aide. Du coup, je n\u2019ai pas r\u00e9fl\u00e9chi. C\u2019est un instinct \u00bb, a-t-il expliqu\u00e9.<\/p>\n<p class=\"paragraph text_align_left lp-f-body-02\">Deux jours plus t\u00f4t, <a href=\"https:\/\/www.leparisien.fr\/paris-75\/paris-anne-hidalgo-decerne-la-medaille-grand-vermeil-a-fousseynou-samba-cisse-sauveteur-heroique-de-lincendie-11-07-2025-JXJG6ZHCFBBWNG2ACM57SMIDVI.php\" target=\"_self\" rel=\"nofollow noopener\">il avait re\u00e7u la m\u00e9daille Grand Vermeil<\/a> des mains de la maire de Paris, <a href=\"https:\/\/www.leparisien.fr\/politique\/anne-hidalgo\/\" target=\"_self\" rel=\"nofollow noopener\">Anne Hidalgo<\/a>. Cette derni\u00e8re avait d\u2019ailleurs annonc\u00e9 la titularisation prochaine de l\u2019agent municipal et lui avait promis de l\u2019accompagner dans ses d\u00e9marches pour obtenir la nationalit\u00e9 fran\u00e7aise.<\/p>\n","protected":false},"excerpt":{"rendered":"Les honneurs se poursuivent pour Fousseynou Ciss\u00e9. Ce lundi matin, ce Parisien de 39 ans ainsi que sa&hellip;\n","protected":false},"author":2,"featured_media":249136,"comment_status":"","ping_status":"","sticky":false,"template":"","format":"standard","meta":{"footnotes":""},"categories":[1888],"tags":[11,1777,674,1011,27,1944,12,626,25],"class_list":{"0":"post-249135","1":"post","2":"type-post","3":"status-publish","4":"format-standard","5":"has-post-thumbnail","7":"category-paris","8":"tag-actualites","9":"tag-eu","10":"tag-europe","11":"tag-fr","12":"tag-france","13":"tag-ma-ville","14":"tag-news","15":"tag-paris","16":"tag-republique-francaise"},"share_on_mastodon":{"url":"https:\/\/pubeurope.com\/@fr\/114851103572228141","error":""},"_links":{"self":[{"href":"https:\/\/www.europesays.com\/fr\/wp-json\/wp\/v2\/posts\/249135","targetHints":{"allow":["GET"]}}],"collection":[{"href":"https:\/\/www.europesays.com\/fr\/wp-json\/wp\/v2\/posts"}],"about":[{"href":"https:\/\/www.europesays.com\/fr\/wp-json\/wp\/v2\/types\/post"}],"author":[{"embeddable":true,"href":"https:\/\/www.europesays.com\/fr\/wp-json\/wp\/v2\/users\/2"}],"replies":[{"embeddable":true,"href":"https:\/\/www.europesays.com\/fr\/wp-json\/wp\/v2\/comments?post=249135"}],"version-history":[{"count":0,"href":"https:\/\/www.europesays.com\/fr\/wp-json\/wp\/v2\/posts\/249135\/revisions"}],"wp:featuredmedia":[{"embeddable":true,"href":"https:\/\/www.europesays.com\/fr\/wp-json\/wp\/v2\/media\/249136"}],"wp:attachment":[{"href":"https:\/\/www.europesays.com\/fr\/wp-json\/wp\/v2\/media?parent=249135"}],"wp:term":[{"taxonomy":"category","embeddable":true,"href":"https:\/\/www.europesays.com\/fr\/wp-json\/wp\/v2\/categories?post=249135"},{"taxonomy":"post_tag","embeddable":true,"href":"https:\/\/www.europesays.com\/fr\/wp-json\/wp\/v2\/tags?post=249135"}],"curies":[{"name":"wp","href":"https:\/\/api.w.org\/{rel}","templated":true}]}}