{"id":249137,"date":"2025-07-14T10:25:10","date_gmt":"2025-07-14T10:25:10","guid":{"rendered":"https:\/\/www.europesays.com\/fr\/249137\/"},"modified":"2025-07-14T10:25:10","modified_gmt":"2025-07-14T10:25:10","slug":"en-mer-du-nord-la-belgique-renforce-sa-surveillance-des-navires-russes-liberation","status":"publish","type":"post","link":"https:\/\/www.europesays.com\/fr\/249137\/","title":{"rendered":"en mer du Nord, la Belgique renforce sa surveillance des navires russes \u2013 Lib\u00e9ration"},"content":{"rendered":"<p class=\"sc-ksZaOG ehjQrN text-element\">Depuis le poste de pilotage, Mikey Sagaert r\u00e8gle le curseur sur l\u2019\u00e9cran radar. Sur le fond noir, des dizaines de taches color\u00e9es affichent la trace des navires aux alentours. Entre deux zooms, le commandant du navire l\u00e8ve les yeux vers les appareils radio, juste au-dessus. Les phrases gr\u00e9sillent et se m\u00ealent au bruit des vagues de la mer du Nord. Cet apr\u00e8s-midi, le Castor \u2013 l\u2019un des patrouilleurs de la marine belge \u2013 est \u00e0 l\u2019eau pour un transfert de personnel avec un second navire. Mais peu importe la mission, \u00abon surveille en permanence\u00bb, pointe Mikey Sagaert, uniforme bleu sur le dos.<\/p>\n<p class=\"sc-ksZaOG ehjQrN text-element\">Depuis douze ans maintenant, le Castor quitte r\u00e9guli\u00e8rement la base navale de Zeebrugge, dans le nord-ouest de la Belgique, pour patrouiller \u00e0 travers les eaux gris\u00e2tres de la mer du Nord. Mais ces derni\u00e8res ann\u00e9es, la surveillance s\u2019est intensifi\u00e9e. En cause : une \u00abnette augmentation\u00bb du nombre de bateaux russes. En 2024, plus de 150 navires russes ont \u00e9t\u00e9 d\u00e9tect\u00e9s au large de la c\u00f4te belge, contre 85 en 2021. \u00abEt depuis le d\u00e9but de l\u2019ann\u00e9e 2025, nous sommes d\u00e9j\u00e0 \u00e0 103\u00bb, souligne le commandant Sagaert.<\/p>\n<p class=\"sc-ksZaOG ehjQrN text-element\">Casquette viss\u00e9e sur la t\u00eate, l\u2019amiral Tanguy Botman d\u00e9ambule vers la poupe du navire. Au cours de sa carri\u00e8re, le chef de la marine belge a pass\u00e9 des dizaines d\u2019ann\u00e9es en mer du Nord. Pour lui, pas de doute : \u00abla guerre hybride est d\u00e9j\u00e0 en cours\u00bb dans la r\u00e9gion, <a href=\"https:\/\/www.liberation.fr\/international\/europe\/guerre-hybride-depuis-linvasion-russe-en-ukraine-r&lt;\/p&gt;&lt;\/div&gt;&lt;\/article&gt;&lt;\/div&gt;&lt;div data-fusion-lazy-id=\" f0f8vgvlad832fw=\"\" rel=\"nofollow noopener\" target=\"_blank\"><\/p>\n","protected":false},"excerpt":{"rendered":"Depuis le poste de pilotage, Mikey Sagaert r\u00e8gle le curseur sur l\u2019\u00e9cran radar. Sur le fond noir, des&hellip;\n","protected":false},"author":2,"featured_media":249138,"comment_status":"","ping_status":"","sticky":false,"template":"","format":"standard","meta":{"footnotes":""},"categories":[1591],"tags":[11,828,554,1887,12,136,1885,1886,132,297],"class_list":{"0":"post-249137","1":"post","2":"type-post","3":"status-publish","4":"format-standard","5":"has-post-thumbnail","7":"category-russie","8":"tag-actualites","9":"tag-belgique","10":"tag-defense","11":"tag-federation-de-russie","12":"tag-news","13":"tag-otan","14":"tag-russia","15":"tag-russian-federation","16":"tag-russie","17":"tag-ukraine-la-crise"},"share_on_mastodon":{"url":"https:\/\/pubeurope.com\/@fr\/114851107572485992","error":""},"_links":{"self":[{"href":"https:\/\/www.europesays.com\/fr\/wp-json\/wp\/v2\/posts\/249137","targetHints":{"allow":["GET"]}}],"collection":[{"href":"https:\/\/www.europesays.com\/fr\/wp-json\/wp\/v2\/posts"}],"about":[{"href":"https:\/\/www.europesays.com\/fr\/wp-json\/wp\/v2\/types\/post"}],"author":[{"embeddable":true,"href":"https:\/\/www.europesays.com\/fr\/wp-json\/wp\/v2\/users\/2"}],"replies":[{"embeddable":true,"href":"https:\/\/www.europesays.com\/fr\/wp-json\/wp\/v2\/comments?post=249137"}],"version-history":[{"count":0,"href":"https:\/\/www.europesays.com\/fr\/wp-json\/wp\/v2\/posts\/249137\/revisions"}],"wp:featuredmedia":[{"embeddable":true,"href":"https:\/\/www.europesays.com\/fr\/wp-json\/wp\/v2\/media\/249138"}],"wp:attachment":[{"href":"https:\/\/www.europesays.com\/fr\/wp-json\/wp\/v2\/media?parent=249137"}],"wp:term":[{"taxonomy":"category","embeddable":true,"href":"https:\/\/www.europesays.com\/fr\/wp-json\/wp\/v2\/categories?post=249137"},{"taxonomy":"post_tag","embeddable":true,"href":"https:\/\/www.europesays.com\/fr\/wp-json\/wp\/v2\/tags?post=249137"}],"curies":[{"name":"wp","href":"https:\/\/api.w.org\/{rel}","templated":true}]}}