{"id":249176,"date":"2025-07-14T10:50:11","date_gmt":"2025-07-14T10:50:11","guid":{"rendered":"https:\/\/www.europesays.com\/fr\/249176\/"},"modified":"2025-07-14T10:50:11","modified_gmt":"2025-07-14T10:50:11","slug":"peut-elle-etre-dangereuse-pour-votre-sante","status":"publish","type":"post","link":"https:\/\/www.europesays.com\/fr\/249176\/","title":{"rendered":"peut-elle \u00eatre dangereuse pour votre sant\u00e9 ?"},"content":{"rendered":"<p>Bien utilis\u00e9e,\u00a0la climatisation\u00a0am\u00e9liore nettement le confort en p\u00e9riode de\u00a0fortes chaleurs.\u00a0Mais dans certaines conditions, elle peut aussi devenir source d\u2019inconforts ou de probl\u00e8mes respiratoires, en particulier chez les personnes fragiles.<\/p>\n<p><strong>Rhumes, maux de t\u00eate, conjonctivite et autres sympt\u00f4mes allergiques : et si c\u2019\u00e9tait la clim ?<\/strong><\/p>\n<p>L\u2019un des premiers effets ind\u00e9sirables tient \u00e0 la s\u00e9cheresse de l\u2019air. En abaissant l\u2019humidit\u00e9 ambiante, la climatisation ass\u00e8che les muqueuses du nez, de la gorge ou des yeux, ce qui favorise irritations, toux s\u00e8che ou sensation de g\u00eane faisant le lit des angines et autres rhumes.<\/p>\n<p>Autre \u00e9cueil fr\u00e9quent : les \u00e9carts de temp\u00e9rature trop marqu\u00e9s entre l\u2019ext\u00e9rieur et les espaces climatis\u00e9s. Ces chocs thermiques peuvent provoquer des maux de t\u00eate, des frissons ou des tensions musculaires, notamment au niveau de la nuque et du dos.<\/p>\n<p>Dans des cas extr\u00eames, des \u00e9carts tr\u00e8s importants de temp\u00e9rature peuvent provoquer une vasoconstriction brutale. Cette r\u00e9action du syst\u00e8me vasculaire peut, chez certaines personnes, entra\u00eener un malaise voire une perte de connaissance. L\u2019arr\u00eat cardiaque est cependant rarissime dans ce contexte.<\/p>\n<p><strong>La n\u00e9cessit\u00e9 d\u2019un entretien r\u00e9gulier<\/strong><\/p>\n<p>La qualit\u00e9 de l\u2019air diffus\u00e9 d\u00e9pend \u00e9galement de l\u2019\u00e9tat du syst\u00e8me. \u00ab\u00a0Si les filtres ne sont pas nettoy\u00e9s r\u00e9guli\u00e8rement, met en garde le Dr le Guillou,\u00a0ils peuvent accumuler poussi\u00e8res, moisissures ou bact\u00e9ries, ensuite dispers\u00e9es dans l\u2019air int\u00e9rieur. Dans de rares cas, certaines infections comme la l\u00e9gionellose ont \u00e9t\u00e9 associ\u00e9es \u00e0 des syst\u00e8mes de climatisation mal entretenus.\u00a0\u00bb<\/p>\n<p>La l\u00e9gionellose est une infection pulmonaire provoqu\u00e9e par une bact\u00e9rie appel\u00e9e\u00a0Legionella pneumophila\u00a0qui peut se d\u00e9velopper dans les syst\u00e8mes de climatisation mal entretenus, notamment dans les tours de refroidissement (celles utilisant l\u2019eau, comme dans les h\u00f4pitaux, etc.). Lorsqu\u2019elle est dispers\u00e9e dans l\u2019air sous forme de fines gouttelettes, elle peut \u00eatre inhal\u00e9e, provoquant une pneumopathie souvent s\u00e9v\u00e8re.<\/p>\n<p>De mani\u00e8re g\u00e9n\u00e9rale, une ventilation insuffisante, dans des lieux clos, peut aussi favoriser la circulation de virus.<\/p>\n<p>De plus, certains appareils peuvent concentrer les allerg\u00e8nes ou les remettre en suspension, en brassant l\u2019air dans des pi\u00e8ces insuffisamment a\u00e9r\u00e9es. Poussi\u00e8res, acariens, spores de moisissures, poils d\u2019animaux : ces polluants int\u00e9rieurs peuvent alors d\u00e9clencher ou aggraver des r\u00e9actions allergiques.<\/p>\n<p>  <strong>La sensibilit\u00e9 \u00e0 la climatisation, une r\u00e9alit\u00e9 m\u00e9dicale\u00a0?<\/strong><\/p>\n<p>Certaines personnes sont effectivement plus sensibles aux effets de la climatisation.<\/p>\n<p>\u00ab\u00a0C\u2019est le cas de celles dont les muqueuses sont fragiles, notamment en cas d\u2019allergies, d\u2019asthme ou de sinusite, rappelle le pneumologue.\u00a0L\u2019air sec ou les allerg\u00e8nes en suspension peuvent accentuer leurs sympt\u00f4mes.\u00a0Un syst\u00e8me immunitaire affaibli rend \u00e9galement plus vuln\u00e9rable aux agents infectieux que peut v\u00e9hiculer un dispositif mal entretenu. Les personnes atteintes de maladies respiratoires chroniques, comme la bronchopneumopathie chronique obstructive (BPCO), ou celles sensibles aux variations de temp\u00e9rature, sont aussi plus expos\u00e9es aux effets ind\u00e9sirables.\u00a0\u00bb<\/p>\n<p>Enfin, les enfants et les personnes \u00e2g\u00e9es, du fait de leur r\u00e9gulation thermique moins efficace ou de la fragilit\u00e9 de leurs muqueuses, sont particuli\u00e8rement r\u00e9actifs \u00e0 une atmosph\u00e8re trop froide. Une exposition prolong\u00e9e \u00e0 un air climatis\u00e9 mal r\u00e9gl\u00e9, a fortiori sans hydratation suffisante, peut aggraver ces r\u00e9actions.<\/p>\n<p><strong>Bien r\u00e9gler la temp\u00e9rature de sa climatisation<\/strong><\/p>\n<p>Pour limiter les effets ind\u00e9sirables li\u00e9s \u00e0 la climatisation, quelques mesures simples peuvent \u00eatre mises en place\u00a0:<\/p>\n<p>\u2013 la temp\u00e9rature int\u00e9rieure doit rester mod\u00e9r\u00e9e, avec un \u00e9cart id\u00e9al de 5 \u00e0 7 \u00b0C par rapport \u00e0 l\u2019ext\u00e9rieur, jamais plus de 10 \u00b0C\u00a0;<\/p>\n<p>\u2013 il faut orienter le flux d\u2019air froid vers le plafond plut\u00f4t que directement sur les personnes\u00a0;<\/p>\n<p>\u2013 utiliser des filtres ayant une bonne performance sanitaire (ex: HEPA) comme le mentionne le minist\u00e8re de la sant\u00e9\u00a0;<\/p>\n<p>\u2013 un\u00a0entretien r\u00e9gulier\u00a0du syst\u00e8me est indispensable : les filtres doivent \u00eatre chang\u00e9s et nettoy\u00e9s fr\u00e9quemment pour \u00e9viter l\u2019accumulation de poussi\u00e8res ou de micro-organismes.<\/p>\n<p>\u2013 l\u2019UFC Que choisir conseille de d\u00e9poussi\u00e9rer les bouches d\u2019air avec de l\u2019eau savonneuse. Bien qu\u2019aucune obligation d\u2019inspection ni de contrat d\u2019entretien n\u2019existe pour les climatiseurs grand public (seules les puissances sup\u00e9rieures \u00e0 12 kW ou les appareils contenant plus de 4 kg de fluide frigorig\u00e8ne sont concern\u00e9s), faire contr\u00f4ler son syst\u00e8me (hors clim portative) par un professionnel tous les deux ans est recommand\u00e9 ;<\/p>\n<p>\u2013 une bonne ventilation est \u00e9galement n\u00e9cessaire pour \u00e9viter la stagnation de l\u2019air et r\u00e9duire les risques de transmission virale\u00a0;<\/p>\n<p>\u2013 faire fonctionner l\u2019appareil sur \u201ctout air neuf\u201d, et non pas sur \u201crecyclage partiel ou total de l\u2019air\u201d\u00a0;<\/p>\n<p>\u2013 il est aussi recommand\u00e9 de boire r\u00e9guli\u00e8rement afin de compenser le dess\u00e8chement li\u00e9 \u00e0 l\u2019air sec.<\/p>\n<p>En r\u00e9sum\u00e9, \u00ab\u00a0la climatisation ne provoque pas directement de maladies, rassure le Dr Fr\u00e9d\u00e9ric le Guillou,\u00a0mais certains facteurs comme un mauvais entretien, un air trop sec ou une sensibilit\u00e9 individuelle peuvent entra\u00eener divers sympt\u00f4mes. Les personnes allergiques, asthmatiques ou atteintes de troubles respiratoires doivent redoubler de vigilance, car elles y sont plus sensibles.\u00a0\u00bb<\/p>\n<p><strong>A noter<\/strong>\u00a0: un arr\u00eat\u00e9 des ministres charg\u00e9s de la construction et de l\u2019\u00e9nergie d\u00e9finit les\u00a0conditions de r\u00e9gulation des syst\u00e8mes de refroidissement. Dans les locaux dans lesquels est install\u00e9 un syst\u00e8me de refroidissement, celui-ci ne doit \u00eatre mis ou maintenu en fonctionnement que lorsque la temp\u00e9rature int\u00e9rieure des locaux d\u00e9passe 26 \u00b0C.<\/p>\n<p>Pour en savoir plus sur les personnes vuln\u00e9rables vis-\u00e0-vis de la qualit\u00e9 de l\u2019air :\u00a0<a href=\"https:\/\/sante-respiratoire.com\/\" target=\"_blank\" rel=\"noopener nofollow\">Sant\u00e9 respiratoire France <br \/><\/a><\/p>\n<p class=\"note\">Source :\u00a0Interview du Dr Fr\u00e9d\u00e9ric le Guillou, pr\u00e9sident de l\u2019association Sant\u00e9 respiratoire France (02 juillet 2025)\u00a0; UFC Que Choisir (consult\u00e9 le 02\/07\/25)\u00a0; Sant\u00e9.gouv.fr (consult\u00e9 le 02\/07\/25)<\/p>\n","protected":false},"excerpt":{"rendered":"Bien utilis\u00e9e,\u00a0la climatisation\u00a0am\u00e9liore nettement le confort en p\u00e9riode de\u00a0fortes chaleurs.\u00a0Mais dans certaines conditions, elle peut aussi devenir source&hellip;\n","protected":false},"author":2,"featured_media":249177,"comment_status":"","ping_status":"","sticky":false,"template":"","format":"standard","meta":{"footnotes":""},"categories":[10],"tags":[107,1011,27,72,1031,5362,71],"class_list":{"0":"post-249176","1":"post","2":"type-post","3":"status-publish","4":"format-standard","5":"has-post-thumbnail","7":"category-sante","8":"tag-fil-info","9":"tag-fr","10":"tag-france","11":"tag-health","12":"tag-magazine","13":"tag-magazine-sante","14":"tag-sante"},"share_on_mastodon":{"url":"https:\/\/pubeurope.com\/@fr\/114851205785566068","error":""},"_links":{"self":[{"href":"https:\/\/www.europesays.com\/fr\/wp-json\/wp\/v2\/posts\/249176","targetHints":{"allow":["GET"]}}],"collection":[{"href":"https:\/\/www.europesays.com\/fr\/wp-json\/wp\/v2\/posts"}],"about":[{"href":"https:\/\/www.europesays.com\/fr\/wp-json\/wp\/v2\/types\/post"}],"author":[{"embeddable":true,"href":"https:\/\/www.europesays.com\/fr\/wp-json\/wp\/v2\/users\/2"}],"replies":[{"embeddable":true,"href":"https:\/\/www.europesays.com\/fr\/wp-json\/wp\/v2\/comments?post=249176"}],"version-history":[{"count":0,"href":"https:\/\/www.europesays.com\/fr\/wp-json\/wp\/v2\/posts\/249176\/revisions"}],"wp:featuredmedia":[{"embeddable":true,"href":"https:\/\/www.europesays.com\/fr\/wp-json\/wp\/v2\/media\/249177"}],"wp:attachment":[{"href":"https:\/\/www.europesays.com\/fr\/wp-json\/wp\/v2\/media?parent=249176"}],"wp:term":[{"taxonomy":"category","embeddable":true,"href":"https:\/\/www.europesays.com\/fr\/wp-json\/wp\/v2\/categories?post=249176"},{"taxonomy":"post_tag","embeddable":true,"href":"https:\/\/www.europesays.com\/fr\/wp-json\/wp\/v2\/tags?post=249176"}],"curies":[{"name":"wp","href":"https:\/\/api.w.org\/{rel}","templated":true}]}}