{"id":249178,"date":"2025-07-14T10:51:09","date_gmt":"2025-07-14T10:51:09","guid":{"rendered":"https:\/\/www.europesays.com\/fr\/249178\/"},"modified":"2025-07-14T10:51:09","modified_gmt":"2025-07-14T10:51:09","slug":"nains-embauches-pour-divertir-ses-invites-mannequins-a-forte-poitrine-lamine-yamal-star-du-barca-dans-la-tourmente-apres-sa-fete-danniversaire","status":"publish","type":"post","link":"https:\/\/www.europesays.com\/fr\/249178\/","title":{"rendered":"Nains embauch\u00e9s pour divertir ses invit\u00e9s, mannequins \u00e0 forte poitrine&#8230; Lamine Yamal, star du Bar\u00e7a, dans la tourmente apr\u00e8s sa f\u00eate d\u2019anniversaire"},"content":{"rendered":"<p>Suite \u00e0 une grande f\u00eate organis\u00e9e samedi pour ses 18 ans, le prodige du FC Barcelone fait pol\u00e9mique apr\u00e8s avoir notamment embauch\u00e9 des personnes atteintes de nanisme pour faire le spectacle.<\/p>\n<p class=\"fig-paragraph\">Loin des terrains de football,\u00a0<a href=\"http:\/\/www.lefigaro.fr\/sports\/football\/wallah-il-fait-la-star-a-mort-ce-petit-ped-le-footballeur-star-du-barca-lamine-yamal-lynche-par-des-francais-a-l-aeroport-20250626\" target=\"_blank\" data-fig-type=\"NewsFlash\" rel=\"noopener nofollow\" data-gtm-custom-categorie=\"navigation\" data-gtm-custom-action=\"crossclick\" data-gtm-custom-label=\"Contextuel\" data-gtm-event=\"customEventSPE\" data-fig-domain=\"LEFIGARO\">Lamine Yamal<\/a>\u00a0fait tout de m\u00eame parler de lui. Ce samedi \u00e0 Barcelone, le prodige du Bar\u00e7a a f\u00eat\u00e9 ses 18 ans (il est n\u00e9 le 13 juillet 2007) en organisant une immense soir\u00e9e, r\u00e9unissant plus de 200 invit\u00e9s dont certains de ses co\u00e9quipiers. Probl\u00e8me, cet anniversaire d\u00e9bouche ce lundi sur une pol\u00e9mique en Espagne.<\/p>\n<p class=\"fig-paragraph\">Le jeune international espagnol (21 s\u00e9lections, 6 buts) a d\u2019abord re\u00e7u en guise de cadeau un collier de pierres pr\u00e9cieuses avec un pendentif marqu\u00e9 de ses initiales \u00abLY\u00bb, estim\u00e9 \u00e0 une valeur de 400.000 euros. Jusqu\u2019ici tout va bien, le Catalan a encore le droit de se faire plaisir.<\/p>\n<p class=\"fig-body-link\">\n            \u00c0 lire aussi<br \/>\n        <a class=\"fig-body-link__link\" href=\"http:\/\/www.lefigaro.fr\/sports\/football\/wallah-il-fait-la-star-a-mort-ce-petit-ped-le-footballeur-star-du-barca-lamine-yamal-lynche-par-des-francais-a-l-aeroport-20250626\" target=\"_blank\" data-fig-type=\"NewsFlash\" rel=\"noopener nofollow\" data-gtm-custom-categorie=\"navigation\" data-gtm-custom-action=\"crossclick\" data-gtm-custom-label=\"Contextuel\" data-gtm-event=\"customEventSPE\" data-fig-domain=\"LEFIGARO\">\u00abIl fait la star \u00e0 mort\u00a0!\u00bb\u00a0: le footballeur vedette du Bar\u00e7a Lamine Yamal pris \u00e0 partie par des Fran\u00e7ais \u00e0 l\u2019a\u00e9roport<br \/>\n    <\/a>\n<\/p>\n<p>                                    <a class=\"fig-a11y-skip a11y-hidden\" href=\"#fig-a11y-skip-main-inarticle\"><br \/>\n        Passer la publicit\u00e9<br \/>\n    <\/a><\/p>\n<p>\u00abCe type de pratique est inacceptable\u00bb<\/p>\n<p class=\"fig-paragraph\">Mais certaines limites ont semble-t-il \u00e9t\u00e9 d\u00e9pass\u00e9es ensuite. L\u2019ailier droit est accus\u00e9 &#8211; avec images \u00e0 l\u2019appui (voir ci-dessous) &#8211; d\u2019avoir embauch\u00e9 des nains dans le but de divertir ses invit\u00e9s, ce qui est contraire \u00e0 la loi. L\u2019Association des personnes atteintes d\u2019achondroplasie et autres dysplasies squelettiques avec nanisme (ADEE) a rapidement r\u00e9agi en annon\u00e7ant lancer une action en justice contre le Barcelonais.<\/p>\n<p class=\"fig-paragraph\"><strong>\u00c0 VOIR AUSSI &#8211; <\/strong>Le superbe but de Lamine Yamal contre le Real Madrid en finale de Supercoupe d\u2019Espagne en janvier dernier (victoire 5-2)<\/p>\n<p class=\"fig-paragraph\">\u00abPour l\u2019Association, ce type de pratique est inacceptable, car il perp\u00e9tue les st\u00e9r\u00e9otypes, alimente la discrimination et porte atteinte \u00e0 l\u2019image et aux droits des personnes atteintes de nanisme et de l\u2019ensemble de la communaut\u00e9 des personnes handicap\u00e9es. Les spectacles ou activit\u00e9s r\u00e9cr\u00e9atives dans lesquels des personnes handicap\u00e9es ou d\u2019autres circonstances sont utilis\u00e9es pour provoquer la moquerie, le ridicule ou la d\u00e9rision du public d\u2019une mani\u00e8re contraire au respect de la dignit\u00e9 humaine sont interdits, a d\u00e9nonc\u00e9, dans un long communiqu\u00e9, Carolina Puente, pr\u00e9sidente de l\u2019ADEE.<\/p>\n<p class=\"fig-paragraph\">\u00abCela renvoie le message que la discrimination est acceptable ou insignifiante, surtout chez les jeunes. Il est de la responsabilit\u00e9 de chacun d\u2019\u00e9radiquer d\u00e9finitivement l\u2019objectification de la diff\u00e9rence et d\u2019\u00e9duquer aux valeurs de respect et d\u2019\u00e9galit\u00e9\u00bb, peut-on encore lire.<\/p>\n<p>\u00abLamine Yamal voulait 12 filles de compagnie pour son anniversaire\u00bb<\/p>\n<p class=\"fig-paragraph\">Tr\u00e8s rapidement, l\u2019information a enflamm\u00e9 les r\u00e9seaux sociaux et les m\u00e9dias espagnols alors que Lamine Yamal, ph\u00e9nom\u00e8ne ballon au pied, profite de ses vacances, le Bar\u00e7a n\u2019ayant pas disput\u00e9\u00a0<a href=\"http:\/\/www.lefigaro.fr\/sports\/football\/coupe-du-monde\/coupe-du-monde-des-clubs-chelsea-douche-les-reves-d-un-psg-meconnaissable-20250713\" target=\"_blank\" data-fig-type=\"NewsFlash\" rel=\"noopener nofollow\" data-gtm-custom-categorie=\"navigation\" data-gtm-custom-action=\"crossclick\" data-gtm-custom-label=\"Contextuel\" data-gtm-event=\"customEventSPE\" data-fig-domain=\"LEFIGARO\">la Coupe du monde des clubs.<\/a>\u00a0Et puisqu\u2019une pol\u00e9mique ne suffisait pas, une mannequin espagnole est sortie du silence dimanche soir pour \u00e9voquer \u00e0 son tour cette f\u00eate d\u2019anniversaire qui, visiblement, aurait pu la concerner.<\/p>\n<p>                                    <a class=\"fig-a11y-skip a11y-hidden\" href=\"#fig-a11y-skip-main-inarticle_mtf\"><br \/>\n        Passer la publicit\u00e9<br \/>\n    <\/a><\/p>\n<p class=\"fig-paragraph\">\u00abLamine Yamal voulait 12 filles de compagnie pour son anniversaire, a affirm\u00e9 Claudia Calvo sur le plateau de la cha\u00eene espagnole Telecinco. Ils demandaient des femmes blondes avec des poitrines tr\u00e8s sp\u00e9cifiques. Ils nous ont propos\u00e9s entre 10.000 et 20.000 euros pour y aller. Je ne sais pas ce qu\u2019ils attendaient de nous. On ne pouvait pas prendre nos t\u00e9l\u00e9phones.\u00bb<\/p>\n<p class=\"fig-paragraph\">Une r\u00e9v\u00e9lation \u00e0 prendre, sans doute, avec plus de pincettes. Mais qui, en tout cas, prolonge la tourmente autour du num\u00e9ro 10 barcelonais, principal favori annonc\u00e9 avec\u00a0<a href=\"http:\/\/www.lefigaro.fr\/sports\/football\/coupe-du-monde\/les-notes-de-chelsea-psg-dembele-et-les-parisiens-n-ont-pas-existe-palmer-etincelant-sanchez-ecoeurant-20250713\" target=\"_blank\" data-fig-type=\"NewsFlash\" rel=\"noopener nofollow\" data-gtm-custom-categorie=\"navigation\" data-gtm-custom-action=\"crossclick\" data-gtm-custom-label=\"Contextuel\" data-gtm-event=\"customEventSPE\" data-fig-domain=\"LEFIGARO\">le Parisien Ousmane Demb\u00e9l\u00e9<\/a>\u00a0pour remporter le Ballon d\u2019Or 2025.<\/p>\n","protected":false},"excerpt":{"rendered":"Suite \u00e0 une grande f\u00eate organis\u00e9e samedi pour ses 18 ans, le prodige du FC Barcelone fait pol\u00e9mique&hellip;\n","protected":false},"author":2,"featured_media":249179,"comment_status":"","ping_status":"","sticky":false,"template":"","format":"standard","meta":{"footnotes":""},"categories":[9],"tags":[5695,1011,27,16748,60],"class_list":{"0":"post-249178","1":"post","2":"type-post","3":"status-publish","4":"format-standard","5":"has-post-thumbnail","7":"category-sports","8":"tag-fc-barcelone","9":"tag-fr","10":"tag-france","11":"tag-lamine-yamal","12":"tag-sports"},"share_on_mastodon":{"url":"https:\/\/pubeurope.com\/@fr\/114851209797431878","error":""},"_links":{"self":[{"href":"https:\/\/www.europesays.com\/fr\/wp-json\/wp\/v2\/posts\/249178","targetHints":{"allow":["GET"]}}],"collection":[{"href":"https:\/\/www.europesays.com\/fr\/wp-json\/wp\/v2\/posts"}],"about":[{"href":"https:\/\/www.europesays.com\/fr\/wp-json\/wp\/v2\/types\/post"}],"author":[{"embeddable":true,"href":"https:\/\/www.europesays.com\/fr\/wp-json\/wp\/v2\/users\/2"}],"replies":[{"embeddable":true,"href":"https:\/\/www.europesays.com\/fr\/wp-json\/wp\/v2\/comments?post=249178"}],"version-history":[{"count":0,"href":"https:\/\/www.europesays.com\/fr\/wp-json\/wp\/v2\/posts\/249178\/revisions"}],"wp:featuredmedia":[{"embeddable":true,"href":"https:\/\/www.europesays.com\/fr\/wp-json\/wp\/v2\/media\/249179"}],"wp:attachment":[{"href":"https:\/\/www.europesays.com\/fr\/wp-json\/wp\/v2\/media?parent=249178"}],"wp:term":[{"taxonomy":"category","embeddable":true,"href":"https:\/\/www.europesays.com\/fr\/wp-json\/wp\/v2\/categories?post=249178"},{"taxonomy":"post_tag","embeddable":true,"href":"https:\/\/www.europesays.com\/fr\/wp-json\/wp\/v2\/tags?post=249178"}],"curies":[{"name":"wp","href":"https:\/\/api.w.org\/{rel}","templated":true}]}}