{"id":249182,"date":"2025-07-14T10:53:10","date_gmt":"2025-07-14T10:53:10","guid":{"rendered":"https:\/\/www.europesays.com\/fr\/249182\/"},"modified":"2025-07-14T10:53:10","modified_gmt":"2025-07-14T10:53:10","slug":"comment-de-simples-tests-sanguins-pourraient-revolutionner-le-diagnostic-des-troubles-psychiatriques-cet-ete","status":"publish","type":"post","link":"https:\/\/www.europesays.com\/fr\/249182\/","title":{"rendered":"comment de simples tests sanguins pourraient r\u00e9volutionner le diagnostic des troubles psychiatriques cet \u00e9t\u00e9"},"content":{"rendered":"<p>\u00c0 l\u2019heure o\u00f9 les <strong>vagues de chaleur<\/strong> traversent<br \/>\nl\u2019Hexagone et o\u00f9 nombreux sont ceux qui recherchent un peu de<br \/>\nl\u00e9g\u00e8ret\u00e9 estivale, une r\u00e9volution discr\u00e8te se pr\u00e9pare dans les<br \/>\nlaboratoires fran\u00e7ais. Imaginez pouvoir retracer l\u2019origine de<br \/>\ntroubles psychiques souvent tabous et mal compris, gr\u00e2ce \u00e0<br \/>\nune simple goutte de sang. Cet \u00e9t\u00e9, de nouveaux tests sanguins<br \/>\npourraient transformer radicalement notre approche de la sant\u00e9<br \/>\nmentale, faisant na\u00eetre des espoirs tout en soulevant des questions<br \/>\nl\u00e9gitimes sur cette avanc\u00e9e sans pr\u00e9c\u00e9dent. Quels bouleversements<br \/>\nanticiper, et sommes-nous pr\u00eats \u00e0 \u00e9branler nos certitudes ?<\/p>\n<p>Les diagnostics en sant\u00e9 mentale : une<br \/>\n\u00e9nigme persistanteLe casse-t\u00eate des sympt\u00f4mes<br \/>\ninvisibles<\/p>\n<p>La sant\u00e9 mentale a longtemps pein\u00e9 \u00e0 \u00eatre consid\u00e9r\u00e9e au m\u00eame<br \/>\ntitre que la sant\u00e9 physique. Contrairement \u00e0 une fracture ou une<br \/>\ninfection, <strong>les troubles psychiques<\/strong> demeurent<br \/>\ninvisibles, changeants, bien souvent r\u00e9duits \u00e0 de simples<br \/>\nfluctuations de l\u2019humeur. Il est courant que l\u2019entourage minimise<br \/>\nles signaux d\u2019alerte ou que la souffrance soit tue, par crainte du<br \/>\njugement. Cette invisibilit\u00e9 complique le diagnostic,<br \/>\nplongeant de nombreux patients dans l\u2019incertitude pendant de<br \/>\nlongues ann\u00e9es.<\/p>\n<p>Entre questionnaires, entretiens et<br \/>\ndoutes : les limites des m\u00e9thodes actuelles<\/p>\n<p>Jusqu\u2019\u00e0 pr\u00e9sent, acc\u00e9der \u00e0 un diagnostic repose principalement<br \/>\nsur des questionnaires, des entretiens et une observation prolong\u00e9e<br \/>\ndu comportement. Bien que cette dimension humaine soit essentielle,<br \/>\nelle reste <strong>souvent subjective<\/strong> et d\u00e9pend beaucoup<br \/>\ndu praticien. Trop fr\u00e9quemment, les patients subissent une s\u00e9rie<br \/>\nd\u2019examens pour \u00e9carter d\u2019autres causes, ce qui retarde la prise en<br \/>\ncharge. Les retards ou erreurs de diagnostic ont un impact<br \/>\nconsid\u00e9rable sur le moral et l\u2019\u00e9volution de la maladie, mettant en<br \/>\nlumi\u00e8re le besoin d\u2019outils plus fiables et plus rapides.<\/p>\n<p>La r\u00e9volution des biomarqueurs : quand<br \/>\nle sang parleDes pistes longtemps explor\u00e9es, des<br \/>\nr\u00e9ponses d\u00e9sormais concr\u00e8tes<\/p>\n<p>Depuis de nombreuses ann\u00e9es, les chercheurs soup\u00e7onnent<br \/>\nl\u2019existence de <strong>biomarqueurs<\/strong> \u2013 des indices<br \/>\nbiologiques refl\u00e9tant l\u2019\u00e9tat du cerveau et les troubles associ\u00e9s.<br \/>\nJusqu\u2019\u00e0 r\u00e9cemment, ces hypoth\u00e8ses demeuraient th\u00e9oriques ou<br \/>\ndifficilement exploitables. Mais en 2024, des avanc\u00e9es majeures en<br \/>\nbiologie mol\u00e9culaire et en intelligence artificielle ont permis<br \/>\nd\u2019identifier des signatures pr\u00e9cises dans le sang,<br \/>\nr\u00e9v\u00e9lant certaines pathologies mentales autrefois insaisissables.<br \/>\nLa fronti\u00e8re entre visible et invisible s\u2019estompe d\u00e9sormais.<\/p>\n<p>Ce que les premiers r\u00e9sultats montrent<br \/>\n: des exemples frappants<\/p>\n<p>Les publications r\u00e9centes de cet \u00e9t\u00e9 r\u00e9v\u00e8lent un potentiel<br \/>\njusque-l\u00e0 inconnu\u00a0: des tests sanguins parviennent aujourd\u2019hui<br \/>\n\u00e0 d\u00e9tecter des variations de prot\u00e9ines ou d\u2019ARN li\u00e9es \u00e0 des<br \/>\ntroubles tels que la <strong>d\u00e9pression majeure<\/strong> ou la<br \/>\nschizophr\u00e9nie, avec une fiabilit\u00e9 sup\u00e9rieure \u00e0 80 %. Pour<br \/>\nles professionnels comme pour les familles, cela repr\u00e9sente un gain<br \/>\nde temps pr\u00e9cieux et une r\u00e9ponse objective \u00e0 des <strong>sympt\u00f4mes<br \/>\nlongtemps n\u00e9glig\u00e9s<\/strong>. L\u2019usage des biomarqueurs pourrait<br \/>\nrapidement offrir un regard neuf sur des souffrances longtemps<br \/>\nenfouies dans le silence.<\/p>\n<p>\u00c9t\u00e9 2024 : pourquoi les tests sanguins<br \/>\ns\u2019invitent dans la psychiatrieAcc\u00e9l\u00e9ration de la recherche et<br \/>\npromesses fran\u00e7aises<\/p>\n<p>Cette ann\u00e9e marque un tournant d\u00e9cisif. En juin, des \u00e9quipes<br \/>\nfran\u00e7aises ont annonc\u00e9 le d\u00e9marrage d\u2019essais cliniques men\u00e9s dans<br \/>\ndes h\u00f4pitaux publics, s\u2019inscrivant dans un large mouvement national<br \/>\nde soutien \u00e0 la <strong>recherche biom\u00e9dicale<\/strong>. Ce<br \/>\nchangement, inspir\u00e9 par la volont\u00e9 de garantir l\u2019\u00e9galit\u00e9 d\u2019acc\u00e8s au<br \/>\ndiagnostic, vise \u00e0 r\u00e9duire les \u00e9carts r\u00e9gionaux. \u00c0 l\u2019\u00e9t\u00e9<br \/>\n2024, l\u2019int\u00e9r\u00eat pour ces tests conna\u00eet une forte progression,<br \/>\nnotamment aupr\u00e8s des centres de soins, face \u00e0 la recrudescence des<br \/>\ndemandes d\u2019accompagnement psychologique.<\/p>\n<p>Des patients en attente : esp\u00e9rances<br \/>\net inqui\u00e9tudes au rendez-vous<\/p>\n<p>L\u2019adoption de ces nouveaux outils suscite l\u2019espoir de sortir du<br \/>\nflou et de nommer clairement la souffrance. Toutefois, comme toute<br \/>\navanc\u00e9e, elle soul\u00e8ve des interrogations l\u00e9gitimes\u00a0:<br \/>\nla fiabilit\u00e9 sera-t-elle p\u00e9renne\u00a0? Les patients expriment \u00e0 la<br \/>\nfois leur impatience et leur d\u00e9sir de compr\u00e9hension, tout en<br \/>\nredoutant une technologie qui rel\u00e9guerait l\u2019humain au second plan.<br \/>\nIl demeure essentiel de pr\u00e9server le temps d\u2019\u00e9coute et la qualit\u00e9<br \/>\ndu suivi dans cette dynamique innovante.<\/p>\n<p>Un nouveau regard sur les maladies<br \/>\nmentales : la fin du diagnostic \u00e0 l\u2019aveugle ?Vers des diagnostics plus rapides et<br \/>\npr\u00e9cis<\/p>\n<p>L\u2019av\u00e8nement des biomarqueurs sanguins offre la<br \/>\n<strong>perspective de mettre un terme \u00e0 l\u2019errance<br \/>\ndiagnostique<\/strong> qui touche tant de personnes. Gr\u00e2ce \u00e0 un<br \/>\nsimple pr\u00e9l\u00e8vement, l\u2019orientation m\u00e9dicale pourrait s\u2019acc\u00e9l\u00e9rer,<br \/>\npassant de plusieurs mois \u00e0 seulement quelques jours. En France, ce<br \/>\nbouleversement permettrait des prises en charge pr\u00e9coces, sans<br \/>\nattendre que la situation se d\u00e9t\u00e9riore. Enfin, la sant\u00e9 mentale<br \/>\ns\u2019impose comme une sp\u00e9cialit\u00e9 m\u00e9dicale \u00e0 part enti\u00e8re.<\/p>\n<p>Individualiser le traitement : la cl\u00e9<br \/>\npour mieux soigner ?<\/p>\n<p>Plus innovant encore, ces progr\u00e8s ouvrent la voie \u00e0 des soins<br \/>\n<strong>hautement personnalis\u00e9s<\/strong>. Plut\u00f4t qu\u2019un sch\u00e9ma<br \/>\nstandardis\u00e9, les professionnels disposeront d\u2019indicateurs pr\u00e9cis<br \/>\npour ajuster traitements m\u00e9dicamenteux, psychoth\u00e9rapies ou soutien<br \/>\nsocial. Un avenir se dessine o\u00f9 les traitements inadapt\u00e9s feraient<br \/>\nplace \u00e0 des parcours sur mesure, plus efficaces et respectueux des<br \/>\nsp\u00e9cificit\u00e9s de chacun.<\/p>\n<p>D\u00e9fis, controverses et questions<br \/>\n\u00e9thiques : le revers de la m\u00e9dailleAnalyse d\u2019un possible \u00ab surdiagnostic<br \/>\n\u00bb<\/p>\n<p>Si la promesse des biomarqueurs inspire un r\u00e9el enthousiasme,<br \/>\nelle s\u2019accompagne d\u2019un questionnement sur le risque de<br \/>\n<strong>surdiagnostic<\/strong>. Sera-t-il bient\u00f4t possible d\u2019\u00eatre<br \/>\n\u00e9tiquet\u00e9 au moindre d\u00e9s\u00e9quilibre biologique\u00a0? Le danger d\u2019une<br \/>\nidentification excessive est bien r\u00e9el, posant la question de<br \/>\nl\u2019utilisation raisonn\u00e9e de cette technologie\u00a0: il ne s\u2019agit<br \/>\npas de transformer les \u00e9preuves du quotidien en pathologies ni de<br \/>\nm\u00e9dicaliser \u00e0 outrance la vie courante.<\/p>\n<p>Donn\u00e9es priv\u00e9es et stigmatisation :<br \/>\nnos cerveaux sont-ils vraiment prot\u00e9g\u00e9s ?<\/p>\n<p>Derri\u00e8re ces avanc\u00e9es se cache la question sensible de la<br \/>\nprotection des donn\u00e9es m\u00e9dicales et du respect de la vie<br \/>\npriv\u00e9e. Comment garantir l\u2019anonymat et pr\u00e9venir les risques de<br \/>\nstigmatisation, en particulier dans les milieux professionnels ou<br \/>\nscolaires\u00a0? Le d\u00e9bat s\u2019intensifie sur la n\u00e9cessit\u00e9 de<br \/>\nrenforcer la l\u00e9gislation afin d\u2019emp\u00eacher tout usage abusif de ces<br \/>\ninformations, tout en pr\u00e9servant la <strong>dimension<br \/>\nsolidaire<\/strong> de notre syst\u00e8me de sant\u00e9.<\/p>\n<p>Changer la donne pour les patients et<br \/>\nla soci\u00e9t\u00e9 : quelles suites pour demain ?Un accompagnement repens\u00e9, de la<br \/>\npr\u00e9vention \u00e0 la gu\u00e9rison<\/p>\n<p>Ce bouleversement s\u2019annonce capable de transformer en profondeur<br \/>\nl\u2019approche de la sant\u00e9 mentale, de la d\u00e9tection pr\u00e9coce \u00e0<br \/>\nl\u2019accompagnement durable. <strong>Institutions et<br \/>\nassociations<\/strong> plaident pour que ces nouveaux outils<br \/>\ns\u2019int\u00e8grent dans un parcours complet, o\u00f9 pr\u00e9vention, p\u00e9dagogie et<br \/>\nprise en charge psychologique demeurent prioritaires. Des<br \/>\nactions de sensibilisation voient d\u00e9j\u00e0 le jour, via les<br \/>\nMaisons de sant\u00e9 et de nouveaux ateliers, pour faciliter l\u2019accueil<br \/>\nde ces innovations.<\/p>\n<p>Les prochaines \u00e9tapes de la recherche<br \/>\n: ce que l\u2019avenir nous r\u00e9serve<\/p>\n<p>Si les biomarqueurs suscitent un immense espoir, leur diffusion<br \/>\ng\u00e9n\u00e9rale demandera encore du temps. \u00c0 l\u2019horizon 2025, la communaut\u00e9<br \/>\nscientifique pr\u00e9voit de nouvelles \u00e9tudes pour renforcer la<br \/>\nfiabilit\u00e9 des tests, \u00e9largir leur champ de d\u00e9tection \u00e0 d\u2019autres<br \/>\npathologies, et mesurer leur impact concret sur la vie des<br \/>\npatients. L\u2019objectif est clair\u00a0: mettre en \u0153uvre un mod\u00e8le de<br \/>\nsoins <strong>plus humain et efficace<\/strong>, en respectant<br \/>\nl\u2019unicit\u00e9 de chaque parcours. L\u2019\u00e9t\u00e9 2024 inaugure un chantier<br \/>\nmajeur dans cet \u00e9lan de transformation.<\/p>\n<p>En quelques mois, la m\u00e9decine pourrait consacrer un bond d\u00e9cisif<br \/>\nvers une sant\u00e9 mentale mieux comprise et plus accessible, gr\u00e2ce \u00e0<br \/>\nl\u2019essor des tests sanguins et des biomarqueurs. Si la vigilance<br \/>\nreste n\u00e9cessaire sur le plan \u00e9thique ou en ce qui concerne la vie<br \/>\npriv\u00e9e, un nouvel espoir se profile pour all\u00e9ger le fardeau du<br \/>\ndoute quotidien. Sommes-nous pr\u00eats, demain, \u00e0 adopter cet outil<br \/>\ninnovant au service de l\u2019\u00e9coute, de la pr\u00e9vention et surtout de la<br \/>\ndignit\u00e9 de chacun tout au long de son parcours de vie\u00a0?<\/p>\n","protected":false},"excerpt":{"rendered":"\u00c0 l\u2019heure o\u00f9 les vagues de chaleur traversent l\u2019Hexagone et o\u00f9 nombreux sont ceux qui recherchent un peu&hellip;\n","protected":false},"author":2,"featured_media":249183,"comment_status":"","ping_status":"","sticky":false,"template":"","format":"standard","meta":{"footnotes":""},"categories":[7],"tags":[1011,27,43,40,41,39,42,44],"class_list":{"0":"post-249182","1":"post","2":"type-post","3":"status-publish","4":"format-standard","5":"has-post-thumbnail","7":"category-sciences-et-technologies","8":"tag-fr","9":"tag-france","10":"tag-science","11":"tag-science-and-technology","12":"tag-sciences","13":"tag-sciences-et-technologies","14":"tag-technologies","15":"tag-technology"},"share_on_mastodon":{"url":"https:\/\/pubeurope.com\/@fr\/114851217757062691","error":""},"_links":{"self":[{"href":"https:\/\/www.europesays.com\/fr\/wp-json\/wp\/v2\/posts\/249182","targetHints":{"allow":["GET"]}}],"collection":[{"href":"https:\/\/www.europesays.com\/fr\/wp-json\/wp\/v2\/posts"}],"about":[{"href":"https:\/\/www.europesays.com\/fr\/wp-json\/wp\/v2\/types\/post"}],"author":[{"embeddable":true,"href":"https:\/\/www.europesays.com\/fr\/wp-json\/wp\/v2\/users\/2"}],"replies":[{"embeddable":true,"href":"https:\/\/www.europesays.com\/fr\/wp-json\/wp\/v2\/comments?post=249182"}],"version-history":[{"count":0,"href":"https:\/\/www.europesays.com\/fr\/wp-json\/wp\/v2\/posts\/249182\/revisions"}],"wp:featuredmedia":[{"embeddable":true,"href":"https:\/\/www.europesays.com\/fr\/wp-json\/wp\/v2\/media\/249183"}],"wp:attachment":[{"href":"https:\/\/www.europesays.com\/fr\/wp-json\/wp\/v2\/media?parent=249182"}],"wp:term":[{"taxonomy":"category","embeddable":true,"href":"https:\/\/www.europesays.com\/fr\/wp-json\/wp\/v2\/categories?post=249182"},{"taxonomy":"post_tag","embeddable":true,"href":"https:\/\/www.europesays.com\/fr\/wp-json\/wp\/v2\/tags?post=249182"}],"curies":[{"name":"wp","href":"https:\/\/api.w.org\/{rel}","templated":true}]}}