{"id":249184,"date":"2025-07-14T10:54:20","date_gmt":"2025-07-14T10:54:20","guid":{"rendered":"https:\/\/www.europesays.com\/fr\/249184\/"},"modified":"2025-07-14T10:54:20","modified_gmt":"2025-07-14T10:54:20","slug":"pourquoi-elle-est-parfaite-si-vous-avez-un-iphone","status":"publish","type":"post","link":"https:\/\/www.europesays.com\/fr\/249184\/","title":{"rendered":"pourquoi elle est parfaite si vous avez un iPhone"},"content":{"rendered":"<p>Nous avons pu passer 250 km \u00e0 bord de la nouvelle voiture \u00e9lectrique de Xiaomi, la YU7. Et une chose nous a saut\u00e9s aux yeux : la compatibilit\u00e9 avec les iPhone d\u2019Apple est la meilleure de l\u2019industrie automobile.<\/p>\n<p><a href=\"https:\/\/images.frandroid.com\/wp-content\/uploads\/2025\/07\/xiaomi-yu7-00010.jpg\" target=\"_blank\" class=\"article-content__figure\" rel=\"noopener\"><img fetchpriority=\"high\" decoding=\"async\" loading=\"eager\" width=\"1200\" height=\"748\" src=\"https:\/\/www.europesays.com\/fr\/wp-content\/uploads\/2025\/07\/xiaomi-yu7-00010.jpg\" alt=\"\" class=\"wp-image-2731893 wp-image wp-image\"  \/><\/a>Xiaomi YU7 \/\/ Source : Xiaomi<\/p>\n<p>Nous avons pu rouler 250 km \u00e0 bord de la nouvelle Xiaomi YU7. Nous avons d\u00e9j\u00e0 publi\u00e9 un test complet, ainsi qu\u2019un focus sur la vie \u00e0 bord. Cette fois-ci, nous allons aborder un aspect qui m\u2019a encore plus bluff\u00e9 venant d\u2019un constructeur de smartphones Android : la compatibilit\u00e9 avec les iPhone d\u2019Apple et son \u00e9cosyst\u00e8me.<\/p>\n<p>Cela est surprenant, mais Xiaomi a mis le paquet pour les utilisateurs de t\u00e9l\u00e9phones et tablettes de son concurrent\u2026 Je ne peux m\u2019emp\u00eacher de penser que <a href=\"https:\/\/www.frandroid.com\/marques\/xiaomi\/2725581_pourquoi-xiaomi-triomphe-sur-la-voiture-electrique-la-ou-apple-a-echoue\" target=\"_blank\" rel=\"noopener\">Lei Jun esp\u00e8re faire mieux qu\u2019Apple aurait fait sur son propre v\u00e9hicule.<\/a> Et force est de constater que Xiaomi frappe fort.<\/p>\n<p>Int\u00e9gration Apple r\u00e9volutionnaire<\/p>\n<p>Le <strong>d\u00e9verrouillage UWB<\/strong> (Ultra Wide Band) transforme l\u2019iPhone en cl\u00e9 intelligente : approchez-vous du v\u00e9hicule, et il se d\u00e9verrouille automatiquement, en ayant votre iPhone dans la poche.<\/p>\n<p>Mais les d\u00e9veloppeurs ont \u00e9galement opt\u00e9 pour le support du <strong>bouton action<\/strong> programmable dans le menu iOS, des <strong>widgets iOS<\/strong> pour le contr\u00f4le depuis l\u2019\u00e9cran d\u2019accueil ainsi qu\u2019\u00e0 la gestion du \u00ab\u00a0<strong>Dynamic Island<\/strong>\u00a0\u00bb qui permettra l\u2019affichage en temps r\u00e9el d\u2019informations de votre YU7. Bref tout y est.<\/p>\n<p><a href=\"https:\/\/images.frandroid.com\/wp-content\/uploads\/2025\/07\/img-9532.jpg\" target=\"_blank\" class=\"article-content__figure\" rel=\"noopener\"><img loading=\"lazy\" decoding=\"async\" width=\"1200\" height=\"516\" src=\"https:\/\/www.europesays.com\/fr\/wp-content\/uploads\/2025\/07\/img-9532-1200x516.jpg\" alt=\"\" class=\"wp-image-2720725 wp-image\"  \/><\/a>Le PDG de Xiaomi devant une liste des fonctions du YU7 pour l\u2019iPhone !<\/p>\n<p>La programmation du bouton action iPhone pour le contr\u00f4le du v\u00e9hicule illustre parfaitement une philosophie d\u2019int\u00e9gration. D\u2019une simple pression, l\u2019utilisateur peut verrouiller, d\u00e9verrouiller, ou m\u00eame pr\u00e9conditionner l\u2019habitacle. Cette synergie entre smartphone et automobile cr\u00e9e un continuum technologique rare dans l\u2019industrie. <\/p>\n<p>Apple CarPlay nouvelle g\u00e9n\u00e9ration<\/p>\n<p><a href=\"https:\/\/images.frandroid.com\/wp-content\/uploads\/2025\/07\/img-9687.jpg\" target=\"_blank\" class=\"article-content__figure\" rel=\"noopener\"><img loading=\"lazy\" decoding=\"async\" width=\"1200\" height=\"900\" src=\"https:\/\/www.europesays.com\/fr\/wp-content\/uploads\/2025\/07\/img-9687-1200x900.jpg\" alt=\"\" class=\"wp-image-2726361 wp-image\"  \/><\/a>Le menu des raccourcis CarPlay s\u2019affiche d\u00e8s la connexion d\u2019un iPhone avec la YU7.<\/p>\n<p>La fonction <strong>fen\u00eatre flottante CarPlay<\/strong> constitue une avanc\u00e9e majeure et une premi\u00e8re (pour moi en tout cas) dans le monde automobile. Il permet d\u2019afficher par exemple le menu CarPlay avec une navigation active sur le syst\u00e8me Xiaomi, contrairement aux impl\u00e9mentations traditionnelles qui accaparent tout l\u2019\u00e9cran.<\/p>\n<p>            <img decoding=\"async\" width=\"1200\" height=\"446\" loading=\"lazy\" alt=\"Box Dyson \u2013 Juillet 2025\" title=\"Box Dyson \u2013 Juillet 2025\" class=\"is-radiusless placeholder-default wp-image\" src=\"https:\/\/www.europesays.com\/fr\/wp-content\/uploads\/2025\/07\/box-dyson-juillet-2025-1-1200x446.png\" \/>        <\/p>\n<p>\n                Jusqu\u2019\u00e0 31 % de remise chez Dyson            <\/p>\n<p class=\"has-text-weight-medium is-size-6 is-line-height-normal\">\n                Ventilateurs, aspirateurs, appareils de coiffure\u2026 Dyson a lanc\u00e9 ses soldes d\u2019\u00e9t\u00e9 ! On vous a justement s\u00e9lectionn\u00e9 l\u2019aspirateur sans fil V15 Detect Absolute : en promotion \u00e0 549 euros, avec sa d\u00e9tection laser des poussi\u00e8res et son \u00e9cran LCD qui affiche les donn\u00e9es en temps r\u00e9el.            <\/p>\n<p>Le multit\u00e2che permettra aussi l\u2019utilisation simultan\u00e9e de CarPlay et des fonctions natives du v\u00e9hicule telles que les informations de conduite semi-autonome du YU7. Ce mode multit\u00e2che est illustr\u00e9 ci-dessous avec le basculement de 2 \u00e0 3 fen\u00eatres avec un glissement de doigt.<\/p>\n<p>Il est alors possible d\u2019afficher Apple CarPlay sur seulement un tiers de l\u2019\u00e9cran, sur 2\/3 ou sur la totalit\u00e9, selon le choix du conducteur.<\/p>\n<p>\t\t\t\t\t\t<a href=\"https:\/\/images.frandroid.com\/wp-content\/uploads\/2025\/07\/img-9689.jpg\" itemprop=\"url\" target=\"_blank\" rel=\"noopener\"><\/p>\n<p>\t\t\t\t\t\t\t<img class=\"wp-image\" decoding=\"async\" src=\"https:\/\/www.europesays.com\/fr\/wp-content\/uploads\/2025\/07\/img-9689.jpg\"  width=\"448\" height=\"336\" loading=\"lazy\" data-original-width=\"448\" data-original-height=\"336\" itemprop=\"http:\/\/schema.org\/image\" title=\"IMG_9689\" alt=\"IMG_9689\" style=\"width: 448px; height: 336px;\"\/><br \/>\n\t\t\t\t\t\t<\/a><\/p>\n<p>\t\t\t\t\t\t<a href=\"https:\/\/images.frandroid.com\/wp-content\/uploads\/2025\/07\/img-9691.jpg\" itemprop=\"url\" target=\"_blank\" rel=\"noopener\"><\/p>\n<p>\t\t\t\t\t\t\t<img class=\"wp-image\" decoding=\"async\" src=\"https:\/\/www.europesays.com\/fr\/wp-content\/uploads\/2025\/07\/img-9691.jpg\"  width=\"472\" height=\"336\" loading=\"lazy\" data-original-width=\"472\" data-original-height=\"336\" itemprop=\"http:\/\/schema.org\/image\" title=\"IMG_9691\" alt=\"IMG_9691\" style=\"width: 472px; height: 336px;\"\/><br \/>\n\t\t\t\t\t\t<\/a><\/p>\n<p>Cette approche <strong>multit\u00e2che<\/strong> r\u00e9sout un dilemme r\u00e9current : choisir entre l\u2019\u00e9cosyst\u00e8me familier du smartphone et les fonctions avanc\u00e9es du v\u00e9hicule. <strong>Xiaomi supprime ce choix en rendant les deux compatibles.<\/strong><\/p>\n<p>\u00c9cosyst\u00e8me Apple complet<\/p>\n<p>Et pour conclure sur Apple, les \u00e9quipes Xiaomi ont aussi mis en avant l\u2019int\u00e9gration avec l\u2019\u00e9cosyst\u00e8me Apple. Vous pourrez donc utiliser votre <strong>Apple Watch<\/strong> pour le contr\u00f4le du v\u00e9hicule : climatisation, verrouillage, \u00e9tat, etc. Mais aussi la synchronisation et <strong>l\u2019envoi d\u2019itin\u00e9raires depuis l\u2019iPhone<\/strong> vers le syst\u00e8me de navigation de la voiture.<\/p>\n<p><a href=\"https:\/\/images.frandroid.com\/wp-content\/uploads\/2025\/07\/img-9533.jpg\" target=\"_blank\" class=\"article-content__figure\" rel=\"noopener\"><img loading=\"lazy\" decoding=\"async\" width=\"1200\" height=\"551\" src=\"https:\/\/www.europesays.com\/fr\/wp-content\/uploads\/2025\/07\/img-9533-1200x551.jpg\" alt=\"\" class=\"wp-image-2720727 wp-image\"  \/><\/a><\/p>\n<p>L\u2019int\u00e9gration Apple Music native, l\u2019Apple Watch comme t\u00e9l\u00e9commande v\u00e9hicule et le support iPad aux places arri\u00e8res compl\u00e8tent un \u00e9cosyst\u00e8me d\u2019une richesse in\u00e9gal\u00e9e. Pour les familles \u00e9quip\u00e9es Apple, le YU7 devient une extension naturelle de leur univers technologique.<\/p>\n<p>Par exemple, il est possible d\u2019installer des tablettes iPad \u00e0 l\u2019arri\u00e8re, sur les appui-t\u00eates des si\u00e8ges avant. Xiaomi propose sur l\u2019App Store sa propre application permettant d\u2019avoir acc\u00e8s aux fonctions de la voiture : musique, ventilation, r\u00e9glages des si\u00e8ges, etc. Du jamais vu dans l\u2019industrie auto.<\/p>\n<p>Face \u00e0 la concurrence : une longueur d\u2019avance technologique<\/p>\n<p>Face \u00e0 Tesla, Renault, ou Peugeot, Xiaomi b\u00e9n\u00e9ficie d\u2019un avantage d\u00e9cisif : la nouvelle puce NVIDIA Thor 4nm d\u00e9livre 700 TOPS de puissance de calcul, surpassant largement les syst\u00e8mes concurrents.<\/p>\n<p>Cette puissance se traduit par une fluidit\u00e9 d\u2019interface et des capacit\u00e9s de conduite semi-autonome sup\u00e9rieures. Quelques bugs subsistent mais devraient disparaitre avec les futures mises \u00e0 jour.<\/p>\n<p>La connectivit\u00e9 <a href=\"https:\/\/www.frandroid.com\/telecom\/488716_reseau-5g-tout-ce-qui-va-changer-quels-usages-et-pourquoi-la-technologie-est-importante\" target=\"_blank\" rel=\"noopener\">5G<\/a>, Wi-Fi 7 et UWB placent le YU7 en avance sur la concurrence. Alors que les constructeurs europ\u00e9ens peinent \u00e0 int\u00e9grer correctement Apple CarPlay, Xiaomi propose un \u00e9cosyst\u00e8me \u00ab\u00a0<strong>Human x Car x Home<\/strong>\u00a0\u00bb tr\u00e8s abouti. Certainement le plus abouti que j\u2019ai pu tester.<\/p>\n<p><a target=\"_blank\" href=\"https:\/\/images.frandroid.com\/wp-content\/uploads\/2025\/07\/xiaomi-yu7-00007.jpeg\" class=\"article-content__figure\" rel=\"noopener\"><img loading=\"lazy\" decoding=\"async\" width=\"1200\" height=\"676\" src=\"https:\/\/www.europesays.com\/fr\/wp-content\/uploads\/2025\/07\/xiaomi-yu7-00007-1200x676.jpeg\" alt=\"\" class=\"wp-image-2731887 wp-image\"  \/><\/a><\/p>\n<p>Les possesseurs d\u2019iPhone trouveront dans le YU7 un niveau d\u2019int\u00e9gration in\u00e9gal\u00e9, transformant leur v\u00e9hicule en hub technologique personnel. Cette synergie entre innovation chinoise et \u00e9cosyst\u00e8me Apple ouvre une nouvelle \u00e8re o\u00f9 la voiture \u00e9lectrique devient enfin ce qu\u2019elle aurait toujours d\u00fb \u00eatre : un ordinateur sur roues parfaitement int\u00e9gr\u00e9 \u00e0 notre vie quotidienne.<\/p>\n<p>Et Lei Jun n\u2019a pas imagin\u00e9 ces int\u00e9grations pour rien : plus de 50 % des acheteurs des voitures Xiaomi sont possesseurs d\u2019un smartphone Apple.<\/p>\n<p>Mais la puissance ne fait pas tout, et Xiaomi le prouve avec ses nombreuses fonctions in\u00e9dites dans l\u2019industrie automobile. De quoi rendre la voiture de Xiaomi tr\u00e8s pratique au quotidien. \u00c0 condition d\u2019\u00eatre \u00e0 l\u2019aise avec la technologie. Et c\u2019est peut-\u00eatre l\u00e0 la grande diff\u00e9rence avec l\u2019Europe : l\u2019\u00e2ge moyen d\u2019un acheter de voiture neuve. Il est de 35 ans en Chine contre 52 ans en Europe. Un grand \u00e9cart.<\/p>\n","protected":false},"excerpt":{"rendered":"Nous avons pu passer 250 km \u00e0 bord de la nouvelle voiture \u00e9lectrique de Xiaomi, la YU7. Et&hellip;\n","protected":false},"author":2,"featured_media":249185,"comment_status":"","ping_status":"","sticky":false,"template":"","format":"standard","meta":{"footnotes":""},"categories":[6],"tags":[35,33,34,1011,27,34459],"class_list":{"0":"post-249184","1":"post","2":"type-post","3":"status-publish","4":"format-standard","5":"has-post-thumbnail","7":"category-economie","8":"tag-business","9":"tag-economie","10":"tag-economy","11":"tag-fr","12":"tag-france","13":"tag-xiaomi-yu7"},"share_on_mastodon":{"url":"https:\/\/pubeurope.com\/@fr\/114851221945261344","error":""},"_links":{"self":[{"href":"https:\/\/www.europesays.com\/fr\/wp-json\/wp\/v2\/posts\/249184","targetHints":{"allow":["GET"]}}],"collection":[{"href":"https:\/\/www.europesays.com\/fr\/wp-json\/wp\/v2\/posts"}],"about":[{"href":"https:\/\/www.europesays.com\/fr\/wp-json\/wp\/v2\/types\/post"}],"author":[{"embeddable":true,"href":"https:\/\/www.europesays.com\/fr\/wp-json\/wp\/v2\/users\/2"}],"replies":[{"embeddable":true,"href":"https:\/\/www.europesays.com\/fr\/wp-json\/wp\/v2\/comments?post=249184"}],"version-history":[{"count":0,"href":"https:\/\/www.europesays.com\/fr\/wp-json\/wp\/v2\/posts\/249184\/revisions"}],"wp:featuredmedia":[{"embeddable":true,"href":"https:\/\/www.europesays.com\/fr\/wp-json\/wp\/v2\/media\/249185"}],"wp:attachment":[{"href":"https:\/\/www.europesays.com\/fr\/wp-json\/wp\/v2\/media?parent=249184"}],"wp:term":[{"taxonomy":"category","embeddable":true,"href":"https:\/\/www.europesays.com\/fr\/wp-json\/wp\/v2\/categories?post=249184"},{"taxonomy":"post_tag","embeddable":true,"href":"https:\/\/www.europesays.com\/fr\/wp-json\/wp\/v2\/tags?post=249184"}],"curies":[{"name":"wp","href":"https:\/\/api.w.org\/{rel}","templated":true}]}}