{"id":249194,"date":"2025-07-14T11:02:10","date_gmt":"2025-07-14T11:02:10","guid":{"rendered":"https:\/\/www.europesays.com\/fr\/249194\/"},"modified":"2025-07-14T11:02:10","modified_gmt":"2025-07-14T11:02:10","slug":"des-travaux-de-nuit-attendus-sur-la-ligne-voici-les-secteurs-concernes-dans-le-grand-nancy","status":"publish","type":"post","link":"https:\/\/www.europesays.com\/fr\/249194\/","title":{"rendered":"des travaux de nuit attendus sur la ligne, voici les secteurs concern\u00e9s dans le Grand Nancy"},"content":{"rendered":"<p>            Par<br \/>\n        <strong><br \/>\n            <a href=\"https:\/\/actu.fr\/auteur\/amandine-mehl\" title=\"Consulter tous les articles de Amandine Mehl\" target=\"_blank\" rel=\"noopener\">Amandine Mehl<\/a><br \/>\n        <\/strong><\/p>\n<p>        Publi\u00e9 le<\/p>\n<p>            14 juil. 2025 \u00e0 12h37        <\/p>\n<p>Des <a href=\"https:\/\/actu.fr\/tag\/travaux\" target=\"_blank\" rel=\"noopener\">travaux<\/a> de <strong>nuit<\/strong> de \u00ab\u2009maintenance corrective sur les griffes d\u2019emperchement\u2009\u00bb vont \u00eatre men\u00e9s sur les <strong>lignes a\u00e9riennes de contact<\/strong> du <a href=\"https:\/\/actu.fr\/tag\/trolleybus\" target=\"_blank\" rel=\"noopener\">trolleybus<\/a> dans le <a href=\"https:\/\/actu.fr\/tag\/grand-nancy\" target=\"_blank\" rel=\"noopener\">Grand Nancy<\/a>.<\/p>\n<p class=\" wall-content\">La M\u00e9tropole indique que ces travaux visent \u00ab\u2009\u00e0 <strong>aligner parfaitement les lignes a\u00e9riennes de contact avec les fils<\/strong> afin d\u2019\u00e9viter des d\u00e9semperchages ou des usures pr\u00e9matur\u00e9es\u2009\u00bb.<\/p>\n<p>Des travaux attendus sur la ligne du trolleybus dans le Grand Nancy<\/p>\n<p class=\" wall-content\">Ces travaux se d\u00e9rouleront dans <strong>plusieurs secteurs<\/strong> du Grand Nancy aux <strong>dates suivantes<\/strong>\u2009:<\/p>\n<ul class=\" wall-content\">\n<li>\u00c0 Vand\u0153uvre-l\u00e8s-Nancy et Nancy, les nuits du 15 au 17\u00a0juillet de 22h \u00e0 4h, secteur V\u00e9lodrome-Montet-Octroit.<\/li>\n<li>\u00c0 Vand\u0153uvre-l\u00e8s-Nancy, le 16\u00a0juillet de 1h \u00e0 4h, de CHU \u00e0 V\u00e9lodrome.<\/li>\n<li>\u00c0 Nancy, la nuit du 16 au 17\u00a0juillet de 22h \u00e0 4h, avenue Jean Jaur\u00e8s.<\/li>\n<li>\u00c0 Nancy, les 17 et 18\u00a0juillet de 1h \u00e0 4h, secteur XXe Corps.<\/li>\n<li>\u00c0 Saint-Max, les 17 et 18\u00a0juillet de 1h \u00e0 4h, avenue Carnot.<\/li>\n<li>\u00c0 Essey-l\u00e8s-Nancy, les 17 et 18\u00a0juillet de 1h \u00e0 4h, avenues Foch, G\u00e9n\u00e9ral Leclerc, rue des Pr\u00e9s et terminus.<\/li>\n<\/ul>\n<p class=\" wall-content\">La M\u00e9tropole ajoute qu\u2019<strong>il n\u2019y aura pas d\u2019impact<\/strong> sur la circulation.<\/p>\n<p>Vid\u00e9os : en ce moment sur Actu<\/p>\n<p class=\" wall-content\">Suivez toute l\u2019actualit\u00e9 de vos villes et m\u00e9dias favoris en vous inscrivant \u00e0 <a href=\"https:\/\/moncompte.actu.fr\" title=\"D\u00e9couvez Mon Actu\" rel=\"nofollow noopener\" data-trk=\"{&quot;cta&quot;:{&quot;action&quot;:&quot;https:\\\/\\\/moncompte.actu.fr&quot;,&quot;category&quot;:&quot;mon compte&quot;,&quot;from&quot;:&quot;article footer&quot;,&quot;name&quot;:&quot;Mon actu&quot;,&quot;type&quot;:&quot;cta&quot;}}\" target=\"_blank\">Mon Actu<\/a>.<\/p>\n","protected":false},"excerpt":{"rendered":"Par Amandine Mehl Publi\u00e9 le 14 juil. 2025 \u00e0 12h37 Des travaux de nuit de \u00ab\u2009maintenance corrective sur&hellip;\n","protected":false},"author":2,"featured_media":28031,"comment_status":"","ping_status":"","sticky":false,"template":"","format":"standard","meta":{"footnotes":""},"categories":[9635],"tags":[1111,11,1777,674,1011,27,775,1702,12,25,104,2086,9850],"class_list":{"0":"post-249194","1":"post","2":"type-post","3":"status-publish","4":"format-standard","5":"has-post-thumbnail","7":"category-nancy","8":"tag-actu","9":"tag-actualites","10":"tag-eu","11":"tag-europe","12":"tag-fr","13":"tag-france","14":"tag-grand-est","15":"tag-nancy","16":"tag-news","17":"tag-republique-francaise","18":"tag-societe","19":"tag-travaux","20":"tag-trolleybus"},"share_on_mastodon":{"url":"https:\/\/pubeurope.com\/@fr\/114851253037621147","error":""},"_links":{"self":[{"href":"https:\/\/www.europesays.com\/fr\/wp-json\/wp\/v2\/posts\/249194","targetHints":{"allow":["GET"]}}],"collection":[{"href":"https:\/\/www.europesays.com\/fr\/wp-json\/wp\/v2\/posts"}],"about":[{"href":"https:\/\/www.europesays.com\/fr\/wp-json\/wp\/v2\/types\/post"}],"author":[{"embeddable":true,"href":"https:\/\/www.europesays.com\/fr\/wp-json\/wp\/v2\/users\/2"}],"replies":[{"embeddable":true,"href":"https:\/\/www.europesays.com\/fr\/wp-json\/wp\/v2\/comments?post=249194"}],"version-history":[{"count":0,"href":"https:\/\/www.europesays.com\/fr\/wp-json\/wp\/v2\/posts\/249194\/revisions"}],"wp:featuredmedia":[{"embeddable":true,"href":"https:\/\/www.europesays.com\/fr\/wp-json\/wp\/v2\/media\/28031"}],"wp:attachment":[{"href":"https:\/\/www.europesays.com\/fr\/wp-json\/wp\/v2\/media?parent=249194"}],"wp:term":[{"taxonomy":"category","embeddable":true,"href":"https:\/\/www.europesays.com\/fr\/wp-json\/wp\/v2\/categories?post=249194"},{"taxonomy":"post_tag","embeddable":true,"href":"https:\/\/www.europesays.com\/fr\/wp-json\/wp\/v2\/tags?post=249194"}],"curies":[{"name":"wp","href":"https:\/\/api.w.org\/{rel}","templated":true}]}}