{"id":249219,"date":"2025-07-14T11:18:14","date_gmt":"2025-07-14T11:18:14","guid":{"rendered":"https:\/\/www.europesays.com\/fr\/249219\/"},"modified":"2025-07-14T11:18:14","modified_gmt":"2025-07-14T11:18:14","slug":"quels-magasins-et-hypermarches-sont-ouverts-ce-14-juillet-a-nantes-et-dans-lagglomeration","status":"publish","type":"post","link":"https:\/\/www.europesays.com\/fr\/249219\/","title":{"rendered":"Quels magasins et hypermarch\u00e9s sont ouverts ce 14\u00a0juillet \u00e0 Nantes et dans l\u2019agglom\u00e9ration\u00a0?"},"content":{"rendered":"<p>Pour ce week-end prolong\u00e9, de nombreux centres commerciaux et grandes surfaces sont ouverts en Loire-Atlantique.<br \/>Voici des indications non exhaustives \u00e0 Nantes et aux alentours. \u00c0 <a href=\"https:\/\/www.atlantis-nantes.com\/\" target=\"_self\" rel=\"nofollow noopener\">Atlantis<\/a>, les boutiques Ikea et l\u2019hypermarch\u00e9 sont ouverts. M\u00eame chose \u00e0 <a href=\"https:\/\/www.paridis.fr\/\" target=\"_self\" rel=\"nofollow noopener\">Paridis et <\/a>\u00e0 <a href=\"https:\/\/beaulieu.klepierre.fr\/\" target=\"_self\" rel=\"nofollow noopener\">Beaulieu<\/a> \u00e0 Nantes.<br \/>\u00c0 Saint-S\u00e9bastien-sur-Loire<a href=\"https:\/\/www.auchan.fr\/magasins\/hypermarche\/auchan-hypermarche-nantes-st-sebastien\/s-53\" target=\"_self\" rel=\"nofollow noopener\">, l\u2019hypermarch\u00e9<\/a> est \u00e9galement ouvert dans la grande zone commerciale (et le drive fermera en d\u00e9but d\u2019apr\u00e8s-midi), tout comme celui pr\u00e8s du rond-point des Ch\u00e2taigniers \u00e0 Saint-Herblain et celui <a href=\"https:\/\/www.facebook.com\/AuchanHypermarcheNantesSaintHerblain\" target=\"_self\" rel=\"nofollow noopener\">route de Vannes \u00e0 Saint-Herblain<\/a>.<\/p>\n<p>Les horaires peuvent \u00eatre modifi\u00e9s et sont \u00e0 v\u00e9rifier sur les sites des centres.<\/p>\n<p>Dans le centre-ville de Nantes<\/p>\n<p>Dans le centre-ville de Nantes, de nombreux magasins peuvent fermer leurs portes ce lundi f\u00e9ri\u00e9. Les boutiques ouvertes informent sur leurs r\u00e9seaux sociaux. C\u2019est le cas par exemple de Debott\u00e9-Gautier. M\u00eame constat sur la route de Vannes, avec des magasins de meubles, de d\u00e9stockage,\u00a0etc.<\/p>\n<\/p>\n<p>Des enseignes font le choix de fermer. C\u2019est, par exemple, le cas de l\u2019hypermarch\u00e9 \u00e0 Atout sud Rez\u00e9 ou celui d\u2019Orvault Grand val.<\/p>\n<\/p>\n<p>Des avis partag\u00e9s<\/p>\n<p>M\u00eame si de nombreux clients devraient se rendre dans ces magasins, d\u2019autres s\u2019y refusent. \u00a0Moi j\u2019\u00e9vite au maximum toutes ces surfaces commerciales, et je me refuse d\u2019y aller les jours f\u00e9ri\u00e9s\u00a0, explique Alya, sur les r\u00e9seaux sociaux.\u00a0Pas autre chose \u00e0 faire\u00a0?\u00a0\u00bb, se demande Flo, de Nantes.<\/p>\n<p>\u00a0<\/p>\n","protected":false},"excerpt":{"rendered":"Pour ce week-end prolong\u00e9, de nombreux centres commerciaux et grandes surfaces sont ouverts en Loire-Atlantique.Voici des indications non&hellip;\n","protected":false},"author":2,"featured_media":249220,"comment_status":"","ping_status":"","sticky":false,"template":"","format":"standard","meta":{"footnotes":""},"categories":[2818],"tags":[5659,1111,11,38929,1777,674,1011,27,20479,2868,11906,766,12,18166,2636,25],"class_list":{"0":"post-249219","1":"post","2":"type-post","3":"status-publish","4":"format-standard","5":"has-post-thumbnail","7":"category-nantes","8":"tag-5659","9":"tag-actu","10":"tag-actualites","11":"tag-agglomeration","12":"tag-eu","13":"tag-europe","14":"tag-fr","15":"tag-france","16":"tag-hypermarches","17":"tag-juillet","18":"tag-magasins","19":"tag-nantes","20":"tag-news","21":"tag-ouverts","22":"tag-pays-de-la-loire","23":"tag-republique-francaise"},"share_on_mastodon":{"url":"https:\/\/pubeurope.com\/@fr\/114851315869284470","error":""},"_links":{"self":[{"href":"https:\/\/www.europesays.com\/fr\/wp-json\/wp\/v2\/posts\/249219","targetHints":{"allow":["GET"]}}],"collection":[{"href":"https:\/\/www.europesays.com\/fr\/wp-json\/wp\/v2\/posts"}],"about":[{"href":"https:\/\/www.europesays.com\/fr\/wp-json\/wp\/v2\/types\/post"}],"author":[{"embeddable":true,"href":"https:\/\/www.europesays.com\/fr\/wp-json\/wp\/v2\/users\/2"}],"replies":[{"embeddable":true,"href":"https:\/\/www.europesays.com\/fr\/wp-json\/wp\/v2\/comments?post=249219"}],"version-history":[{"count":0,"href":"https:\/\/www.europesays.com\/fr\/wp-json\/wp\/v2\/posts\/249219\/revisions"}],"wp:featuredmedia":[{"embeddable":true,"href":"https:\/\/www.europesays.com\/fr\/wp-json\/wp\/v2\/media\/249220"}],"wp:attachment":[{"href":"https:\/\/www.europesays.com\/fr\/wp-json\/wp\/v2\/media?parent=249219"}],"wp:term":[{"taxonomy":"category","embeddable":true,"href":"https:\/\/www.europesays.com\/fr\/wp-json\/wp\/v2\/categories?post=249219"},{"taxonomy":"post_tag","embeddable":true,"href":"https:\/\/www.europesays.com\/fr\/wp-json\/wp\/v2\/tags?post=249219"}],"curies":[{"name":"wp","href":"https:\/\/api.w.org\/{rel}","templated":true}]}}