{"id":249234,"date":"2025-07-14T11:28:08","date_gmt":"2025-07-14T11:28:08","guid":{"rendered":"https:\/\/www.europesays.com\/fr\/249234\/"},"modified":"2025-07-14T11:28:08","modified_gmt":"2025-07-14T11:28:08","slug":"il-provoque-un-accident-de-la-route-puis-mord-les-pompiers-qui-lui-viennent-en-aide","status":"publish","type":"post","link":"https:\/\/www.europesays.com\/fr\/249234\/","title":{"rendered":"il provoque un accident de la route puis mord les pompiers qui lui viennent en aide"},"content":{"rendered":"<p itemprop=\"description\"><strong>Ce dimanche soir, un automobiliste a eu un accident de la route \u00e0 hauteur de l&rsquo;un des ronds-points de la D302 \u00e0 Meyzieu.<\/strong><\/p>\n<p>Peu avant 22h, les secours sont intervenus sur place pour lui venir en aide. Mais ses blessures, l&rsquo;individu s&rsquo;est montr\u00e9 peu coop\u00e9ratif puis carr\u00e9ment violent. Il a agress\u00e9 deux pompiers en les mordant (5 jours d&rsquo;ITT).<\/p>\n<p>La police a pris le relais et a embarqu\u00e9 l&rsquo;automobiliste, plac\u00e9 en garde \u00e0 vue. Les soldats du feu ont port\u00e9 plainte.<\/p>\n","protected":false},"excerpt":{"rendered":"Ce dimanche soir, un automobiliste a eu un accident de la route \u00e0 hauteur de l&rsquo;un des ronds-points&hellip;\n","protected":false},"author":2,"featured_media":249235,"comment_status":"","ping_status":"","sticky":false,"template":"","format":"standard","meta":{"footnotes":""},"categories":[1889],"tags":[1111,11,2813,2190,2430,1109,251,1112,2811,1777,674,118,1011,27,1922,1110,1114,2428,2810,12,241,316,25,2812,517,800],"class_list":{"0":"post-249234","1":"post","2":"type-post","3":"status-publish","4":"format-standard","5":"has-post-thumbnail","7":"category-lyon","8":"tag-actu","9":"tag-actualites","10":"tag-article","11":"tag-asvel","12":"tag-auvergne-rhone-alpes","13":"tag-breves","14":"tag-culture","15":"tag-depeches","16":"tag-economique","17":"tag-eu","18":"tag-europe","19":"tag-faits-divers","20":"tag-fr","21":"tag-france","22":"tag-info","23":"tag-informations","24":"tag-infos","25":"tag-lyon","26":"tag-lyonmag","27":"tag-news","28":"tag-ol","29":"tag-politique","30":"tag-republique-francaise","31":"tag-sociale","32":"tag-sport","33":"tag-transports"},"share_on_mastodon":{"url":"https:\/\/pubeurope.com\/@fr\/114851355223970654","error":""},"_links":{"self":[{"href":"https:\/\/www.europesays.com\/fr\/wp-json\/wp\/v2\/posts\/249234","targetHints":{"allow":["GET"]}}],"collection":[{"href":"https:\/\/www.europesays.com\/fr\/wp-json\/wp\/v2\/posts"}],"about":[{"href":"https:\/\/www.europesays.com\/fr\/wp-json\/wp\/v2\/types\/post"}],"author":[{"embeddable":true,"href":"https:\/\/www.europesays.com\/fr\/wp-json\/wp\/v2\/users\/2"}],"replies":[{"embeddable":true,"href":"https:\/\/www.europesays.com\/fr\/wp-json\/wp\/v2\/comments?post=249234"}],"version-history":[{"count":0,"href":"https:\/\/www.europesays.com\/fr\/wp-json\/wp\/v2\/posts\/249234\/revisions"}],"wp:featuredmedia":[{"embeddable":true,"href":"https:\/\/www.europesays.com\/fr\/wp-json\/wp\/v2\/media\/249235"}],"wp:attachment":[{"href":"https:\/\/www.europesays.com\/fr\/wp-json\/wp\/v2\/media?parent=249234"}],"wp:term":[{"taxonomy":"category","embeddable":true,"href":"https:\/\/www.europesays.com\/fr\/wp-json\/wp\/v2\/categories?post=249234"},{"taxonomy":"post_tag","embeddable":true,"href":"https:\/\/www.europesays.com\/fr\/wp-json\/wp\/v2\/tags?post=249234"}],"curies":[{"name":"wp","href":"https:\/\/api.w.org\/{rel}","templated":true}]}}