{"id":249245,"date":"2025-07-14T11:36:16","date_gmt":"2025-07-14T11:36:16","guid":{"rendered":"https:\/\/www.europesays.com\/fr\/249245\/"},"modified":"2025-07-14T11:36:16","modified_gmt":"2025-07-14T11:36:16","slug":"multimedia-la-russie-affirme-que-lukraine-a-attaque-la-centrale-nucleaire-de-zaporijia-xinhua","status":"publish","type":"post","link":"https:\/\/www.europesays.com\/fr\/249245\/","title":{"rendered":"(Multim\u00e9dia) La Russie affirme que l&rsquo;Ukraine a attaqu\u00e9 la centrale nucl\u00e9aire de Zaporijia &#8211; Xinhua"},"content":{"rendered":"<p><img decoding=\"async\" controls=\"controls\" src=\"https:\/\/www.europesays.com\/fr\/wp-content\/uploads\/2025\/07\/202507148106fc84a430406da8d6251727951b78_XxjifrF007039_20250714_CBMFN0A001.png\"\/>Photo prise le 22 ao\u00fbt 2022 de la centrale nucl\u00e9aire de Zaporijia. (Xinhua\/Victor)<\/p>\n<p><strong>Le centre de formation de la centrale nucl\u00e9aire de Zaporijia (ZNPP) a \u00e9t\u00e9 attaqu\u00e9 dimanche soir par trois drones ukrainiens, a d\u00e9clar\u00e9 lundi l&rsquo;administration russe de la centrale.<\/strong><\/p>\n<p>MOSCOU, 14 juillet (Xinhua) &#8212; Le centre de formation de la centrale nucl\u00e9aire de Zaporijia (ZNPP) a \u00e9t\u00e9 attaqu\u00e9 dimanche soir par trois drones ukrainiens, a d\u00e9clar\u00e9 lundi l&rsquo;administration russe de la centrale.<\/p>\n<p>L&rsquo;attaque, qui a touch\u00e9 le sol \u00e0 250 \u00e0 300 m\u00e8tres du premier r\u00e9acteur de la centrale, n&rsquo;a caus\u00e9 ni incendie ni dommage critique. Une enqu\u00eate est en cours pour \u00e9valuer l&rsquo;ampleur de l&rsquo;impact, a ajout\u00e9 l&rsquo;administration.<\/p>\n<p>Malgr\u00e9 l&rsquo;attaque, la centrale continue de fonctionner normalement, toutes les pr\u00e9cautions n\u00e9cessaires ayant \u00e9t\u00e9 prises. \u00ab\u00a0La s\u00e9curit\u00e9 du fonctionnement de la centrale reste intacte\u00a0\u00bb, a d\u00e9clar\u00e9 l&rsquo;administration.<\/p>\n<p>Le centre de formation abrite un simulateur grandeur nature d&rsquo;une salle de contr\u00f4le de r\u00e9acteur nucl\u00e9aire, essentiel pour la formation et la certification du personnel.<\/p>\n<p>La ZNPP, situ\u00e9e pr\u00e8s d&rsquo;Energodar sur la rive gauche du Dniepr, comprend six r\u00e9acteurs d&rsquo;une capacit\u00e9 de 1 gigawatt chacun.<\/p>\n","protected":false},"excerpt":{"rendered":"Photo prise le 22 ao\u00fbt 2022 de la centrale nucl\u00e9aire de Zaporijia. (Xinhua\/Victor) Le centre de formation de&hellip;\n","protected":false},"author":2,"featured_media":249246,"comment_status":"","ping_status":"","sticky":false,"template":"","format":"standard","meta":{"footnotes":""},"categories":[1591],"tags":[11,1887,12,1885,1886,132,38930],"class_list":{"0":"post-249245","1":"post","2":"type-post","3":"status-publish","4":"format-standard","5":"has-post-thumbnail","7":"category-russie","8":"tag-actualites","9":"tag-federation-de-russie","10":"tag-news","11":"tag-russia","12":"tag-russian-federation","13":"tag-russie","14":"tag-russie-ukraine"},"share_on_mastodon":{"url":"https:\/\/pubeurope.com\/@fr\/114851386781101102","error":""},"_links":{"self":[{"href":"https:\/\/www.europesays.com\/fr\/wp-json\/wp\/v2\/posts\/249245","targetHints":{"allow":["GET"]}}],"collection":[{"href":"https:\/\/www.europesays.com\/fr\/wp-json\/wp\/v2\/posts"}],"about":[{"href":"https:\/\/www.europesays.com\/fr\/wp-json\/wp\/v2\/types\/post"}],"author":[{"embeddable":true,"href":"https:\/\/www.europesays.com\/fr\/wp-json\/wp\/v2\/users\/2"}],"replies":[{"embeddable":true,"href":"https:\/\/www.europesays.com\/fr\/wp-json\/wp\/v2\/comments?post=249245"}],"version-history":[{"count":0,"href":"https:\/\/www.europesays.com\/fr\/wp-json\/wp\/v2\/posts\/249245\/revisions"}],"wp:featuredmedia":[{"embeddable":true,"href":"https:\/\/www.europesays.com\/fr\/wp-json\/wp\/v2\/media\/249246"}],"wp:attachment":[{"href":"https:\/\/www.europesays.com\/fr\/wp-json\/wp\/v2\/media?parent=249245"}],"wp:term":[{"taxonomy":"category","embeddable":true,"href":"https:\/\/www.europesays.com\/fr\/wp-json\/wp\/v2\/categories?post=249245"},{"taxonomy":"post_tag","embeddable":true,"href":"https:\/\/www.europesays.com\/fr\/wp-json\/wp\/v2\/tags?post=249245"}],"curies":[{"name":"wp","href":"https:\/\/api.w.org\/{rel}","templated":true}]}}