{"id":249251,"date":"2025-07-14T11:39:12","date_gmt":"2025-07-14T11:39:12","guid":{"rendered":"https:\/\/www.europesays.com\/fr\/249251\/"},"modified":"2025-07-14T11:39:12","modified_gmt":"2025-07-14T11:39:12","slug":"visite-detat-de-trump-au-royaume-uni-fixee-du-17-au-19-septembre-2","status":"publish","type":"post","link":"https:\/\/www.europesays.com\/fr\/249251\/","title":{"rendered":"Visite d&rsquo;Etat de Trump au Royaume-Uni fix\u00e9e du 17 au 19 septembre"},"content":{"rendered":"<p class=\"wysiwyg-h2\">Donald Trump sera re\u00e7u en grande pompe au Royaume-Uni \u00e0 l&rsquo;invitation du roi Charles III du 17 au 19 septembre pour une deuxi\u00e8me visite d&rsquo;Etat apr\u00e8s celle de 2019, du jamais vu pour un pr\u00e9sident am\u00e9ricain.<\/p>\n<p>Il sera accompagn\u00e9 de son \u00e9pouse Melania, a pr\u00e9cis\u00e9 le palais de Buckingham dans un court communiqu\u00e9 lundi, ajoutant que M. Trump, grand admirateur de la famille royale, serait re\u00e7u au ch\u00e2teau de Windsor, \u00e0 l&rsquo;ouest de Londres. M. Trump est tr\u00e8s impopulaire au Royaume-Uni, \u00e0 16% d&rsquo;opinions favorables et 70% d&rsquo;opinions d\u00e9favorables, selon un r\u00e9cent sondage YouGov, et les mesures de s\u00e9curit\u00e9 promettent d&rsquo;\u00eatre draconiennes.<\/p>\n<p>L&rsquo;invitation du roi avait \u00e9t\u00e9 rendue publique le 27 f\u00e9vrier, quand le Premier ministre britannique Keir Starmer avait remis au pr\u00e9sident am\u00e9ricain, dans le bureau ovale de la Maison Blanche, une lettre du monarque, devant les cam\u00e9ras de t\u00e9l\u00e9vision. Donald Trump, ravi de ce &lsquo;grand honneur&rsquo;, en avait laiss\u00e9 voir le contenu, saluant en Charles III un &lsquo;homme merveilleux&rsquo;.<\/p>\n<p>L&rsquo;invitation ne pr\u00e9cisait ni date ni lieu, et \u00e9voquait une premi\u00e8re rencontre informelle en Ecosse, au ch\u00e2teau de Balmoral ou au domaine de Dumfries House, prestigieuse demeure du 18e si\u00e8cle, avant une visite d&rsquo;Etat \u00e0 une date ult\u00e9rieure. Dans le Bureau ovale, Donald Trump avait imm\u00e9diatement \u00e9voqu\u00e9 Windsor.<\/p>\n<p>Selon le quotidien The Times, le Premier ministre britannique aurait forc\u00e9 la main du roi pour &lsquo;capitaliser sur l&rsquo;adoration du pr\u00e9sident am\u00e9ricain pour la pompe royale&rsquo;. Le palais avait des r\u00e9serves, en raison des menaces de Trump d&rsquo;annexer le Canada, dont Charles III est chef d&rsquo;Etat. Les visites d&rsquo;Etat sont organis\u00e9es sur recommandation du gouvernement.<\/p>\n<p><strong>Deux mois apr\u00e8s Macron<\/strong><\/p>\n<p>La visite du pr\u00e9sident Trump interviendra deux mois apr\u00e8s celle du pr\u00e9sident fran\u00e7ais Emmanuel Macron et de son \u00e9pouse Brigitte, re\u00e7us du 8 au 10 juillet, \u00e9galement \u00e0 Windsor, car le palais de Buckingham est en travaux. Ils ont eu droit \u00e0 un accueil avec garde d&rsquo;honneur, tour en cal\u00e8che, passage en revue des troupes dans la cour du ch\u00e2teau, et d\u00eener d&rsquo;Etat avec quelque 150 invit\u00e9s, conform\u00e9ment au script habituel des visites d&rsquo;Etat.<\/p>\n<p>Ce privil\u00e8ge est rare, le palais organise en moyenne deux visites d&rsquo;Etat par an. Elles demandent jusqu&rsquo;\u00e0 un an de pr\u00e9paration. Lors de sa visite d&rsquo;Etat, M. Macron s&rsquo;est exprim\u00e9 devant les deux chambres du parlement, insistant notamment sur l&rsquo;importance de la relation franco-britannique, l&rsquo;Ukraine et Gaza.<\/p>\n<p>Le couple royal et le couple Macron ont multipli\u00e9 les gestes d&rsquo;amiti\u00e9 durant cette visite, organis\u00e9e deux ans apr\u00e8s la visite d&rsquo;Etat du roi et de la reine Camilla en France en septembre 2023. La Chambre des Communes ne si\u00e8gera pas durant la visite de M. Trump, en raison des conventions annuelles des partis. De quoi soulager certains d\u00e9put\u00e9s qui avaient d\u00e9j\u00e0 fait savoir qu&rsquo;ils ne souhaitaient pas y voir Donald Trump.<\/p>\n<p><strong>Une premi\u00e8re<\/strong><\/p>\n<p>La Chambre des Lords sera elle en activit\u00e9. Aucun pr\u00e9sident am\u00e9ricain n&rsquo;a jamais \u00e9t\u00e9 invit\u00e9 pour une deuxi\u00e8me visite d&rsquo;Etat, m\u00eame en cas de r\u00e9election. L&rsquo;usage est qu&rsquo;ils soient invit\u00e9s par le monarque pour un th\u00e9 ou un d\u00e9jeuner \u00e0 Windsor, lors de leur deuxi\u00e8me mandat. Cela avait \u00e9t\u00e9 le cas pour Barack Obama ou George W. Bush.<\/p>\n<p>Mais Donald Trump est particuli\u00e8rement admiratif de la famille royale, comme l&rsquo;\u00e9tait sa m\u00e8re, n\u00e9e sur l&rsquo;\u00eele de Lewis en Ecosse et qui avait \u00e9migr\u00e9 aux Etats-Unis en 1930. Lors de sa premi\u00e8re visite d&rsquo;Etat du 3 au 5 juin 2019, Donald Trump avait \u00e9t\u00e9 re\u00e7u par la reine Elisabeth II au palais de Buckingham.<\/p>\n<p>Il l&rsquo;avait encore rencontr\u00e9e au ch\u00e2teau de Windsor en juin 2021, alors qu&rsquo;il \u00e9tait venu pour un sommet du G7, et avait assist\u00e9 aux obs\u00e8ques de la souveraine le 19 septembre 2022. Il s&rsquo;est aussi entretenu avec le prince William \u00e0 Paris, \u00e0 l&rsquo;occasion de la r\u00e9ouverture de Notre-Dame en d\u00e9cembre dernier. Ce dernier &lsquo;fait un travail fantastique&rsquo;, avait alors d\u00e9clar\u00e9 Donald Trump en ajoutant que le prince h\u00e9ritier \u00e9tait &lsquo;tr\u00e8s beau&rsquo;.<\/p>\n<p> \/ATS<\/p>\n","protected":false},"excerpt":{"rendered":"Donald Trump sera re\u00e7u en grande pompe au Royaume-Uni \u00e0 l&rsquo;invitation du roi Charles III du 17 au&hellip;\n","protected":false},"author":2,"featured_media":249252,"comment_status":"","ping_status":"","sticky":false,"template":"","format":"standard","meta":{"footnotes":""},"categories":[1588],"tags":[11,1829,1832,1836,1827,1777,674,1830,1831,1826,1844,1840,1839,1841,1838,12,1843,1828,1834,1825,1833,1822,1823,473,1853,1824,1837,1851,1850,1852,1835,1842],"class_list":{"0":"post-249251","1":"post","2":"type-post","3":"status-publish","4":"format-standard","5":"has-post-thumbnail","7":"category-royaume-uni","8":"tag-actualites","9":"tag-ajoie","10":"tag-animation","11":"tag-bienne","12":"tag-delemont","13":"tag-eu","14":"tag-europe","15":"tag-franches-montagnes","16":"tag-frequence","17":"tag-jura","18":"tag-jura-bernois","19":"tag-la-chaux-de-fonds","20":"tag-moutier","21":"tag-neuchatel","22":"tag-neuveville","23":"tag-news","24":"tag-payerne","25":"tag-porrentruy","26":"tag-publicite","27":"tag-radio","28":"tag-redaction","29":"tag-rfj","30":"tag-rjb","31":"tag-royaume-uni","32":"tag-royaume-uni-de-grande-bretagne-et-dirlande-du-nord","33":"tag-rtn","34":"tag-tavannes","35":"tag-uk","36":"tag-united-kingdom","37":"tag-united-kingdom-of-great-britain-and-northern-ireland","38":"tag-vallon-de-st-imier","39":"tag-yverdon"},"share_on_mastodon":{"url":"https:\/\/pubeurope.com\/@fr\/114851398899675673","error":""},"_links":{"self":[{"href":"https:\/\/www.europesays.com\/fr\/wp-json\/wp\/v2\/posts\/249251","targetHints":{"allow":["GET"]}}],"collection":[{"href":"https:\/\/www.europesays.com\/fr\/wp-json\/wp\/v2\/posts"}],"about":[{"href":"https:\/\/www.europesays.com\/fr\/wp-json\/wp\/v2\/types\/post"}],"author":[{"embeddable":true,"href":"https:\/\/www.europesays.com\/fr\/wp-json\/wp\/v2\/users\/2"}],"replies":[{"embeddable":true,"href":"https:\/\/www.europesays.com\/fr\/wp-json\/wp\/v2\/comments?post=249251"}],"version-history":[{"count":0,"href":"https:\/\/www.europesays.com\/fr\/wp-json\/wp\/v2\/posts\/249251\/revisions"}],"wp:featuredmedia":[{"embeddable":true,"href":"https:\/\/www.europesays.com\/fr\/wp-json\/wp\/v2\/media\/249252"}],"wp:attachment":[{"href":"https:\/\/www.europesays.com\/fr\/wp-json\/wp\/v2\/media?parent=249251"}],"wp:term":[{"taxonomy":"category","embeddable":true,"href":"https:\/\/www.europesays.com\/fr\/wp-json\/wp\/v2\/categories?post=249251"},{"taxonomy":"post_tag","embeddable":true,"href":"https:\/\/www.europesays.com\/fr\/wp-json\/wp\/v2\/tags?post=249251"}],"curies":[{"name":"wp","href":"https:\/\/api.w.org\/{rel}","templated":true}]}}