{"id":249279,"date":"2025-07-14T11:56:13","date_gmt":"2025-07-14T11:56:13","guid":{"rendered":"https:\/\/www.europesays.com\/fr\/249279\/"},"modified":"2025-07-14T11:56:13","modified_gmt":"2025-07-14T11:56:13","slug":"alos-plongee-dans-le-passe-avec-des-photos-depoque","status":"publish","type":"post","link":"https:\/\/www.europesays.com\/fr\/249279\/","title":{"rendered":"Alos. Plong\u00e9e dans le pass\u00e9 avec des photos d\u2019\u00e9poque"},"content":{"rendered":"<p><b>Exposition<\/b>. \u00c0 partir du 15 juillet et jusqu\u2019au 31 ao\u00fbt, la chapelle Saint-Roch \u00e0 la Rivi\u00e8re d\u2019Alos accueille une r\u00e9trospective photographique in\u00e9dite : une s\u00e9lection de photos anciennes, souvent jamais vues par ceux qui y apparaissent, issues des collections priv\u00e9es des habitants d\u2019Alos. Elle offre un regard nostalgique sur la p\u00e9riode 1950-2020 : plus de 300 clich\u00e9s soigneusement s\u00e9lectionn\u00e9s, dont une centaine expos\u00e9s, permettent de partager ces instants heureux.<\/p>\n<p>Organis\u00e9e par l\u2019association Toutis Per Alos, fruit d\u2019un travail b\u00e9n\u00e9vole, cette exposition permet une immersion rare dans le pass\u00e9, de red\u00e9couvrir des lieux, des personnes et de revivre des moments pr\u00e9cieux. Elle rappelle l\u2019importance de pr\u00e9server notre patrimoine photographique, t\u00e9moin de notre histoire collective. Que vous soyez passionn\u00e9s par l\u2019histoire de la commune, amateurs de photographie ou simplement curieux, cette exposition promet une exp\u00e9rience enrichissante, riche en souvenirs et en d\u00e9couvertes. Les photos sont propos\u00e9es \u00e0 la vente au profit de l\u2019association TTPA pour soutenir la pr\u00e9servation du patrimoine local. Entr\u00e9e libre.<\/p>\n<p><b>Cin\u00e9ma<\/b>. \u00ab\u00a0Un p\u2019tit truc en plus\u00a0\u00bb d\u2019Artus, qui a remport\u00e9 en 2025 le C\u00e9sar du meilleur premier film, sera projet\u00e9 dans la commune. La s\u00e9ance est pr\u00e9vue le 26 juillet \u00e0 19 heures \u00e0 la salle communale d\u2019Alos.<\/p>\n<p>Tarifs adulte pour la s\u00e9ance seule : 7 \u20ac, enfants de moins de 12 ans : 3 \u20ac. Si vous souhaitez une assiette ari\u00e9geoise garnie, le tarif adulte s\u00e9ance avec assiette garnie est de 13 \u20ac, 6 \u20ac pour les moins de 12 ans.<\/p>\n<p>Pour tout renseignement, contact : 07 83 34 05 92 \u2013 Toutis Per Alos.<\/p>\n","protected":false},"excerpt":{"rendered":"Exposition. \u00c0 partir du 15 juillet et jusqu\u2019au 31 ao\u00fbt, la chapelle Saint-Roch \u00e0 la Rivi\u00e8re d\u2019Alos accueille&hellip;\n","protected":false},"author":2,"featured_media":249280,"comment_status":"","ping_status":"","sticky":false,"template":"","format":"standard","meta":{"footnotes":""},"categories":[1358],"tags":[1348,1384,1385,1386,58,59,1011,27],"class_list":{"0":"post-249279","1":"post","2":"type-post","3":"status-publish","4":"format-standard","5":"has-post-thumbnail","7":"category-arts-et-design","8":"tag-arts","9":"tag-arts-and-design","10":"tag-arts-et-design","11":"tag-design","12":"tag-divertissement","13":"tag-entertainment","14":"tag-fr","15":"tag-france"},"share_on_mastodon":{"url":"https:\/\/pubeurope.com\/@fr\/114851465305108939","error":""},"_links":{"self":[{"href":"https:\/\/www.europesays.com\/fr\/wp-json\/wp\/v2\/posts\/249279","targetHints":{"allow":["GET"]}}],"collection":[{"href":"https:\/\/www.europesays.com\/fr\/wp-json\/wp\/v2\/posts"}],"about":[{"href":"https:\/\/www.europesays.com\/fr\/wp-json\/wp\/v2\/types\/post"}],"author":[{"embeddable":true,"href":"https:\/\/www.europesays.com\/fr\/wp-json\/wp\/v2\/users\/2"}],"replies":[{"embeddable":true,"href":"https:\/\/www.europesays.com\/fr\/wp-json\/wp\/v2\/comments?post=249279"}],"version-history":[{"count":0,"href":"https:\/\/www.europesays.com\/fr\/wp-json\/wp\/v2\/posts\/249279\/revisions"}],"wp:featuredmedia":[{"embeddable":true,"href":"https:\/\/www.europesays.com\/fr\/wp-json\/wp\/v2\/media\/249280"}],"wp:attachment":[{"href":"https:\/\/www.europesays.com\/fr\/wp-json\/wp\/v2\/media?parent=249279"}],"wp:term":[{"taxonomy":"category","embeddable":true,"href":"https:\/\/www.europesays.com\/fr\/wp-json\/wp\/v2\/categories?post=249279"},{"taxonomy":"post_tag","embeddable":true,"href":"https:\/\/www.europesays.com\/fr\/wp-json\/wp\/v2\/tags?post=249279"}],"curies":[{"name":"wp","href":"https:\/\/api.w.org\/{rel}","templated":true}]}}