{"id":249292,"date":"2025-07-14T12:03:09","date_gmt":"2025-07-14T12:03:09","guid":{"rendered":"https:\/\/www.europesays.com\/fr\/249292\/"},"modified":"2025-07-14T12:03:09","modified_gmt":"2025-07-14T12:03:09","slug":"un-des-plus-grands-pluie-dhommages-pour-lanimateur-tele","status":"publish","type":"post","link":"https:\/\/www.europesays.com\/fr\/249292\/","title":{"rendered":"\u00ab\u00a0Un des plus grands\u2026\u00a0\u00bb Pluie d\u2019hommages pour l\u2019animateur t\u00e9l\u00e9"},"content":{"rendered":"<p> \u00abTout le monde en parle\u2026 en parle\u00a0!\u00a0\u00bb <a href=\"https:\/\/www.20minutes.fr\/dossier\/thierry_ardisson\" class=\"color-ultramarine c-link\" target=\"_blank\" rel=\"noopener\">Thierry Ardisson<\/a> est mort<a href=\"https:\/\/www.20minutes.fr\/arts-stars\/culture\/4162849-20250714-thierry-ardisson-animateur-culte-television-francaise-mort\" class=\"color-ultramarine c-link\" target=\"_blank\" rel=\"noopener\"> ce lundi \u00e0 l\u2019\u00e2ge de 76 ans<\/a>. Avec plusieurs dizaines d\u2019ann\u00e9es \u00e0 la t\u00e9l\u00e9vision, le c\u00e9l\u00e8bre \u00ab\u00a0homme en noir\u00a0\u00bb du paf aura marqu\u00e9 quelques g\u00e9n\u00e9rations. Depuis l\u2019annonce de son d\u00e9c\u00e8s, les hommages se sont multipli\u00e9s pour saluer la m\u00e9moire d\u2019un un homme qui \u00ab\u00a0contribua \u00e0 \u00e9crire l\u2019histoire de la t\u00e9l\u00e9vision fran\u00e7aise\u00a0\u00bb, selon la pr\u00e9sidence de la R\u00e9publique. Petit tour d\u2019horizon.<\/p>\n<\/p>\n<p>\u00ab\u00a0Irr\u00e9v\u00e9rence\u00a0\u00bb<\/p>\n<p>L\u2019Elys\u00e9e a \u00e9voqu\u00e9 la mort de l\u2019animateur et producteur de cin\u00e9ma et de t\u00e9l\u00e9vision dans un communiqu\u00e9 envoy\u00e9 dans la matin\u00e9e. \u00ab\u00a0Thierry Ardisson imposa pendant des d\u00e9cennies au paysage audiovisuel fran\u00e7ais une voix, une silhouette, un style, un esprit, teint\u00e9 de curiosit\u00e9 et d\u2019irr\u00e9v\u00e9rence\u00a0\u00bb, a indiqu\u00e9 la pr\u00e9sidence de la R\u00e9publique.<\/p>\n<p><a href=\"https:\/\/www.20minutes.fr\/politique\/rachida_dati\" class=\"color-ultramarine c-link\" target=\"_blank\" rel=\"noopener\">Rachida Dati<\/a> a \u00e9galement sur ses r\u00e9seaux sociaux\u00a0: \u00ab\u00a0D\u2019\u00e9missions cultes en \u00e9missions cultes, Thierry Ardisson savait capter l\u2019\u00e9poque, la d\u00e9crypter avec irr\u00e9v\u00e9rence et la d\u00e9crire avec intelligence. Avec son style inimitable, son esprit libre et son go\u00fbt de la transgression, il avait fa\u00e7onn\u00e9 la t\u00e9l\u00e9vision d\u2019aujourd\u2019hui. Il restera pour toujours l\u2019une des plus grandes figures du paysage audiovisuel <a href=\"https:\/\/www.20minutes.fr\/dossier\/francais\" class=\"color-ultramarine c-link\" target=\"_blank\" rel=\"noopener\">fran\u00e7ais<\/a>\u00a0\u00bb,<a href=\"https:\/\/x.com\/datirachida\/status\/1944686026531696683\" target=\"_blank\" class=\"color-ultramarine c-link\"> a indiqu\u00e9 la ministre de la Culture sur X<\/a>.<\/p>\n<p>Le monde de la t\u00e9l\u00e9 en deuil<\/p>\n<p>\u00ab\u00a0Le monde de la t\u00e9l\u00e9\u00a0\u00bb a sans surprise \u00e9galement salu\u00e9 la longue carri\u00e8re de l\u2019iconique animateur. \u00ab\u00a0Quoi qu\u2019il soit arriv\u00e9 entre nous. Quoi qu\u2019il se soit dit. Thierry Ardisson restera un des plus grands de la T\u00e9l\u00e9vision Fran\u00e7aise. On ne peut que saluer sa carri\u00e8re de dingue qu\u2019on l\u2019aime ou pas\u00a0\u00bb, a<a href=\"https:\/\/x.com\/Cyrilhanouna\/status\/1944679716159660272\" target=\"_blank\" class=\"color-ultramarine c-link\"> r\u00e9agi sur X Cyril Hanouna<\/a>, souvent en bisbilles avec lui. \u00ab\u00a0Il a incontestablement invent\u00e9 un genre, le talk-show de deuxi\u00e8me partie avec des interviews qui piquent parfois. Le samedi soir apr\u00e8s les spectacles j\u2019adorais \u00e0 l\u2019h\u00f4tel me coucher et le regarder\u00a0\u00bb, a abond\u00e9 un autre animateur t\u00e9l\u00e9, <a href=\"https:\/\/x.com\/courbet_julien\/status\/1944674104474267792\" target=\"_blank\" class=\"color-ultramarine c-link\">Julien Courbet<\/a>.<\/p>\n<p>\u00ab\u00a0C\u2019\u00e9tait une voix, une pr\u00e9sence, une gueule [\u2026] Il a invent\u00e9 un ton, un style, une mani\u00e8re de recevoir sans jamais se soumettre. Avec lui, on riait, on d\u00e9bordait, on apprenait. L\u2019insolence, les exc\u00e8s, la libert\u00e9 d\u2019expression comme on ne la retrouvera plus jamais en t\u00e9l\u00e9. Une page de la t\u00e9l\u00e9 se tourne\u00a0\u00bb, a \u00e9galement r\u00e9agi sur X le <a href=\"https:\/\/x.com\/Arthur_Officiel\/status\/1944676211654832577\" target=\"_blank\" class=\"color-ultramarine c-link\">pr\u00e9sentateur Arthur.<\/a> \u00ab\u00a0Tu as \u00e9t\u00e9 un exemple de professionnalisme, d\u2019exigence, d\u2019innovation. Ta voix restera grav\u00e9e \u00e0 tout jamais de bons conseils dans mon oreille\u00a0\u00bb, a abond\u00e9 Jean-Luc Reichmann sur X.  \u00ab Thierry Ardisson a cr\u00e9\u00e9 un m\u00e9tier unique \u00e0 la t\u00e9l\u00e9vision qui s\u2019appelle \u00a0\u00bbArdisson\u00a0\u00bb , marqueur d\u2019une \u00e9poque succesfull \u00bb, a \u00e9crit Michel Denisot sur le m\u00eame r\u00e9seau social. L\u00e9a Salam\u00e9, qui occupe d\u00e9sormais la case du samedi soir sur France 2, a \u00e9galement salu\u00e9 sa m\u00e9moire. \u00ab On a grandi avec lui. On ne sortait pas le samedi soir pour regarder ses \u00e9missions, parce qu&rsquo;il se passait toujours quelque chose, par qu&rsquo;il sentait l&rsquo;\u00e9poque comme personne, parce que oui, tout le monde en parlait, le lundi matin \u00e0 la machine \u00e0 caf\u00e9 \u00bb. Et ce lundi 14 juillet 2025, encore un peu plus que d&rsquo;habitude. <\/p>\n","protected":false},"excerpt":{"rendered":"\u00abTout le monde en parle\u2026 en parle\u00a0!\u00a0\u00bb Thierry Ardisson est mort ce lundi \u00e0 l\u2019\u00e2ge de 76 ans.&hellip;\n","protected":false},"author":2,"featured_media":249293,"comment_status":"","ping_status":"","sticky":false,"template":"","format":"standard","meta":{"footnotes":""},"categories":[8],"tags":[251,3983,58,4739,59,1011,27,252,10058],"class_list":{"0":"post-249292","1":"post","2":"type-post","3":"status-publish","4":"format-standard","5":"has-post-thumbnail","7":"category-divertissement","8":"tag-culture","9":"tag-deces","10":"tag-divertissement","11":"tag-emission-de-television","12":"tag-entertainment","13":"tag-fr","14":"tag-france","15":"tag-television","16":"tag-thierry-ardisson"},"share_on_mastodon":{"url":"https:\/\/pubeurope.com\/@fr\/114851492897301667","error":""},"_links":{"self":[{"href":"https:\/\/www.europesays.com\/fr\/wp-json\/wp\/v2\/posts\/249292","targetHints":{"allow":["GET"]}}],"collection":[{"href":"https:\/\/www.europesays.com\/fr\/wp-json\/wp\/v2\/posts"}],"about":[{"href":"https:\/\/www.europesays.com\/fr\/wp-json\/wp\/v2\/types\/post"}],"author":[{"embeddable":true,"href":"https:\/\/www.europesays.com\/fr\/wp-json\/wp\/v2\/users\/2"}],"replies":[{"embeddable":true,"href":"https:\/\/www.europesays.com\/fr\/wp-json\/wp\/v2\/comments?post=249292"}],"version-history":[{"count":0,"href":"https:\/\/www.europesays.com\/fr\/wp-json\/wp\/v2\/posts\/249292\/revisions"}],"wp:featuredmedia":[{"embeddable":true,"href":"https:\/\/www.europesays.com\/fr\/wp-json\/wp\/v2\/media\/249293"}],"wp:attachment":[{"href":"https:\/\/www.europesays.com\/fr\/wp-json\/wp\/v2\/media?parent=249292"}],"wp:term":[{"taxonomy":"category","embeddable":true,"href":"https:\/\/www.europesays.com\/fr\/wp-json\/wp\/v2\/categories?post=249292"},{"taxonomy":"post_tag","embeddable":true,"href":"https:\/\/www.europesays.com\/fr\/wp-json\/wp\/v2\/tags?post=249292"}],"curies":[{"name":"wp","href":"https:\/\/api.w.org\/{rel}","templated":true}]}}