{"id":249300,"date":"2025-07-14T12:07:09","date_gmt":"2025-07-14T12:07:09","guid":{"rendered":"https:\/\/www.europesays.com\/fr\/249300\/"},"modified":"2025-07-14T12:07:09","modified_gmt":"2025-07-14T12:07:09","slug":"defile-du-14-juillet-a-paris-les-images-de-la-chute-dun-cheval-et-son-cavalier-sur-les-champs-elysees","status":"publish","type":"post","link":"https:\/\/www.europesays.com\/fr\/249300\/","title":{"rendered":"D\u00e9fil\u00e9 du 14\u00a0Juillet \u00e0 Paris\u00a0: les images de la chute d\u2019un cheval et son cavalier sur les Champs-\u00c9lys\u00e9es"},"content":{"rendered":"<p class=\"paragraph text_align_left lp-f-body-02\">C\u2019est un petit \u00ab loup\u00e9 \u00bb. Le <a href=\"https:\/\/www.leparisien.fr\/paris-75\/direct-fete-nationale-du-14-juillet-suivez-le-defile-militaire-14-07-2025-M6SYPZKRVRF4RHDVGTZSZ4KMSM.php\" target=\"_blank\" rel=\"noreferrer nofollow noopener\">d\u00e9fil\u00e9 du 14 Juillet<\/a>, qui se tenait ce lundi matin sur les Champs-\u00c9lys\u00e9es <a href=\"https:\/\/www.leparisien.fr\/etudiant\/vie-etudiante\/feu-dartifice-du-14-juillet-2025-a-paris-les-infos-pratiques-et-conseils-pour-profiter-du-spectacle-F47IKWOTO5BUPPXTS6MEDK3LU4.php\" target=\"_blank\" rel=\"noreferrer nofollow noopener\">pour c\u00e9l\u00e9brer la F\u00eate nationale<\/a>, a \u00e9t\u00e9 marqu\u00e9 peu apr\u00e8s midi, lors du passage du r\u00e9giment de cavalerie de la garde r\u00e9publicaine, par la chute d\u2019un cheval et de son cavalier, alors qu\u2019un autre cheval \u00e9tait en divagation.<\/p>\n<p class=\"paragraph text_align_left lp-f-body-02\">Les images, diffus\u00e9es \u00e0 la t\u00e9l\u00e9vision et relay\u00e9es sur les r\u00e9seaux sociaux, montrent d\u2019abord un cheval en divagation (sans que l\u2019on puisse expliquer pourquoi il n\u2019y a pas de cavalier), comme perdu au milieu de la plus belle avenue du monde. De mani\u00e8re \u00ab ind\u00e9pendante \u00bb, au m\u00eame moment, un cheval chute entra\u00eenant son cavalier avec lui au sol, heureusement sans faire de bless\u00e9. On voit ensuite le cavalier r\u00e9ussir \u00e0 reprendre le contr\u00f4le sur l\u2019animal au sol.<\/p>\n<p class=\"paragraph text_align_left lp-f-body-02\">Un peu plus t\u00f4t, les images avaient montr\u00e9 un autre \u00ab loup\u00e9 \u00bb. Un aspirant officier de l\u2019\u00e9cole militaire inter-armes a ainsi \u00e9t\u00e9 vu avec l\u2019oreille en partie en sang, semblant s\u2019\u00eatre coup\u00e9 avec son \u00e9p\u00e9e. Ce qui ne l\u2019a toutefois pas emp\u00each\u00e9 de d\u00e9filer.<\/p>\n<p class=\"paragraph text_align_left lp-f-body-02\">Les troupes indon\u00e9siennes, invit\u00e9es d\u2019honneur, ont ouvert ce lundi <a href=\"https:\/\/www.leparisien.fr\/politique\/defile-du-14-juillet-defile-aerien-troupes-a-pied-le-programme-complet-minute-par-minute-13-07-2025-3CH2BMOWKBGQNHBOBT47I6TABI.php\" target=\"_blank\" rel=\"noreferrer nofollow noopener\">ce traditionnel d\u00e9fil\u00e9 du 14 Juillet \u00e0 Paris<\/a>. Celui-ci met en avant une arm\u00e9e \u00ab pr\u00eate au combat \u00bb face \u00ab \u00e0 un monde plus brutal \u00bb, au lendemain de <a href=\"https:\/\/www.leparisien.fr\/politique\/pour-etre-craint-il-faut-etre-puissant-macron-sonne-la-mobilisation-generale-dans-son-discours-aux-armees-13-07-2025-743GCHTJ2FC75AS5WCCRLMDGUU.php\" target=\"_blank\" rel=\"noreferrer nofollow noopener\">la promesse d\u2019Emmanuel Macron d\u2019accro\u00eetre encore les d\u00e9penses de d\u00e9fense<\/a>.<\/p>\n","protected":false},"excerpt":{"rendered":"C\u2019est un petit \u00ab loup\u00e9 \u00bb. Le d\u00e9fil\u00e9 du 14 Juillet, qui se tenait ce lundi matin sur&hellip;\n","protected":false},"author":2,"featured_media":249301,"comment_status":"","ping_status":"","sticky":false,"template":"","format":"standard","meta":{"footnotes":""},"categories":[4],"tags":[11,1011,27,1944,12,626,25],"class_list":{"0":"post-249300","1":"post","2":"type-post","3":"status-publish","4":"format-standard","5":"has-post-thumbnail","7":"category-france","8":"tag-actualites","9":"tag-fr","10":"tag-france","11":"tag-ma-ville","12":"tag-news","13":"tag-paris","14":"tag-republique-francaise"},"share_on_mastodon":{"url":"https:\/\/pubeurope.com\/@fr\/114851508703959586","error":""},"_links":{"self":[{"href":"https:\/\/www.europesays.com\/fr\/wp-json\/wp\/v2\/posts\/249300","targetHints":{"allow":["GET"]}}],"collection":[{"href":"https:\/\/www.europesays.com\/fr\/wp-json\/wp\/v2\/posts"}],"about":[{"href":"https:\/\/www.europesays.com\/fr\/wp-json\/wp\/v2\/types\/post"}],"author":[{"embeddable":true,"href":"https:\/\/www.europesays.com\/fr\/wp-json\/wp\/v2\/users\/2"}],"replies":[{"embeddable":true,"href":"https:\/\/www.europesays.com\/fr\/wp-json\/wp\/v2\/comments?post=249300"}],"version-history":[{"count":0,"href":"https:\/\/www.europesays.com\/fr\/wp-json\/wp\/v2\/posts\/249300\/revisions"}],"wp:featuredmedia":[{"embeddable":true,"href":"https:\/\/www.europesays.com\/fr\/wp-json\/wp\/v2\/media\/249301"}],"wp:attachment":[{"href":"https:\/\/www.europesays.com\/fr\/wp-json\/wp\/v2\/media?parent=249300"}],"wp:term":[{"taxonomy":"category","embeddable":true,"href":"https:\/\/www.europesays.com\/fr\/wp-json\/wp\/v2\/categories?post=249300"},{"taxonomy":"post_tag","embeddable":true,"href":"https:\/\/www.europesays.com\/fr\/wp-json\/wp\/v2\/tags?post=249300"}],"curies":[{"name":"wp","href":"https:\/\/api.w.org\/{rel}","templated":true}]}}