{"id":249304,"date":"2025-07-14T12:09:11","date_gmt":"2025-07-14T12:09:11","guid":{"rendered":"https:\/\/www.europesays.com\/fr\/249304\/"},"modified":"2025-07-14T12:09:11","modified_gmt":"2025-07-14T12:09:11","slug":"municipales-2026-a-saint-etienne-eric-le-jaouen-exclu-de-la-liste-dunion-de-la-droite-et-du-centre","status":"publish","type":"post","link":"https:\/\/www.europesays.com\/fr\/249304\/","title":{"rendered":"Municipales 2026. \u00c0 Saint-Etienne, Eric Le Jaouen exclu de la liste d\u2019union de la droite et du centre"},"content":{"rendered":"<p>Il r\u00e9clamait \u00ab\u00a0un cap clair\u00a0\u00bb, le voil\u00e0 fix\u00e9. Eric Le Jouen vient de se faire exclure de la liste de l\u2019union de la droite et du centre pour les municipales 2026 \u00e0 Saint-Etienne. L\u2019info est tomb\u00e9e ce lundi 14\u00a0juillet, dans un communiqu\u00e9 adress\u00e9 par le collectif Saint-Etienne Ensemble 2026 \u00e0 la r\u00e9daction du Progr\u00e8s. Apparemment, le comportement de ses derni\u00e8res semaines du chef de file Horizons n\u2019a pas plu.<\/p>\n<p>\u00ab\u00a0Cette d\u00e9cision n\u2019est ni partisane ni dirig\u00e9e contre Horizons\u00a0\u00bb<\/p>\n<p>\u00ab\u00a0M.\u00a0Le Jaouen adopte une posture strictement personnelle, incompatible avec l\u2019esprit de coop\u00e9ration, de loyaut\u00e9 et de transparence qui unit les membres du collectif. Cette d\u00e9cision n\u2019est ni partisane ni dirig\u00e9e contre Horizons, dont les instances nationales ont r\u00e9affirm\u00e9 leur attachement \u00e0 la dynamique collective\u00a0\u00bb, r\u00e9sume le communiqu\u00e9.<\/p>\n<p>\u00ab\u00a0Face \u00e0 la r\u00e9p\u00e9tition de comportements unilat\u00e9raux, de man\u0153uvres de d\u00e9sinformation, de mensonges et de passages en force, le collectif acte aujourd\u2019hui sa sortie officielle de la d\u00e9marche commune.\u00a0\u00bb<\/p>\n<p><a href=\"https:\/\/www.leprogres.fr\/p\/quentin-bataillon\" target=\"_blank\" rel=\"noopener\">Quentin Bataillon<\/a> (Renaissance), Zahra Bencharif (PRG), <a href=\"https:\/\/www.leprogres.fr\/p\/dino-cinieri\" target=\"_blank\" rel=\"noopener\">Dino Cinieri<\/a> (LR), Alain Bertheas (Parti Radical), Lionel Boucher (UDI) et <a href=\"https:\/\/www.leprogres.fr\/p\/emmanuel-mandon\" target=\"_blank\" rel=\"noopener\">Emmanuel Mandon<\/a> (MoDem) assurent tout de m\u00eame que ce d\u00e9saccord est personnel et non partisan.<\/p>\n<p>\u00ab\u00a0Notre volont\u00e9 est que le parti Horizons reste pleinement engag\u00e9 dans le collectif Saint\u2011\u00c9tienne Ensemble 2026. Nous attendons sereinement la nomination d\u2019un nouveau repr\u00e9sentant d\u2019Horizons pour travailler au sein du Collectif.\u00a0\u00bb<\/p>\n","protected":false},"excerpt":{"rendered":"Il r\u00e9clamait \u00ab\u00a0un cap clair\u00a0\u00bb, le voil\u00e0 fix\u00e9. Eric Le Jouen vient de se faire exclure de la&hellip;\n","protected":false},"author":2,"featured_media":249305,"comment_status":"","ping_status":"","sticky":false,"template":"","format":"standard","meta":{"footnotes":""},"categories":[9653],"tags":[1111,11,2430,7539,4188,1777,674,1011,27,3540,6319,3367,12,316,25,4001,7538],"class_list":{"0":"post-249304","1":"post","2":"type-post","3":"status-publish","4":"format-standard","5":"has-post-thumbnail","7":"category-saint-etienne","8":"tag-actu","9":"tag-actualites","10":"tag-auvergne-rhone-alpes","11":"tag-edition-loire-sud","12":"tag-elections-municipales","13":"tag-eu","14":"tag-europe","15":"tag-fr","16":"tag-france","17":"tag-horizons","18":"tag-les-republicains","19":"tag-loire","20":"tag-news","21":"tag-politique","22":"tag-republique-francaise","23":"tag-saint-etienne","24":"tag-saint-etienne-ville"},"share_on_mastodon":{"url":"https:\/\/pubeurope.com\/@fr\/114851516627352516","error":""},"_links":{"self":[{"href":"https:\/\/www.europesays.com\/fr\/wp-json\/wp\/v2\/posts\/249304","targetHints":{"allow":["GET"]}}],"collection":[{"href":"https:\/\/www.europesays.com\/fr\/wp-json\/wp\/v2\/posts"}],"about":[{"href":"https:\/\/www.europesays.com\/fr\/wp-json\/wp\/v2\/types\/post"}],"author":[{"embeddable":true,"href":"https:\/\/www.europesays.com\/fr\/wp-json\/wp\/v2\/users\/2"}],"replies":[{"embeddable":true,"href":"https:\/\/www.europesays.com\/fr\/wp-json\/wp\/v2\/comments?post=249304"}],"version-history":[{"count":0,"href":"https:\/\/www.europesays.com\/fr\/wp-json\/wp\/v2\/posts\/249304\/revisions"}],"wp:featuredmedia":[{"embeddable":true,"href":"https:\/\/www.europesays.com\/fr\/wp-json\/wp\/v2\/media\/249305"}],"wp:attachment":[{"href":"https:\/\/www.europesays.com\/fr\/wp-json\/wp\/v2\/media?parent=249304"}],"wp:term":[{"taxonomy":"category","embeddable":true,"href":"https:\/\/www.europesays.com\/fr\/wp-json\/wp\/v2\/categories?post=249304"},{"taxonomy":"post_tag","embeddable":true,"href":"https:\/\/www.europesays.com\/fr\/wp-json\/wp\/v2\/tags?post=249304"}],"curies":[{"name":"wp","href":"https:\/\/api.w.org\/{rel}","templated":true}]}}