{"id":249310,"date":"2025-07-14T12:14:10","date_gmt":"2025-07-14T12:14:10","guid":{"rendered":"https:\/\/www.europesays.com\/fr\/249310\/"},"modified":"2025-07-14T12:14:10","modified_gmt":"2025-07-14T12:14:10","slug":"le-jeune-nicois-adame-bientot-au-festival-du-chateau-a-sollies-pour-defendre-sur-scene-son-tout-premier-ep","status":"publish","type":"post","link":"https:\/\/www.europesays.com\/fr\/249310\/","title":{"rendered":"Le jeune Ni\u00e7ois Adam\u00e9 bient\u00f4t au Festival du Ch\u00e2teau \u00e0 Solli\u00e8s pour d\u00e9fendre sur sc\u00e8ne son tout premier EP"},"content":{"rendered":"<p>Un retour aux sources. Ce mardi soir, le chanteur ni\u00e7ois Adam\u00e9 montera sur la sc\u00e8ne du Festival du Ch\u00e2teau \u00e0 Solli\u00e8s, en premi\u00e8re partie de Pierre Garnier. \u00c0 quelques kilom\u00e8tres de sa ville d\u2019origine \u2013 mais surtout l\u00e0 o\u00f9 il avait d\u00e9j\u00e0 chant\u00e9 l\u2019an pass\u00e9 \u00e0 la m\u00eame p\u00e9riode, avant le concert d\u2019\u00c9tienne Daho \u2013 il se rem\u00e9more: \u00ab\u00a0C\u2019\u00e9tait g\u00e9nial, le lieu est fou en plus\u00a0\u00bb.<\/p>\n<p>R\u00e9cemment, Adam\u00e9 \u00e9tait \u00e0 G\u00e9menos (13), cette fois en premi\u00e8re partie de J\u00e9r\u00e9my Fr\u00e9rot. Un exercice pas toujours \u00e9vident: \u00ab\u00a0Il y a toujours un peu de pression, car le public ne vient pas pour nous. Mais en g\u00e9n\u00e9ral, les gens sont tr\u00e8s bienveillants\u00a0\u00bb, assure le chanteur de 26 ans. Il pr\u00e9cise: \u00ab\u00a0En premi\u00e8re partie, on joue 30 minutes maximum. C\u2019est court, on est peu sur sc\u00e8ne \u2013 seulement deux au lieu de quatre. Il faut aller droit au but. Si on a des chansons trop longues, on les raccourcit ou on ne les fait pas. L\u2019objectif, c\u2019est d\u2019en faire le plus possible. C\u2019est un peu comme une carte de visite.\u00a0\u00bb<\/p>\n<p><strong>Une direction plus rock<\/strong><\/p>\n<p>Une carte de visite sur laquelle il peut d\u00e9sormais inscrire son premier EP, Demain me manque, sorti en mars dernier. \u00ab\u00a0Il est assez sp\u00e9cial, car il m\u00eale des titres que je tra\u00eenais depuis tr\u00e8s longtemps et que j\u2019ai ressortis des tiroirs, et d\u2019autres qui ont \u00e9t\u00e9 cr\u00e9\u00e9s il y a quelques mois. C\u2019est un premier EP, la premi\u00e8re trace que je laisse en tant qu\u2019artiste.\u00a0\u00bb<\/p>\n<p>Pour ce mini-album, il a tout soign\u00e9, jusqu\u2019aux visuels qui accompagnent les morceaux. Il y affirme \u00e9galement une orientation musicale plus marqu\u00e9e: \u00ab\u00a0C\u2019est un peu plus tremp\u00e9 que ce que je fais habituellement, plus rock. C\u2019est cette direction que je veux prendre. Je reste dans la chanson, mais j\u2019aime bien quand il y a du caract\u00e8re.\u00a0\u00bb<\/p>\n<p>Cela, il le doit aussi \u00e0 ses influences. Pass\u00e9 par le conservatoire de Nice, il a d\u2019abord appris la batterie, puis la guitare.<\/p>\n<p><strong>\u00c0 Paris pour franchir un cap<\/strong><\/p>\n<p>\u00c0 l\u2019\u00e9poque, les Red Hot Chili Peppers, Stevie Wonder ou encore Earth, Wind &amp; Fire r\u00e9sonnaient dans ses oreilles. Des inspirations qui infusent d\u00e9sormais ses propres compositions. Auteur-compositeur, il n\u2019h\u00e9site pas \u00e0 demander un coup de main \u00e0 sa m\u00e8re pour certains textes: \u00ab\u00a0J\u2019\u00e9cris beaucoup avec ma m\u00e8re. Elle a une tr\u00e8s belle plume. Et c\u2019est marrant d\u2019entendre ses mots sortir de ma bouche\u00a0\u00bb, sourit-il.<\/p>\n<p>Apr\u00e8s plusieurs concerts cet \u00e9t\u00e9, Adam\u00e9 pr\u00e9voit la sortie d\u2019un nouveau single en septembre. Parmi les rendez-vous importants qui l\u2019attendent: le Caf\u00e9 de la Danse \u00e0 Paris, une salle de 500 places. Suivront deux dates dans le Sud, \u00e0 Marseille au Makeda (le 20 novembre), et \u2013 m\u00eame si ce n\u2019est pas encore tout \u00e0 fait cal\u00e9 \u2013 probablement un retour \u00e0 Nice. Car c\u2019est d\u00e9sormais \u00e0 Paris que l\u2019Azur\u00e9en s\u2019\u00e9panouit.<\/p>\n<p>\u00ab\u00a0Musicalement, c\u2019est un passage oblig\u00e9. Il y a plus de monde, plus de concerts&#8230; On vit mieux dans le Sud, mais Paris est plus stimulant, et on y a plus d\u2019opportunit\u00e9s pour \u00eatre en contact avec les maisons de disques ou croiser d\u2019autres artistes.\u00a0\u00bb Un petit sacrifice qu\u2019il conc\u00e8de volontiers, m\u00eame s\u2019il retrouve avec plaisir le chant des cigales pour ses dates estivales.<\/p>\n<p>Adam\u00e9 en concert au Festival du Ch\u00e2teau \u00e0 Solli\u00e8s-Pont, en premi\u00e8re partie de Pierre Garnier, ce mardi 15 juillet \u00e0 20h45. Tarifs: \u00e0 partir de 39 euros. festival-du-chateau.com<\/p>\n","protected":false},"excerpt":{"rendered":"Un retour aux sources. Ce mardi soir, le chanteur ni\u00e7ois Adam\u00e9 montera sur la sc\u00e8ne du Festival du&hellip;\n","protected":false},"author":2,"featured_media":249311,"comment_status":"","ping_status":"","sticky":false,"template":"","format":"standard","meta":{"footnotes":""},"categories":[9619],"tags":[1111,11,251,1777,674,1011,27,873,12,882,25,2310],"class_list":{"0":"post-249310","1":"post","2":"type-post","3":"status-publish","4":"format-standard","5":"has-post-thumbnail","7":"category-toulon","8":"tag-actu","9":"tag-actualites","10":"tag-culture","11":"tag-eu","12":"tag-europe","13":"tag-fr","14":"tag-france","15":"tag-musique","16":"tag-news","17":"tag-provence-alpes-cote-dazur","18":"tag-republique-francaise","19":"tag-toulon"},"share_on_mastodon":{"url":"https:\/\/pubeurope.com\/@fr\/114851536157259762","error":""},"_links":{"self":[{"href":"https:\/\/www.europesays.com\/fr\/wp-json\/wp\/v2\/posts\/249310","targetHints":{"allow":["GET"]}}],"collection":[{"href":"https:\/\/www.europesays.com\/fr\/wp-json\/wp\/v2\/posts"}],"about":[{"href":"https:\/\/www.europesays.com\/fr\/wp-json\/wp\/v2\/types\/post"}],"author":[{"embeddable":true,"href":"https:\/\/www.europesays.com\/fr\/wp-json\/wp\/v2\/users\/2"}],"replies":[{"embeddable":true,"href":"https:\/\/www.europesays.com\/fr\/wp-json\/wp\/v2\/comments?post=249310"}],"version-history":[{"count":0,"href":"https:\/\/www.europesays.com\/fr\/wp-json\/wp\/v2\/posts\/249310\/revisions"}],"wp:featuredmedia":[{"embeddable":true,"href":"https:\/\/www.europesays.com\/fr\/wp-json\/wp\/v2\/media\/249311"}],"wp:attachment":[{"href":"https:\/\/www.europesays.com\/fr\/wp-json\/wp\/v2\/media?parent=249310"}],"wp:term":[{"taxonomy":"category","embeddable":true,"href":"https:\/\/www.europesays.com\/fr\/wp-json\/wp\/v2\/categories?post=249310"},{"taxonomy":"post_tag","embeddable":true,"href":"https:\/\/www.europesays.com\/fr\/wp-json\/wp\/v2\/tags?post=249310"}],"curies":[{"name":"wp","href":"https:\/\/api.w.org\/{rel}","templated":true}]}}