{"id":249314,"date":"2025-07-14T12:16:10","date_gmt":"2025-07-14T12:16:10","guid":{"rendered":"https:\/\/www.europesays.com\/fr\/249314\/"},"modified":"2025-07-14T12:16:10","modified_gmt":"2025-07-14T12:16:10","slug":"je-me-lance-dans-lanimation-socio-sportive-a-montpellier","status":"publish","type":"post","link":"https:\/\/www.europesays.com\/fr\/249314\/","title":{"rendered":"Je me lance dans l\u2019animation socio-sportive \u00e0 Montpellier"},"content":{"rendered":"<p>Vous souhaitez travailler dans l\u2019animation socio-sportive\u00a0? Une formation intensive de trois mois, enti\u00e8rement financ\u00e9e, va d\u00e9marrer le 29\u00a0septembre \u00e0 Montpellier. Organis\u00e9 dans le cadre d\u2019une Pr\u00e9paration op\u00e9rationnelle \u00e0 l\u2019emploi, ce cursus permet de pr\u00e9parer les tests du BPJEPS Activit\u00e9s Physiques, d\u2019obtenir le BAFA et le PSC1, de devenir imm\u00e9diatement employable dans les accueils de loisirs, et de poursuivre vers l\u2019obtention de certificats et\/ou dipl\u00f4mes.<\/p>\n<p>Les personnes int\u00e9ress\u00e9es pourront participer \u00e0 une r\u00e9union d\u2019information collective organis\u00e9e le lundi 22\u00a0septembre \u00e0 14h, dans l\u2019agence France Travail C\u00e9vennes (1480 rue du Pilory, \u00e0 Montpellier). L\u2019opportunit\u00e9 d\u2019int\u00e9grer un secteur dynamique offrant de multiples d\u00e9bouch\u00e9s.<\/p>\n<p> Inscription <a href=\"https:\/\/mesevenementsemploi.francetravail.fr\/mes-evenements-emploi\/evenement\/461351\/devenez-animateur-socio-sportif-montpellier\" class=\"spip_out\" rel=\"external noopener\" target=\"_blank\">ici<\/a><\/p>\n","protected":false},"excerpt":{"rendered":"Vous souhaitez travailler dans l\u2019animation socio-sportive\u00a0? Une formation intensive de trois mois, enti\u00e8rement financ\u00e9e, va d\u00e9marrer le 29\u00a0septembre&hellip;\n","protected":false},"author":2,"featured_media":24040,"comment_status":"","ping_status":"","sticky":false,"template":"","format":"standard","meta":{"footnotes":""},"categories":[9599],"tags":[1111,11,1832,1777,674,1119,1011,27,8688,2208,12,2680,25],"class_list":{"0":"post-249314","1":"post","2":"type-post","3":"status-publish","4":"format-standard","5":"has-post-thumbnail","7":"category-montpellier","8":"tag-actu","9":"tag-actualites","10":"tag-animation","11":"tag-eu","12":"tag-europe","13":"tag-formation","14":"tag-fr","15":"tag-france","16":"tag-france-travail-occitanie","17":"tag-montpellier","18":"tag-news","19":"tag-occitanie","20":"tag-republique-francaise"},"share_on_mastodon":{"url":"https:\/\/pubeurope.com\/@fr\/114851543986410656","error":""},"_links":{"self":[{"href":"https:\/\/www.europesays.com\/fr\/wp-json\/wp\/v2\/posts\/249314","targetHints":{"allow":["GET"]}}],"collection":[{"href":"https:\/\/www.europesays.com\/fr\/wp-json\/wp\/v2\/posts"}],"about":[{"href":"https:\/\/www.europesays.com\/fr\/wp-json\/wp\/v2\/types\/post"}],"author":[{"embeddable":true,"href":"https:\/\/www.europesays.com\/fr\/wp-json\/wp\/v2\/users\/2"}],"replies":[{"embeddable":true,"href":"https:\/\/www.europesays.com\/fr\/wp-json\/wp\/v2\/comments?post=249314"}],"version-history":[{"count":0,"href":"https:\/\/www.europesays.com\/fr\/wp-json\/wp\/v2\/posts\/249314\/revisions"}],"wp:featuredmedia":[{"embeddable":true,"href":"https:\/\/www.europesays.com\/fr\/wp-json\/wp\/v2\/media\/24040"}],"wp:attachment":[{"href":"https:\/\/www.europesays.com\/fr\/wp-json\/wp\/v2\/media?parent=249314"}],"wp:term":[{"taxonomy":"category","embeddable":true,"href":"https:\/\/www.europesays.com\/fr\/wp-json\/wp\/v2\/categories?post=249314"},{"taxonomy":"post_tag","embeddable":true,"href":"https:\/\/www.europesays.com\/fr\/wp-json\/wp\/v2\/tags?post=249314"}],"curies":[{"name":"wp","href":"https:\/\/api.w.org\/{rel}","templated":true}]}}