{"id":249319,"date":"2025-07-14T12:22:09","date_gmt":"2025-07-14T12:22:09","guid":{"rendered":"https:\/\/www.europesays.com\/fr\/249319\/"},"modified":"2025-07-14T12:22:09","modified_gmt":"2025-07-14T12:22:09","slug":"grenoble-une-voiture-belier-projetee-sur-la-devanture-dun-bar-et-incendiee","status":"publish","type":"post","link":"https:\/\/www.europesays.com\/fr\/249319\/","title":{"rendered":"Grenoble\u00a0: une voiture-b\u00e9lier projet\u00e9e sur la devanture d\u2019un bar et incendi\u00e9e"},"content":{"rendered":"<p class=\"paragraph text_align_left lp-f-body-02\">Nouvel <a href=\"https:\/\/www.leparisien.fr\/faits-divers\/grenoble-trois-personnes-blessees-par-balles-au-cours-de-deux-tentatives-dhomicide-26-04-2025-KMS4WWC3DFAL7ETXFCATTFRFNQ.php\" target=\"_blank\" rel=\"noreferrer nofollow noopener\">\u00e9pisode de violence<\/a> \u00e0 Grenoble. Les riverains du cours de la Lib\u00e9ration ont \u00e9t\u00e9 r\u00e9veill\u00e9s t\u00f4t ce lundi 14 juillet : peu avant 6 heures du matin, une voiture-b\u00e9lier a \u00e9t\u00e9 projet\u00e9e contre la devanture d\u2019un bar, rapporte <a href=\"https:\/\/www.francebleu.fr\/infos\/faits-divers-justice\/grenoble-une-voiture-belier-projetee-sur-la-devanture-d-un-bar-7757641#xtor=RSS-147\" target=\"_blank\" rel=\"noreferrer nofollow noopener\">Ici Is\u00e8re<\/a>. Le v\u00e9hicule a \u00e9t\u00e9 incendi\u00e9 dans la foul\u00e9e indique le Sdis de l\u2019Is\u00e8re qui a \u00ab eu recours \u00e0 une lance ainsi qu\u2019une vingtaine de sapeurs-pompiers \u00bb.<\/p>\n<p class=\"paragraph text_align_left lp-f-body-02\">Alert\u00e9s par les voisins, les sapeurs-pompiers ont d\u00e9p\u00each\u00e9 une vingtaine de soldats du feu sur place. Les flammes ont ravag\u00e9 la devanture du bar-caf\u00e9 Le Bizertino, situ\u00e9 au rez-de-chauss\u00e9e d\u2019un immeuble d\u2019habitations de neuf \u00e9tages. Mais l\u2019intervention des pompiers a permis d\u2019\u00e9viter la propagation du feu aux \u00e9tages sup\u00e9rieurs.<\/p>\n<p class=\"title-embed-dailymotion lp-color-text lp-f-subtitle-04\">Vid\u00e9oGrenoble : attaque d&rsquo;un fourgon de transport de fonds \u00e0 la kalachnikov<\/p>\n<p class=\"paragraph text_align_left lp-f-body-02\">La plupart des habitants de l\u2019immeuble ont \u00e9vacu\u00e9 les lieux avant m\u00eame l\u2019arriv\u00e9e des secours. L\u2019incendie n\u2019a fait aucun bless\u00e9.<\/p>\n<p class=\"paragraph text_align_left lp-f-body-02\">Le v\u00e9hicule utilis\u00e9 par les malfaiteurs pour incendier le bar \u00e9tait d\u00e9clar\u00e9 vol\u00e9, pr\u00e9cise <a href=\"https:\/\/www.ledauphine.com\/faits-divers-justice\/2025\/07\/14\/isere-grenoble-voiture-belier-incendiee-dans-un-bar-il-faut-que-ca-s-arrete-maintenant-les-riverains-inquiets\" target=\"_blank\" rel=\"noreferrer nofollow noopener\">Le Dauphin\u00e9 Lib\u00e9r\u00e9<\/a>. Une enqu\u00eate a \u00e9t\u00e9 ouverte et confi\u00e9e au service local de police judiciaire de Grenoble.<\/p>\n<p class=\"lp-card-podcast-highlighting__title  lp-f-subtitle-05\">[2\/4] L\u2019attentat du \u00ab Rainbow Warrior \u00bb : un scandale d\u2019\u00c9tat<\/p>\n<p class=\"lp-card-podcast-highlighting__description lp-f-ui-05\">Crime story raconte chaque semaine les grandes affaires criminelles.<\/p>\n<p><a class=\"lp-card-podcast-highlighting__call-to-action\" data-page-type=\"HP\" data-block-name=\"podcast-highlight\">\u00c9couter<\/a><\/p>\n<p class=\"paragraph text_align_left lp-f-body-02\">D\u2019apr\u00e8s les premiers \u00e9l\u00e9ments, deux hommes, casque sur la t\u00eate, ont \u00e9t\u00e9 vus en train de r\u00e9pandre un liquide inflammable sur la voiture, avant d\u2019y mettre le feu. Les suspects, dont les t\u00e9moins n\u2019ont pas vu le visage, ont ensuite pris la fuite \u00e0 pied.<\/p>\n<p class=\"paragraph text_align_left lp-f-body-02\">Les policiers vont notamment tenter de d\u00e9terminer si ces faits ont un lien avec la fusillade qui s\u2019est d\u00e9roul\u00e9e la semaine derni\u00e8re, mercredi 9 juillet au soir, au m\u00eame endroit. Un homme de 22 ans avait \u00e9t\u00e9 touch\u00e9 par quatre balles. Il est toujours hospitalis\u00e9, dans un \u00e9tat grave, pr\u00e9cise le journal local.<\/p>\n","protected":false},"excerpt":{"rendered":"Nouvel \u00e9pisode de violence \u00e0 Grenoble. Les riverains du cours de la Lib\u00e9ration ont \u00e9t\u00e9 r\u00e9veill\u00e9s t\u00f4t ce&hellip;\n","protected":false},"author":2,"featured_media":249320,"comment_status":"","ping_status":"","sticky":false,"template":"","format":"standard","meta":{"footnotes":""},"categories":[9566],"tags":[1111,11,2430,459,1777,674,118,1011,27,2731,12,25],"class_list":{"0":"post-249319","1":"post","2":"type-post","3":"status-publish","4":"format-standard","5":"has-post-thumbnail","7":"category-grenoble","8":"tag-actu","9":"tag-actualites","10":"tag-auvergne-rhone-alpes","11":"tag-departements-horsidfo","12":"tag-eu","13":"tag-europe","14":"tag-faits-divers","15":"tag-fr","16":"tag-france","17":"tag-grenoble","18":"tag-news","19":"tag-republique-francaise"},"share_on_mastodon":{"url":"https:\/\/pubeurope.com\/@fr\/114851567647437635","error":""},"_links":{"self":[{"href":"https:\/\/www.europesays.com\/fr\/wp-json\/wp\/v2\/posts\/249319","targetHints":{"allow":["GET"]}}],"collection":[{"href":"https:\/\/www.europesays.com\/fr\/wp-json\/wp\/v2\/posts"}],"about":[{"href":"https:\/\/www.europesays.com\/fr\/wp-json\/wp\/v2\/types\/post"}],"author":[{"embeddable":true,"href":"https:\/\/www.europesays.com\/fr\/wp-json\/wp\/v2\/users\/2"}],"replies":[{"embeddable":true,"href":"https:\/\/www.europesays.com\/fr\/wp-json\/wp\/v2\/comments?post=249319"}],"version-history":[{"count":0,"href":"https:\/\/www.europesays.com\/fr\/wp-json\/wp\/v2\/posts\/249319\/revisions"}],"wp:featuredmedia":[{"embeddable":true,"href":"https:\/\/www.europesays.com\/fr\/wp-json\/wp\/v2\/media\/249320"}],"wp:attachment":[{"href":"https:\/\/www.europesays.com\/fr\/wp-json\/wp\/v2\/media?parent=249319"}],"wp:term":[{"taxonomy":"category","embeddable":true,"href":"https:\/\/www.europesays.com\/fr\/wp-json\/wp\/v2\/categories?post=249319"},{"taxonomy":"post_tag","embeddable":true,"href":"https:\/\/www.europesays.com\/fr\/wp-json\/wp\/v2\/tags?post=249319"}],"curies":[{"name":"wp","href":"https:\/\/api.w.org\/{rel}","templated":true}]}}