{"id":249321,"date":"2025-07-14T12:23:25","date_gmt":"2025-07-14T12:23:25","guid":{"rendered":"https:\/\/www.europesays.com\/fr\/249321\/"},"modified":"2025-07-14T12:23:25","modified_gmt":"2025-07-14T12:23:25","slug":"a-saint-gregoire-les-quatre-logements-durgence-seront-prets-fin-aout","status":"publish","type":"post","link":"https:\/\/www.europesays.com\/fr\/249321\/","title":{"rendered":"\u00c0 Saint-Gr\u00e9goire, les quatre\u00a0logements d\u2019urgence seront pr\u00eats fin ao\u00fbt"},"content":{"rendered":"<p>La belle pierre est rest\u00e9e apparente dans le sous-sol du 11, rue Milon, \u00e0 <a href=\"https:\/\/rennes.maville.com\/bretagne\/ille-et-vilaine\/saint-gregoire\/\" target=\"_blank\" rel=\"noopener\">Saint-Gr\u00e9goire <\/a> <a href=\"https:\/\/www.ouest-france.fr\/bretagne\/ille-et-vilaine\/\" target=\"_blank\" rel=\"noopener\">(Ille-et-Vilaine)<\/a>. \u00a0Les travaux avancent bien. Ils seront termin\u00e9s \u00e0 la fin du mois d\u2019ao\u00fbt\u00a02025\u00a0, indique Malo Auvignon, technicien du b\u00e2timent dans la ville. Toutes les menuiseries de la b\u00e2tisse situ\u00e9e au centre-ville ont \u00e9t\u00e9 chang\u00e9es. \u00a0Il y avait auparavant des carr\u00e9s bois en b\u00e9ton\u00a0. Le cabinet Pr\u00e9figures de Rennes est en charge du projet de r\u00e9novation du b\u00e2timent datant du XIXe\u00a0si\u00e8cle. \u00c0 l\u2019image ce qui a \u00e9t\u00e9 fait <a href=\"https:\/\/rennes.maville.com\/actu\/actudet_-saint-gregoire.-une-partie-des-services-municipaux-emmenage-a-la-maison-herfray-_7-5492634_actu.Htm\" target=\"_self\" rel=\"noopener\">\u00e0 la maison Herfray pr\u00e8s de la mairie,<\/a> la Ville poursuit la r\u00e9habilitation de certaines b\u00e2tisses remarquables du patrimoine. Les travaux de dix\u00a0mois ont \u00e9t\u00e9 lanc\u00e9s officiellement en septembre dernier.<\/p>\n<p>Une nouvelle couche d\u2019enduit va \u00eatre d\u00e9pos\u00e9e dans les prochains jours sur le b\u00e2timent. Pour les ext\u00e9rieurs, un engazonnement est pr\u00e9vu c\u00f4t\u00e9 rue avec la plantation de v\u00e9g\u00e9taux. \u00c0 l\u2019int\u00e9rieur, le rez-de-chauss\u00e9e va accueillir deux appartements T1. \u00a0On a refait une structure compl\u00e8te dans l\u2019existant avec poteau en b\u00e9ton\u00a0, note le technicien. Seul l\u2019escalier a \u00e9t\u00e9 conserv\u00e9 dans cette maison en terre\u00a0: \u00a0Il sera vitrifi\u00e9\u00a0.<\/p>\n<p>373m\u00b2 de surface habitable r\u00e9nov\u00e9s<\/p>\n<p>Au premier \u00e9tage, un vaste appartement T3\u00a0avec ses deux chambres donne une visibilit\u00e9 sur l\u2019hypercentre gr\u00e9gorien. \u00a0Nous nous gardons la possibilit\u00e9 de couper le T3 en deux logements s\u00e9par\u00e9s\u00a0, explique Malo Auvignon. Plusieurs fourreaux sont en effet r\u00e9serv\u00e9s \u00e0 cette potentialit\u00e9. Un autre T3\u00a0se met aussi en place au 2e \u00e9tage. Au total, ce sont 373m\u00b2 de surface habitable qui seront totalement r\u00e9nov\u00e9s. Les logements de la commune seront d\u00e9di\u00e9s aux urgences et pilot\u00e9s par le centre communal d\u2019action sociale (CCAS). <a href=\"https:\/\/rennes.maville.com\/bretagne\/ille-et-vilaine\/saint-gregoire\/saint-gregoire-dix-mois-de-travaux-pour-rehabiliter-la-batisse-du-11-rue-milon-cdf6fc6c-7359-11ef-b79d-a742fa838b5d#:~:text=La%2520Ville%2520y%2520pr%25C3%25A9voit%2520des,est%2520de%2520760%2520000%2520%25E2%2582%25AC.&amp;text=Samedi%252014%2520septembre%25202024%252C%2520plus,pierre%2520au%252011%252C%2520rue%2520Milon.\" target=\"_self\" rel=\"noopener\">Le co\u00fbt de l\u2019op\u00e9ration est de 760\u00a0000\u00a0\u20ac.<\/a> Les travaux devraient se terminer fin ao\u00fbt\u00a02025.<\/p>\n<p>\u00a0<\/p>\n","protected":false},"excerpt":{"rendered":"La belle pierre est rest\u00e9e apparente dans le sous-sol du 11, rue Milon, \u00e0 Saint-Gr\u00e9goire (Ille-et-Vilaine). \u00a0Les travaux&hellip;\n","protected":false},"author":2,"featured_media":249322,"comment_status":"","ping_status":"","sticky":false,"template":"","format":"standard","meta":{"footnotes":""},"categories":[2821],"tags":[1111,11,2863,829,1777,674,5729,1011,27,2846,12,31083,3086,584,25,5372,3083],"class_list":{"0":"post-249321","1":"post","2":"type-post","3":"status-publish","4":"format-standard","5":"has-post-thumbnail","7":"category-rennes","8":"tag-actu","9":"tag-actualites","10":"tag-aout","11":"tag-bretagne","12":"tag-eu","13":"tag-europe","14":"tag-fin","15":"tag-fr","16":"tag-france","17":"tag-logements","18":"tag-news","19":"tag-prets","20":"tag-redon","21":"tag-rennes","22":"tag-republique-francaise","23":"tag-saint-gregoire","24":"tag-urgence"},"share_on_mastodon":{"url":"https:\/\/pubeurope.com\/@fr\/114851571877077624","error":""},"_links":{"self":[{"href":"https:\/\/www.europesays.com\/fr\/wp-json\/wp\/v2\/posts\/249321","targetHints":{"allow":["GET"]}}],"collection":[{"href":"https:\/\/www.europesays.com\/fr\/wp-json\/wp\/v2\/posts"}],"about":[{"href":"https:\/\/www.europesays.com\/fr\/wp-json\/wp\/v2\/types\/post"}],"author":[{"embeddable":true,"href":"https:\/\/www.europesays.com\/fr\/wp-json\/wp\/v2\/users\/2"}],"replies":[{"embeddable":true,"href":"https:\/\/www.europesays.com\/fr\/wp-json\/wp\/v2\/comments?post=249321"}],"version-history":[{"count":0,"href":"https:\/\/www.europesays.com\/fr\/wp-json\/wp\/v2\/posts\/249321\/revisions"}],"wp:featuredmedia":[{"embeddable":true,"href":"https:\/\/www.europesays.com\/fr\/wp-json\/wp\/v2\/media\/249322"}],"wp:attachment":[{"href":"https:\/\/www.europesays.com\/fr\/wp-json\/wp\/v2\/media?parent=249321"}],"wp:term":[{"taxonomy":"category","embeddable":true,"href":"https:\/\/www.europesays.com\/fr\/wp-json\/wp\/v2\/categories?post=249321"},{"taxonomy":"post_tag","embeddable":true,"href":"https:\/\/www.europesays.com\/fr\/wp-json\/wp\/v2\/tags?post=249321"}],"curies":[{"name":"wp","href":"https:\/\/api.w.org\/{rel}","templated":true}]}}