{"id":249327,"date":"2025-07-14T12:28:14","date_gmt":"2025-07-14T12:28:14","guid":{"rendered":"https:\/\/www.europesays.com\/fr\/249327\/"},"modified":"2025-07-14T12:28:14","modified_gmt":"2025-07-14T12:28:14","slug":"logements-sociaux-nous-navons-plus-suffisamment-de-foncier-disponible-ce-maire-pres-de-nice-ne-veut-pas-payer-de-penalites","status":"publish","type":"post","link":"https:\/\/www.europesays.com\/fr\/249327\/","title":{"rendered":"Logements sociaux: \u00ab\u00a0nous n&rsquo;avons plus suffisamment de foncier disponible\u00a0\u00bb, ce maire pr\u00e8s de Nice ne veut pas payer de p\u00e9nalit\u00e9s"},"content":{"rendered":"<p>Levens devrait disposer de 570 logements sociaux au regard de la loi Solidarit\u00e9 et renouvellement urbain (SRU). Chaque commune de plus de 3.500 habitants doit compter 25% de logements sociaux par rapport au nombre de logements existants. Sauf que Levens, 5.300 habitants, d\u00e9nombre 301 logements sociaux. C\u2019est trop peu. Selon la loi SRU, elle devrait payer 70.000 euros de p\u00e9nalit\u00e9 chaque ann\u00e9e, car la commune n\u2019atteint pas les objectifs. \u00ab\u00a0C\u2019est \u00e9norme. \u00c7a repr\u00e9sente 60% du budget des \u00e9coles\u00a0\u00bb, s\u2019indigne Antoine V\u00e9ran, maire de Levens.<\/p>\n<p>La M\u00e9tropole a donc demand\u00e9 en 2022 au pr\u00e9fet que la commune soit exempt\u00e9e de loi SRU. Demande accept\u00e9e. En 2022, 2023 et 2024, Levens n\u2019a donc pas pay\u00e9 de p\u00e9nalit\u00e9s. Mais cet accord n\u2019est valable que trois ans. Il faut donc que la M\u00e9tropole refasse la demande pour les trois prochaines ann\u00e9es (2025, 2026, 2027).<\/p>\n<p>\u00ab\u00a0Plus suffisamment de foncier disponible\u00a0\u00bb<\/p>\n<p>Une d\u00e9lib\u00e9ration sera donc soumise au conseil m\u00e9tropolitain vendredi 11 juillet 2025 pour donner pouvoir au pr\u00e9sident de solliciter \u00e0 nouveau le pr\u00e9fet. \u00ab\u00a0On se reparle avec Christian Estrosi, l\u00e2che le maire. La preuve, il va d\u00e9fendre ce dossier de sortie temporaire du dispositif SRU.\u00a0\u00bb<\/p>\n<p>Et de poursuivre: \u00ab\u00a0Nous n\u2019avons plus suffisamment de foncier disponible. Donc on ne peut plus construire de logements sociaux.\u00a0\u00bb<\/p>\n<p>Et si l\u2019\u00c9tat refuse cette sortie temporaire du dispositif SRU? \u00ab\u00a0Je n\u2019aurai pas d\u2019autre choix que de payer les amendes. \u00c7a se fera au d\u00e9triment d\u2019autres projets, affirme Antoine V\u00e9ran. Mais je ne crois pas \u00e0 cette hypoth\u00e8se. L\u2019\u00c9tat a reconnu que nous avions fait des efforts. Et on remplit les crit\u00e8res pour demander une exemption. D\u2019ailleurs, quand nous pouvons faire des logements sociaux nous le faisons. Deux projets sont en cours: 10 logements pour accueillir des jeunes en situation de handicap et 12 logements avec un bail r\u00e9el solidaire.\u00a0\u00bb<\/p>\n","protected":false},"excerpt":{"rendered":"Levens devrait disposer de 570 logements sociaux au regard de la loi Solidarit\u00e9 et renouvellement urbain (SRU). Chaque&hellip;\n","protected":false},"author":2,"featured_media":249328,"comment_status":"","ping_status":"","sticky":false,"template":"","format":"standard","meta":{"footnotes":""},"categories":[2819],"tags":[1111,11,1777,674,1011,27,12,2401,316,882,25,1352],"class_list":{"0":"post-249327","1":"post","2":"type-post","3":"status-publish","4":"format-standard","5":"has-post-thumbnail","7":"category-nice","8":"tag-actu","9":"tag-actualites","10":"tag-eu","11":"tag-europe","12":"tag-fr","13":"tag-france","14":"tag-news","15":"tag-nice","16":"tag-politique","17":"tag-provence-alpes-cote-dazur","18":"tag-republique-francaise","19":"tag-urbanisme"},"share_on_mastodon":{"url":"https:\/\/pubeurope.com\/@fr\/114851591255829995","error":""},"_links":{"self":[{"href":"https:\/\/www.europesays.com\/fr\/wp-json\/wp\/v2\/posts\/249327","targetHints":{"allow":["GET"]}}],"collection":[{"href":"https:\/\/www.europesays.com\/fr\/wp-json\/wp\/v2\/posts"}],"about":[{"href":"https:\/\/www.europesays.com\/fr\/wp-json\/wp\/v2\/types\/post"}],"author":[{"embeddable":true,"href":"https:\/\/www.europesays.com\/fr\/wp-json\/wp\/v2\/users\/2"}],"replies":[{"embeddable":true,"href":"https:\/\/www.europesays.com\/fr\/wp-json\/wp\/v2\/comments?post=249327"}],"version-history":[{"count":0,"href":"https:\/\/www.europesays.com\/fr\/wp-json\/wp\/v2\/posts\/249327\/revisions"}],"wp:featuredmedia":[{"embeddable":true,"href":"https:\/\/www.europesays.com\/fr\/wp-json\/wp\/v2\/media\/249328"}],"wp:attachment":[{"href":"https:\/\/www.europesays.com\/fr\/wp-json\/wp\/v2\/media?parent=249327"}],"wp:term":[{"taxonomy":"category","embeddable":true,"href":"https:\/\/www.europesays.com\/fr\/wp-json\/wp\/v2\/categories?post=249327"},{"taxonomy":"post_tag","embeddable":true,"href":"https:\/\/www.europesays.com\/fr\/wp-json\/wp\/v2\/tags?post=249327"}],"curies":[{"name":"wp","href":"https:\/\/api.w.org\/{rel}","templated":true}]}}