{"id":249330,"date":"2025-07-14T12:31:39","date_gmt":"2025-07-14T12:31:39","guid":{"rendered":"https:\/\/www.europesays.com\/fr\/249330\/"},"modified":"2025-07-14T12:31:39","modified_gmt":"2025-07-14T12:31:39","slug":"andy-kerbrat-lfi-navait-aucun-interet-a-demissionner","status":"publish","type":"post","link":"https:\/\/www.europesays.com\/fr\/249330\/","title":{"rendered":"Andy Kerbrat (LFI) n\u2019avait aucun int\u00e9r\u00eat \u00e0 d\u00e9missionner"},"content":{"rendered":"<p style=\"text-align: justify;\"><strong>Un d\u00e9put\u00e9 n\u2019a jamais envie de d\u00e9missionner. Seuls ses opposants r\u00e9clament son d\u00e9part. S\u2019ils occupaient la place, ils ne parleraient pas de d\u00e9missionner. D\u2019autant plus que la r\u00e9\u00e9lection n\u2019est pas toujours\u00a0 un exercice facile. Fort logiquement, <a href=\"https:\/\/www.breizh-info.com\/2024\/11\/17\/240440\/andy-kerbrat-le-depute-lfi-au-coeur-dun-scandale-financier-et-personnel-lie-a-sa-consommation-de-drogue\/\" target=\"_blank\" rel=\"noopener\">Andy Kerbrat<\/a> a refus\u00e9 de d\u00e9missionner.\u00a0<\/strong><\/p>\n<p style=\"text-align: justify;\">Apr\u00e8s les \u201cexploits\u201c d\u2019Andy Kerbrat (LFI), d\u00e9put\u00e9 de Nantes centre, il \u00e9tait normal que la droite r\u00e9clam\u00e2t sa d\u00e9mission ; c\u2019est le jeu. Surtout apr\u00e8s son apparition dans un reportage de France 2 (Envoy\u00e9 sp\u00e9cial, jeudi 13 f\u00e9vrier 2025) \u2013 il fallait \u00eatre gonfl\u00e9 pour accepter de jouer les vedettes \u00e0 la t\u00e9l\u00e9vision. C\u2019est pourquoi Kerbrat a eu droit aux \u201cf\u00e9licitations\u201c d\u2019un jury\u00a0remont\u00e9 qui r\u00e9clamait sa d\u00e9mission\u00a0: \u00ab\u00a0A partir du moment o\u00f9 il a\u00a0 reconnu avoir particip\u00e9 \u00e0 un trafic, il aurait d\u00fb d\u00e9missionner. Tous ses propos n\u2019ont aucune valeur. Son seul objectif est de gagner du temps\u00a0\u00bb, souligne Franck Louvrier (LR), maire de La Baule. M\u00eame son de cloche avec Foulques Chombart de Lauwe (LF), conseiller municipal de Nantes\u00a0: \u00ab\u00a0Non, tout le monde ne se drogue pas. Non, tout le monde n\u2019ach\u00e8te pas de la came \u00e0 un mineur. Et si, comme il le dit, \u00e7a lui prendra \u201ctoute sa vie d\u2019en sortir\u201c, il faut d\u00e9missionner. Impossible d\u2019assumer sa charge.\u00a0\u00bb (Ouest-France, Loire-Atlantique, 15-16 f\u00e9vrier 2025)<\/p>\n<p style=\"text-align: justify;\">Mais la plus int\u00e9ress\u00e9e \u00e0 l\u2019affaire s\u2019appelle Val\u00e9rie Oppelt. Elue d\u00e9put\u00e9e macroniste en 2017 dans la circonscription de Nantes centre, elle re\u00e7oit une racl\u00e9e en 2022. Au premier tour, Andy Kerbrat (LFI) lui met\u00a0 dix-huit points dans la vue\u00a0 (46,62\u00a0 %\/28,44 %). Au second, Val\u00e9rie Oppelt (Ensemble) n\u2019obtient que 44,66 % des exprim\u00e9s, tandis que Andy Kerbrat grimpe \u00e0 55,34 %. \u00ab\u00a0C\u2019est un changement de vie total qui m\u2019attend. Mon objectif, c\u2019est de garder la flamme. Je ne vais pas oublier ce que c\u2019est d\u2019\u00eatre un salari\u00e9 pr\u00e9caire et un syndicaliste\u00a0\u00bb, se f\u00e9licite le vainqueur, tandis que la vaincue promet de poursuivre son engagement\u00a0: \u00ab\u00a0Je ne vais rien l\u00e2cher et je ne vais pas rel\u00e2cher la pression sur Johanna Rolland, qui a vendu son \u00e2me au diable et \u00e0 LFI, en soutenant Andy Kerbrat. D\u00e9sormais, Nantes pour moi, c\u2019est l\u2019extr\u00eame gauche\u00a0\u00bb (Presse Oc\u00e9an, lundi 20 juin 2022). Val\u00e9rie Oppelt oublie tout simplement de noter que la sociologie de Nantes centre est favorable \u00e0 la gauche, voire \u00e0 la gauche radicale (LFI) \u2013 les nouvelles classes urbaines ne votent pas \u00e0 droite\u00a0; son \u00e9lection de 2017 fut un accident li\u00e9 \u00e0 la \u201cdynamique\u201c Macron lors de la pr\u00e9sidentielle.<\/p>\n<p style=\"text-align: justify;\">La dissolution de 2024 ne permet pas \u00e0 Mme Oppelt de r\u00e9cup\u00e9rer son si\u00e8ge. On peut m\u00eame parler de catastrophe puisque Andy Kerbrat est r\u00e9\u00e9lu d\u00e8s le premier tour\u00a0: 51,67 % (34 341 voix), contre 26,70 % (17 744 voix) pour la macroniste (Renaissance)\u00a0; c\u2019est-\u00e0-dire que Kerbrat la devance de 16\u00a0597 suffrages \u2013 soit 24,97 points. La messe est dite\u2026 Se sentant investi d\u2019une mission, Kerbrat d\u00e9clare imm\u00e9diatement\u00a0: \u00ab\u00a0L\u2019enjeu, d\u00e8s ce soir, c\u2019est de soutenir les autres candidats de gauche qui peuvent l\u2019emporter dans le d\u00e9partement (\u2026) On ne va pas se mentir, on est au bord du gouffre, mais ce d\u00e9partement est une terre de r\u00e9sistance, il doit le rester.\u00a0\u00bb (Ouest-France, Loire-Atlantique, lundi 1er juillet 2024) Quant \u00e0 l\u2019ancienne d\u00e9put\u00e9e, elle tient \u00e0 \u00ab\u00a0f\u00e9liciter les Fran\u00e7ais qui sont all\u00e9s voter, preuve que la d\u00e9mocratie est encore l\u00e0. En plus, \u00e0 Nantes, on n\u2019a pas un Rassemblement national aussi fort que cela.\u00a0\u00bb (Presse Oc\u00e9an, lundi 1er juillet 2024)\u00a0; elle oublie de voir que, dans sa circonscription, l\u2019abstention atteignait 26,19 % (soit 23\u00a0971 \u00e9lecteurs inscrits). Quant \u00e0 la candidate du RN Nolwenn Fer, elle est parvenue \u00e0 obtenir 9\u00a0157 suffrages (13,78 %), ce qui est exceptionnel dans une circonscription \u201cbourgeoise\u201c (bobos &amp; Co).<\/p>\n<p><strong>Val\u00e9rie Oppelt et Andy Kerbrat ne partiront pas en vacances ensemble<\/strong><\/p>\n<p style=\"text-align: justify;\">On l\u2019aura compris Val\u00e9rie Oppelt a de bonnes raisons de ne pas\u00a0 appr\u00e9cier Andy Kerbrat qui l\u2019a battue s\u00e8chement \u00e0 deux reprises. Apr\u00e8s la diffusion de l\u2019\u00e9mission Envoy\u00e9 sp\u00e9cial, elle vide donc son sac. Elle commence par qualifier les propos de Kerbrat de \u00ab\u00a0choquants et honteux\u00a0\u00bb. D\u00e9non\u00e7ant\u00a0\u00ab\u00a0une tentative de victimisation habituelle chez LFI\u00a0\u00bb, la conseill\u00e8re municipale d\u2019opposition de Nantes rejette en bloc les explications de Kerbrat\u00a0: \u00ab\u00a0Non, tous les gens ne tombent pas dans la drogue quand ils perdent leur m\u00e8re.\u00a0\u00bb Pour elle, Kerbrat n\u2019a plus sa place \u00e0 l\u2019Assembl\u00e9e nationale\u00a0: \u00ab\u00a0Depuis qu\u2019il est \u00e9lu, il vote des lois sous l\u2019emprise de la drogue. Il n\u2019a jamais \u00e9t\u00e9 en capacit\u00e9 d\u2019assumer pleinement ses fonctions. Il doit d\u00e9missionner.\u00a0\u00bb (Presse Oc\u00e9an, samedi 15 f\u00e9vrier 2025)<\/p>\n<p style=\"text-align: justify;\">Mais Andy Kerbrat est bien d\u00e9cid\u00e9 \u00e0 conserver son job. D\u00e8s le d\u00e9part, il annonce la couleur\u00a0: \u00ab\u00a0Je me battrai contre cette addiction. Apr\u00e8s avoir consult\u00e9 mon m\u00e9decin, je vais suivre un protocole de soins. Il me permettra de reprendre mon activit\u00e9 parlementaire.\u00a0\u00bb (Presse Oc\u00e9an, mercredi 23 octobre 2024)\u00a0\u00ab\u00a0Je resterai d\u00e9put\u00e9 jusqu\u2019\u00e0 la fin de mon mandat\u00a0\u00bb, affirme-t-il dans le reportage d\u2019Envoy\u00e9 sp\u00e9cial (jeudi 13 f\u00e9vrier 2025). Et d\u2019annoncer son retour au Palais-Bourbon\u00a0: \u00ab\u00a0Je reprends mes fonctions apr\u00e8s un gros break de six mois n\u00e9cessaire pour me soigner\u00a0: hospitalisation, suivi m\u00e9dico-social\u2026\u00a0\u00bb (Presse Oc\u00e9an, lundi 23 juin 2025) Le plus amusant de l\u2019histoire est son comportement dans l\u2019affaire Josso-Guerriau. Avec les autres d\u00e9put\u00e9s Nupes de Loire-Atlantique, il a sign\u00e9 un texte dans lequel il se d\u00e9clare d\u2019accord avec G\u00e9rard Larcher qui a demand\u00e9 \u00e0 Jo\u00ebl Guerriau de \u00ab\u00a0d\u00e9missionner de ses fonctions (\u2026) et de mettre en retrait de toutes ses activit\u00e9s li\u00e9es \u00e0 son mandat de s\u00e9nateur.\u00a0\u00bb (Ouest-France, Loire-Atlantique, vendredi 24 novembre 2023) Si Guerriau doit d\u00e9missionner, on ne voit pas pourquoi Kerbrat ne d\u00e9missionnerait pas\u2026\u00a0 M\u00eame combat\u00a0!<\/p>\n<p><strong>Les \u00e9lections partielles sont dangereuses pour un sortant<\/strong><\/p>\n<p style=\"text-align: justify;\">Demander \u00e0 un d\u00e9put\u00e9 de d\u00e9missionner, c\u2019est ignorer les cons\u00e9quences de cette d\u00e9cision. D\u2019abord la suppl\u00e9ante de Kerbrat Marina Ferreruela ne pourrait pas le remplacer car \u00ab\u00a0la d\u00e9mission [serait] intervenue pour tout autre motif qu\u2019une incompatibilit\u00e9\u00a0\u00bb\u00a0\u00bb. Ensuite \u00ab\u00a0il est proc\u00e9d\u00e9 \u00e0 des \u00e9lections partielles dans un d\u00e9lai de trois mois\u00a0\u00bb. Voil\u00e0 ce qu\u2019indiquent les articles L.O 176 et L.O 178 du Code \u00e9lectoral. Ne perdons pas de vue que la Nupes en 2022 et le Nouveau Front populaire en 2024 ont rendu service \u00e0 Andy Kerbrat puisqu\u2019il \u00e9tait le candidat unique de la gauche \u2013 pas de concurrence avec les socialistes et les \u00e9cologistes. En 2025, la situation risque d\u2019\u00eatre totalement diff\u00e9rente car ce n\u2019est plus le grand amour entre les insoumis et les socialistes\u00a0; et ces derniers pourraient \u00eatre tent\u00e9s de pr\u00e9senter un candidat contre Kerbrat\u00a0 afin de r\u00e9cup\u00e9rer la circonscription. D\u2019autant plus que le d\u00e9put\u00e9 ne manque pas une occasion de critiquer Johanna Rolland (PS), maire de Nantes. Ainsi il fustige \u00ab\u00a0le double discours\u00a0\u00bb\u00a0de Mme Rolland qui ne \u00ab\u00a0clarifie pas sa position sur la cr\u00e9ation d\u2019un centre de r\u00e9tention administrative \u00e0 Nantes\u00a0\u00bb, marie \u00ab\u00a0le verdissement de la ville en m\u00eame temps que la coupe d\u2019arbres\u00a0\u00bb, et orchestre \u00ab\u00a0un partenariat quasiment permanent avec la CCI sur la question de l\u2019attractivit\u00e9 de la ville\u00a0\u00bb. (Presse Oc\u00e9an, samedi 28 juin 2025)<\/p>\n<p><strong>Palais-Bourbon : la soupe est bonne<\/strong><\/p>\n<p style=\"text-align: justify;\">Un r\u00e9cent sondage portant sur les intentions de vote en cas de dissolution incite \u00e9videmment les dirigeants de La France insoumise \u00e0 faire preuve de prudence \u2013 s\u2019embarquer dans des \u00e9lections partielles serait une mauvaise id\u00e9e. Actuellement, un candidat pr\u00e9sent\u00e9 par le PS, Les Ecologistes et le PCF est cr\u00e9dit\u00e9 de 16 %, tandis que celui se r\u00e9clamant de LFI n\u2019atteindrait que 10 % (Elabe, La Tribune Dimanche, 8 juin 2025). Ce qui montre que, pour Kerbrat, d\u00e9missionner comporterait un grand risque \u2013 surtout si son \u00e9lectorat se d\u00e9mobilise. A six mois des \u00e9lections municipales, il serait contre-productif pour LFI d\u2019obtenir de mauvais r\u00e9sultats \u00e0 Nantes\u00a0; les insoumis ne se trouveraient plus en position de force pour faire pression sur Johanna Rolland (PS).<\/p>\n<p style=\"text-align: justify;\">Ensuite, quand on a \u00e9t\u00e9 salari\u00e9 d\u2019un centre d\u2019appel, la vie au Palais-Bourbon\u00a0 appara\u00eet confortable\u00a0: l\u2019indemnit\u00e9 de base s\u2019\u00e9l\u00e8ve \u00e0 5\u00a0931,95 \u20ac, l\u2019indemnit\u00e9 de r\u00e9sidence \u00e0 177,96 \u20ac et l\u2019indemnit\u00e9 de fonction \u00e0 1\u00a0527,48 \u20ac, soit un total de 7\u00a0637,39 \u20ac. A cela s\u2019ajoutent\u00a0 d\u2019autres avantages\u00a0: une avance de frais de mandat (5\u00a0950 euros chaque mois), une enveloppe pour r\u00e9mun\u00e9rer les assistants parlementaires (1 1\u00a0118 euros mensuels), une carte pour se d\u00e9placer en train gratuitement, le remboursement des frais de taxi ou VTC, etc. On peut ajouter qu\u2019un d\u00e9put\u00e9 est une personnalit\u00e9 locale, il joue un r\u00f4le \u00e0 Nantes, les m\u00e9dias parlent de lui\u2026 Pour toutes ces raisons et quelques autres, Andy Kerbrat n\u2019a aucun int\u00e9r\u00eat \u00e0 retourner travailler dans un centre d\u2019appel\u2026 \u00a0Le casse-cro\u00fbte d\u2019abord\u00a0!<\/p>\n<p style=\"text-align: justify;\"><strong>Bernard Morvan<\/strong><\/p>\n<p>Cr\u00e9dit photo : Teidix\/Wikimedia (cc)<br \/>[cc] Breizh-info.com, 2025, d\u00e9p\u00eaches libres de copie et de diffusion sous r\u00e9serve de mention et de lien vers la source d\u2019origine<\/p>\n","protected":false},"excerpt":{"rendered":"Un d\u00e9put\u00e9 n\u2019a jamais envie de d\u00e9missionner. Seuls ses opposants r\u00e9clament son d\u00e9part. S\u2019ils occupaient la place, ils&hellip;\n","protected":false},"author":2,"featured_media":249331,"comment_status":"","ping_status":"","sticky":false,"template":"","format":"standard","meta":{"footnotes":""},"categories":[2818],"tags":[1111,11,38936,1777,674,1011,27,766,12,2636,25,38937],"class_list":{"0":"post-249330","1":"post","2":"type-post","3":"status-publish","4":"format-standard","5":"has-post-thumbnail","7":"category-nantes","8":"tag-actu","9":"tag-actualites","10":"tag-andy-kerbrat","11":"tag-eu","12":"tag-europe","13":"tag-fr","14":"tag-france","15":"tag-nantes","16":"tag-news","17":"tag-pays-de-la-loire","18":"tag-republique-francaise","19":"tag-valerie-oppelt"},"share_on_mastodon":{"url":"https:\/\/pubeurope.com\/@fr\/114851602960078817","error":""},"_links":{"self":[{"href":"https:\/\/www.europesays.com\/fr\/wp-json\/wp\/v2\/posts\/249330","targetHints":{"allow":["GET"]}}],"collection":[{"href":"https:\/\/www.europesays.com\/fr\/wp-json\/wp\/v2\/posts"}],"about":[{"href":"https:\/\/www.europesays.com\/fr\/wp-json\/wp\/v2\/types\/post"}],"author":[{"embeddable":true,"href":"https:\/\/www.europesays.com\/fr\/wp-json\/wp\/v2\/users\/2"}],"replies":[{"embeddable":true,"href":"https:\/\/www.europesays.com\/fr\/wp-json\/wp\/v2\/comments?post=249330"}],"version-history":[{"count":0,"href":"https:\/\/www.europesays.com\/fr\/wp-json\/wp\/v2\/posts\/249330\/revisions"}],"wp:featuredmedia":[{"embeddable":true,"href":"https:\/\/www.europesays.com\/fr\/wp-json\/wp\/v2\/media\/249331"}],"wp:attachment":[{"href":"https:\/\/www.europesays.com\/fr\/wp-json\/wp\/v2\/media?parent=249330"}],"wp:term":[{"taxonomy":"category","embeddable":true,"href":"https:\/\/www.europesays.com\/fr\/wp-json\/wp\/v2\/categories?post=249330"},{"taxonomy":"post_tag","embeddable":true,"href":"https:\/\/www.europesays.com\/fr\/wp-json\/wp\/v2\/tags?post=249330"}],"curies":[{"name":"wp","href":"https:\/\/api.w.org\/{rel}","templated":true}]}}