{"id":249350,"date":"2025-07-14T12:44:11","date_gmt":"2025-07-14T12:44:11","guid":{"rendered":"https:\/\/www.europesays.com\/fr\/249350\/"},"modified":"2025-07-14T12:44:11","modified_gmt":"2025-07-14T12:44:11","slug":"un-cheval-de-la-garde-republicaine-chute-en-pleine-parade","status":"publish","type":"post","link":"https:\/\/www.europesays.com\/fr\/249350\/","title":{"rendered":"un cheval de la Garde r\u00e9publicaine chute en pleine parade"},"content":{"rendered":"<p>            Par<br \/>\n        <strong><br \/>\n            <a href=\"https:\/\/actu.fr\/auteur\/redaction-paris\" title=\"Consulter tous les articles de R\u00e9daction Paris\" rel=\"nofollow noopener\" target=\"_blank\">R\u00e9daction Paris<\/a><br \/>\n        <\/strong><\/p>\n<p>        Publi\u00e9 le<\/p>\n<p>            14 juil. 2025 \u00e0 13h55        <\/p>\n<p>Un cheval sans cavalier qui erre et, un autre, au sol. Ce lundi 14\u00a0juillet 2025, en plein <a href=\"https:\/\/actu.fr\/ile-de-france\/paris_75056\/le-defile-du-14-juillet-renoue-avec-les-traditions-en-2025-a-paris-a-quoi-s-attendre_62750040.html\" rel=\"nofollow noopener\" target=\"_blank\">d\u00e9fil\u00e9 militaire<\/a> sur les <a href=\"https:\/\/actu.fr\/tag\/champs-elysees\" rel=\"nofollow noopener\" target=\"_blank\">Champs-\u00c9lys\u00e9es<\/a> \u00e0 Paris, deux petits loup\u00e9s ont eu lieu lors du passage de la <strong>Garde r\u00e9publicaine<\/strong>\u2009: un cheval est tomb\u00e9 et un autre a tent\u00e9 de reprendre sa libert\u00e9.<\/p>\n<p>Pas de bless\u00e9<\/p>\n<p class=\" wall-content\">Une sc\u00e8ne tr\u00e8s rare tant cette parade est millim\u00e9tr\u00e9e et encadr\u00e9e afin d\u2019\u00e9viter le moindre \u00ab\u2009couac\u2009\u00bb. Mais un animal, m\u00eame dress\u00e9 comme le sont les chevaux de la Garde r\u00e9publicaine, reste un \u00eatre sensible dont les r\u00e9actions peuvent ne pas \u00eatre anticip\u00e9es. Pour des raisons difficiles \u00e0 d\u00e9terminer en regardant les vid\u00e9os, un premier \u00e9quid\u00e9 a \u00e9t\u00e9 aper\u00e7u en train de se balader, <strong>sans cavalier<\/strong>, hors des rangs.<\/p>\n<p class=\" wall-content\">\n<p class=\" wall-content\">Presque au m\u00eame moment, un <strong>deuxi\u00e8me cheval<\/strong>, qui se trouvait lui au milieu d\u2019une rang\u00e9e, a chut\u00e9, emportant avec lui son cavalier. Le militaire et sa monture se sont relev\u00e9s sans difficult\u00e9 et visiblement sans blessure. Le d\u00e9fil\u00e9 s\u2019est termin\u00e9 sans autre accroc.<\/p>\n<p class=\" wall-content\">Suivez toute l\u2019actualit\u00e9 de vos villes et m\u00e9dias favoris en vous inscrivant \u00e0 <a href=\"https:\/\/moncompte.actu.fr\" title=\"D\u00e9couvez Mon Actu\" rel=\"nofollow noopener\" data-trk=\"{&quot;cta&quot;:{&quot;action&quot;:&quot;https:\\\/\\\/moncompte.actu.fr&quot;,&quot;category&quot;:&quot;mon compte&quot;,&quot;from&quot;:&quot;article footer&quot;,&quot;name&quot;:&quot;Mon actu&quot;,&quot;type&quot;:&quot;cta&quot;}}\" target=\"_blank\">Mon Actu<\/a>.<\/p>\n","protected":false},"excerpt":{"rendered":"Par R\u00e9daction Paris Publi\u00e9 le 14 juil. 2025 \u00e0 13h55 Un cheval sans cavalier qui erre et, un&hellip;\n","protected":false},"author":2,"featured_media":249351,"comment_status":"","ping_status":"","sticky":false,"template":"","format":"standard","meta":{"footnotes":""},"categories":[1888],"tags":[1111,1928,11,1927,1867,12668,1777,674,1011,27,12,1926,626,1925,25,104],"class_list":{"0":"post-249350","1":"post","2":"type-post","3":"status-publish","4":"format-standard","5":"has-post-thumbnail","7":"category-paris","8":"tag-actu","9":"tag-actu-paris","10":"tag-actualites","11":"tag-actualites-paris","12":"tag-animaux","13":"tag-cheval","14":"tag-eu","15":"tag-europe","16":"tag-fr","17":"tag-france","18":"tag-news","19":"tag-news-paris","20":"tag-paris","21":"tag-paris-news","22":"tag-republique-francaise","23":"tag-societe"},"share_on_mastodon":{"url":"https:\/\/pubeurope.com\/@fr\/114851654072216373","error":""},"_links":{"self":[{"href":"https:\/\/www.europesays.com\/fr\/wp-json\/wp\/v2\/posts\/249350","targetHints":{"allow":["GET"]}}],"collection":[{"href":"https:\/\/www.europesays.com\/fr\/wp-json\/wp\/v2\/posts"}],"about":[{"href":"https:\/\/www.europesays.com\/fr\/wp-json\/wp\/v2\/types\/post"}],"author":[{"embeddable":true,"href":"https:\/\/www.europesays.com\/fr\/wp-json\/wp\/v2\/users\/2"}],"replies":[{"embeddable":true,"href":"https:\/\/www.europesays.com\/fr\/wp-json\/wp\/v2\/comments?post=249350"}],"version-history":[{"count":0,"href":"https:\/\/www.europesays.com\/fr\/wp-json\/wp\/v2\/posts\/249350\/revisions"}],"wp:featuredmedia":[{"embeddable":true,"href":"https:\/\/www.europesays.com\/fr\/wp-json\/wp\/v2\/media\/249351"}],"wp:attachment":[{"href":"https:\/\/www.europesays.com\/fr\/wp-json\/wp\/v2\/media?parent=249350"}],"wp:term":[{"taxonomy":"category","embeddable":true,"href":"https:\/\/www.europesays.com\/fr\/wp-json\/wp\/v2\/categories?post=249350"},{"taxonomy":"post_tag","embeddable":true,"href":"https:\/\/www.europesays.com\/fr\/wp-json\/wp\/v2\/tags?post=249350"}],"curies":[{"name":"wp","href":"https:\/\/api.w.org\/{rel}","templated":true}]}}