{"id":249364,"date":"2025-07-14T12:51:09","date_gmt":"2025-07-14T12:51:09","guid":{"rendered":"https:\/\/www.europesays.com\/fr\/249364\/"},"modified":"2025-07-14T12:51:09","modified_gmt":"2025-07-14T12:51:09","slug":"six-ans-apres-son-premier-deplacement-au-royaume-uni-donald-trump-de-nouveau-en-visite-detat-en-septembre-liberation","status":"publish","type":"post","link":"https:\/\/www.europesays.com\/fr\/249364\/","title":{"rendered":"Six ans apr\u00e8s son premier d\u00e9placement au Royaume-Uni, Donald Trump de nouveau en visite d\u2019Etat en septembre \u2013 Lib\u00e9ration"},"content":{"rendered":"<p class=\"sc-ksZaOG ehjQrN text-element\">\u00abC\u2019est la premi\u00e8re fois qu\u2019un dirigeant est invit\u00e9 deux fois \u00e0 effectuer une visite d\u2019Etat\u00bb, avait alors soulign\u00e9 Starmer. L\u2019invitation avait \u00e9t\u00e9 qualifi\u00e9e quelques minutes plus tard d\u2019\u00abimmense honneur\u00bb par le pr\u00e9sident am\u00e9ricain.<\/p>\n<p class=\"sc-ksZaOG ehjQrN text-element\">Lors de son premier mandat, Donald Trump avait \u00e9t\u00e9 re\u00e7u en 2019 par <a href=\"https:\/\/www.liberation.fr\/international\/europe\/mort-delizabeth-ii-la-peine-dangleterre-20220908_CIZJIOLXXBCCJAPWXCZKRU7DUE\/\" target=\"_blank\" rel=\"noreferrer noopener\" title=\"https:\/\/www.liberation.fr\/international\/europe\/mort-delizabeth-ii-la-peine-dangleterre-20220908_CIZJIOLXXBCCJAPWXCZKRU7DUE\/\">la reine Elizabeth II<\/a>. Elle lui avait fait les honneurs de Buckingham Palace et avait pr\u00e9sid\u00e9 un banquet en son honneur.<\/p>\n<p class=\"sc-ksZaOG ehjQrN text-element\">Contrairement \u00e0 Emmanuel Macron qui a pu s\u2019exprimer devant le Parlement britannique lors de <a href=\"https:\/\/www.liberation.fr\/international\/europe\/emmanuel-macron-en-visite-detat-a-londres-ou-la-relance-dune-entente-presque-cordiale-20250708_ISFMU4BW7VDLFL4BH35IYIJ6D4\/\" target=\"_blank\" rel=\"noreferrer noopener\" title=\"https:\/\/www.liberation.fr\/international\/europe\/emmanuel-macron-en-visite-detat-a-londres-ou-la-relance-dune-entente-presque-cordiale-20250708_ISFMU4BW7VDLFL4BH35IYIJ6D4\/\">sa r\u00e9cente visite d\u2019Etat<\/a>, il n\u2019est en revanche pas pr\u00e9vu que Donald Trump s\u2019adresse \u00e0 la Chambre des communes \u00e0 Westminster, en raison d\u2019un probl\u00e8me de calendrier. La Chambre basse britannique ne si\u00e9gera pas au moment de la visite du pr\u00e9sident am\u00e9ricain, pour cause de pause parlementaire li\u00e9e aux congr\u00e8s de rentr\u00e9e des partis.<\/p>\n","protected":false},"excerpt":{"rendered":"\u00abC\u2019est la premi\u00e8re fois qu\u2019un dirigeant est invit\u00e9 deux fois \u00e0 effectuer une visite d\u2019Etat\u00bb, avait alors soulign\u00e9&hellip;\n","protected":false},"author":2,"featured_media":249365,"comment_status":"","ping_status":"","sticky":false,"template":"","format":"standard","meta":{"footnotes":""},"categories":[1588],"tags":[11,75,1777,674,2581,12,473,1853,1851,1850,1852],"class_list":{"0":"post-249364","1":"post","2":"type-post","3":"status-publish","4":"format-standard","5":"has-post-thumbnail","7":"category-royaume-uni","8":"tag-actualites","9":"tag-donald-trump","10":"tag-eu","11":"tag-europe","12":"tag-keir-starmer","13":"tag-news","14":"tag-royaume-uni","15":"tag-royaume-uni-de-grande-bretagne-et-dirlande-du-nord","16":"tag-uk","17":"tag-united-kingdom","18":"tag-united-kingdom-of-great-britain-and-northern-ireland"},"share_on_mastodon":{"url":"https:\/\/pubeurope.com\/@fr\/114851681615572470","error":""},"_links":{"self":[{"href":"https:\/\/www.europesays.com\/fr\/wp-json\/wp\/v2\/posts\/249364","targetHints":{"allow":["GET"]}}],"collection":[{"href":"https:\/\/www.europesays.com\/fr\/wp-json\/wp\/v2\/posts"}],"about":[{"href":"https:\/\/www.europesays.com\/fr\/wp-json\/wp\/v2\/types\/post"}],"author":[{"embeddable":true,"href":"https:\/\/www.europesays.com\/fr\/wp-json\/wp\/v2\/users\/2"}],"replies":[{"embeddable":true,"href":"https:\/\/www.europesays.com\/fr\/wp-json\/wp\/v2\/comments?post=249364"}],"version-history":[{"count":0,"href":"https:\/\/www.europesays.com\/fr\/wp-json\/wp\/v2\/posts\/249364\/revisions"}],"wp:featuredmedia":[{"embeddable":true,"href":"https:\/\/www.europesays.com\/fr\/wp-json\/wp\/v2\/media\/249365"}],"wp:attachment":[{"href":"https:\/\/www.europesays.com\/fr\/wp-json\/wp\/v2\/media?parent=249364"}],"wp:term":[{"taxonomy":"category","embeddable":true,"href":"https:\/\/www.europesays.com\/fr\/wp-json\/wp\/v2\/categories?post=249364"},{"taxonomy":"post_tag","embeddable":true,"href":"https:\/\/www.europesays.com\/fr\/wp-json\/wp\/v2\/tags?post=249364"}],"curies":[{"name":"wp","href":"https:\/\/api.w.org\/{rel}","templated":true}]}}