{"id":249383,"date":"2025-07-14T13:03:09","date_gmt":"2025-07-14T13:03:09","guid":{"rendered":"https:\/\/www.europesays.com\/fr\/249383\/"},"modified":"2025-07-14T13:03:09","modified_gmt":"2025-07-14T13:03:09","slug":"le-programme-tv-du-week-end-2","status":"publish","type":"post","link":"https:\/\/www.europesays.com\/fr\/249383\/","title":{"rendered":"le programme TV du week-end"},"content":{"rendered":"<p>\t\t\t<strong class=\"post-excerpt\"><\/p>\n<p itemprop=\"description\">Retrouvez le programme complet du Grand Prix de R\u00e9publique tch\u00e8que, de retour au calendrier du Championnat du monde de MotoGP pour la premi\u00e8re fois depuis 2020 sur le circuit de Brno, avec les horaires TV pour la France.<\/p>\n<p><\/strong>\t\t <\/p>\n<p>Dans la foul\u00e9e de l&rsquo;Allemagne, le <a href=\"https:\/\/www.sportauto.fr\/motogp\/motogp-et-si-championnat-devenait-f1-avant-cause-marquez-433170.html#item=1\" target=\"_blank\" rel=\"noopener nofollow\"><strong>MotoGP<\/strong><\/a>, d\u00e9sormais <a href=\"https:\/\/www.sportauto.fr\/motogp\/liberty-media-f1-moto-gp-rachat-434050.html#item=1\" target=\"_blank\" rel=\"noopener nofollow\">rachet\u00e9 par la F1<\/a>, met le cap sur la <strong>R\u00e9publique tch\u00e8que<\/strong> pour sa<strong> 12\u00e8me  manche 2025<\/strong> \u00e0<strong> Brno<\/strong>, un circuit d\u00e9laiss\u00e9 depuis 2020.<\/p>\n<p>   \t\t\t GP de R\u00e9publique tch\u00e8que MotoGP 2025 : retour \u00e0 Brno <\/p>\n<p>D\u00e9sormais dans sa seconde partie de saison, le <strong>Championnat du monde MotoGP 2025\u00a0<\/strong>retrouve le trac\u00e9 de <strong>Brno. <\/strong>La ville du m\u00eame nom est connue de tous les fans de deux-roues avec<strong> plus de 50 Grands Prix<\/strong> organis\u00e9 depuis<strong> 1965<\/strong>, d&rsquo;abord sur un circuit urbain puis sur <strong>l&rsquo;Automotodrom en 1987.<br \/><\/strong>Le <strong>circuit de 5,4 km comprend 14 virages<\/strong>, dont six \u00e0 gauche et huit \u00e0 droite, dans un <strong>m\u00e9lange de sections techniques et rapides<\/strong> ainsi que des changements de d\u00e9nivel\u00e9 constants.<\/p>\n<p> GP de R\u00e9publique tch\u00e8que MotoGP 2025 : le programme TV <\/p>\n<p>Retrouvez ci-dessous le <strong>programme complet<\/strong> du<strong> Grand Prix de R\u00e9publique tch\u00e8que MotoGP 2025<\/strong>. Comme pour chaque rendez-vous du mondial, toutes les s\u00e9ances du week-end seront diffus\u00e9es sur <strong>Canal+ Sport 360<\/strong>, de m\u00eame que le<strong> Sprint MotoGP<\/strong> et les courses du dimanche en<strong> Moto2<\/strong> et<strong> Moto3.<\/strong>\u00a0<strong>Canal+<\/strong> diffusera le <strong>Grand Prix de MotoGP.\u00a0<\/strong>La manche <strong><a href=\"https:\/\/www.sportauto.fr\/motogp\/marc-marquez-championnat-motogp-2025-429591.html#item=1\" target=\"_blank\" rel=\"noopener nofollow\">MotoGP<\/a><\/strong>\u00a0sera \u00e9galement retransmise sur <strong>RTBF Auvio.<\/strong><\/p>\n<p> Vendredi 18 juillet 2025 <\/p>\n<ul>\n<li>09h00 &#8211; 09h35 : Essais Libres 1 Moto3<\/li>\n<li>09h50 &#8211; 10h30 : Essais Libres 1 Moto2<\/li>\n<li><strong>10h45 \u2013 11h30 : Essais Libres 1 MotoGP<\/strong><\/li>\n<li>13h15 &#8211; 13h50 : Essais Moto3<\/li>\n<li>14h05 &#8211; 14h45 : Essais Moto2<\/li>\n<li><strong>15h00 \u2013 16h00 : Essais MotoGP<\/strong><\/li>\n<\/ul>\n<p> Samedi 19 juillet 2025 <\/p>\n<ul>\n<li>08h40 \u2013 09h10 : Essais Libres 2 Moto3<\/li>\n<li>09h25 \u2013 09h55 : Essais Libres 2 Moto2<\/li>\n<li><strong>10h10 \u2013 10h40 : Essais Libres 2 MotoGP<\/strong><\/li>\n<li><strong>10h50 \u2013 11h05 : Qualifications 1 MotoGP<\/strong><\/li>\n<li><strong>11h15 \u2013 11h30 : Qualifications 2 MotoGP<\/strong><\/li>\n<li class=\"li1\">12h50 &#8211; 13h05 : Qualifications 1 Moto3<\/li>\n<li class=\"li1\">13h15 &#8211; 13h30 : Qualifications 2 Moto3<\/li>\n<li class=\"li1\">13h45 &#8211; 14h00 :\u00a0Qualifications 1 Moto2<\/li>\n<li class=\"li1\">14h10 &#8211; 14h25 :\u00a0Qualifications 2 Moto2<\/li>\n<li class=\"li1\"><strong>15h00 : Sprint MotoGP (10 tours)<\/strong><\/li>\n<\/ul>\n<p> Dimanche 20 juillet 2025 <\/p>\n<ul>\n<li><strong>09h40 \u2013 09h50 : Warm-up MotoGP<\/strong><\/li>\n<li>11h00 : Course Moto3 (16 tours)<\/li>\n<li>12h15 : Course Moto2 (18 tours)<\/li>\n<li><strong>14h00 : Grand Prix de R\u00e9publique tch\u00e8que MotoGP (21 tours)<\/strong><\/li>\n<\/ul>\n","protected":false},"excerpt":{"rendered":"Retrouvez le programme complet du Grand Prix de R\u00e9publique tch\u00e8que, de retour au calendrier du Championnat du monde&hellip;\n","protected":false},"author":2,"featured_media":249384,"comment_status":"","ping_status":"","sticky":false,"template":"","format":"standard","meta":{"footnotes":""},"categories":[1413],"tags":[1011,27,1638,1457,1456,60],"class_list":{"0":"post-249383","1":"post","2":"type-post","3":"status-publish","4":"format-standard","5":"has-post-thumbnail","7":"category-moto","8":"tag-fr","9":"tag-france","10":"tag-has_diapo","11":"tag-moto","12":"tag-motocycle","13":"tag-sports"},"share_on_mastodon":{"url":"https:\/\/pubeurope.com\/@fr\/114851728910325646","error":""},"_links":{"self":[{"href":"https:\/\/www.europesays.com\/fr\/wp-json\/wp\/v2\/posts\/249383","targetHints":{"allow":["GET"]}}],"collection":[{"href":"https:\/\/www.europesays.com\/fr\/wp-json\/wp\/v2\/posts"}],"about":[{"href":"https:\/\/www.europesays.com\/fr\/wp-json\/wp\/v2\/types\/post"}],"author":[{"embeddable":true,"href":"https:\/\/www.europesays.com\/fr\/wp-json\/wp\/v2\/users\/2"}],"replies":[{"embeddable":true,"href":"https:\/\/www.europesays.com\/fr\/wp-json\/wp\/v2\/comments?post=249383"}],"version-history":[{"count":0,"href":"https:\/\/www.europesays.com\/fr\/wp-json\/wp\/v2\/posts\/249383\/revisions"}],"wp:featuredmedia":[{"embeddable":true,"href":"https:\/\/www.europesays.com\/fr\/wp-json\/wp\/v2\/media\/249384"}],"wp:attachment":[{"href":"https:\/\/www.europesays.com\/fr\/wp-json\/wp\/v2\/media?parent=249383"}],"wp:term":[{"taxonomy":"category","embeddable":true,"href":"https:\/\/www.europesays.com\/fr\/wp-json\/wp\/v2\/categories?post=249383"},{"taxonomy":"post_tag","embeddable":true,"href":"https:\/\/www.europesays.com\/fr\/wp-json\/wp\/v2\/tags?post=249383"}],"curies":[{"name":"wp","href":"https:\/\/api.w.org\/{rel}","templated":true}]}}