{"id":249412,"date":"2025-07-14T13:19:09","date_gmt":"2025-07-14T13:19:09","guid":{"rendered":"https:\/\/www.europesays.com\/fr\/249412\/"},"modified":"2025-07-14T13:19:09","modified_gmt":"2025-07-14T13:19:09","slug":"un-gendarme-grievement-blesse-lors-dun-refus-dobtemperer","status":"publish","type":"post","link":"https:\/\/www.europesays.com\/fr\/249412\/","title":{"rendered":"un gendarme gri\u00e8vement bless\u00e9 lors d\u2019un refus d\u2019obtemp\u00e9rer"},"content":{"rendered":"<p>Un suspect de 31 ans, qui s\u2019\u00e9tait r\u00e9fugi\u00e9 sur un terrain occup\u00e9 par des gens du voyage, a \u00e9t\u00e9 interpell\u00e9 dimanche dans la commune du Teich.<\/p>\n<p class=\"fig-paragraph\">Un motard de la gendarmerie a \u00e9t\u00e9 gri\u00e8vement bless\u00e9 apr\u00e8s avoir \u00e9t\u00e9 violemment percut\u00e9 par un v\u00e9hicule dont le conducteur a\u00a0<a href=\"http:\/\/www.lefigaro.fr\/actualite-france\/en-leger-repli-le-nombre-de-refus-d-obtemperer-reste-a-un-niveau-tres-eleve-20250501\" target=\"_blank\" data-fig-type=\"Article\" rel=\"noopener\" data-gtm-custom-categorie=\"navigation\" data-gtm-custom-action=\"crossclick\" data-gtm-custom-label=\"Contextuel\" data-gtm-event=\"customEventSPE\" data-fig-domain=\"LEFIGARO\">refus\u00e9 d\u2019obtemp\u00e9rer<\/a>\u00a0dimanche 13 juillet aux alentours de 18 heures \u00e0 Gujan-Mestras (<a href=\"https:\/\/www.lefigaro.fr\/tag\/gironde\" target=\"_blank\" rel=\"noopener\" data-gtm-custom-categorie=\"navigation\" data-gtm-custom-action=\"crossclick\" data-gtm-custom-label=\"Contextuel\" data-gtm-event=\"customEventSPE\">Gironde<\/a>), a appris Le Figaro d\u2019une source proche du dossier. Le militaire, qui souffre d\u2019une fracture du tibia et du p\u00e9ron\u00e9, a \u00e9t\u00e9 hospitalis\u00e9.<\/p>\n<p class=\"fig-paragraph\">\u00abL\u2019auteur des faits a pris la fuite et s\u2019est r\u00e9fugi\u00e9 dans un terrain occup\u00e9 par des gens du voyage\u00bb, a indiqu\u00e9 le pr\u00e9fet de la Gironde, \u00c9tienne Guyot, dans un communiqu\u00e9.<\/p>\n<p>                                    <a class=\"fig-a11y-skip a11y-hidden\" href=\"#fig-a11y-skip-main-inarticle\"><br \/>\n        Passer la publicit\u00e9<br \/>\n    <\/a><\/p>\n<p class=\"fig-paragraph\">Selon nos informations, un suspect de 31 ans a \u00e9t\u00e9 localis\u00e9 sur une aire d\u2019accueil de gens du voyage situ\u00e9e dans la commune du Teich (Gironde). Il a \u00e9t\u00e9 interpell\u00e9 par les gendarmes et plac\u00e9 en garde \u00e0 vue. Le v\u00e9hicule incrimin\u00e9 a \u00e9galement \u00e9t\u00e9 saisi.<\/p>\n<p class=\"fig-paragraph\">Dans son communiqu\u00e9, le pr\u00e9fet de la Gironde \u00abcondamne fermement les faits\u00bb. Il \u00abexprime tout son soutien au gendarme bless\u00e9 et rappelle que toute atteinte aux forces de l\u2019ordre est intol\u00e9rable et fait l\u2019objet d\u2019une r\u00e9ponse judiciaire ferme\u00bb.<\/p>\n","protected":false},"excerpt":{"rendered":"Un suspect de 31 ans, qui s\u2019\u00e9tait r\u00e9fugi\u00e9 sur un terrain occup\u00e9 par des gens du voyage, a&hellip;\n","protected":false},"author":2,"featured_media":249413,"comment_status":"","ping_status":"","sticky":false,"template":"","format":"standard","meta":{"footnotes":""},"categories":[4],"tags":[11,1011,27,19911,2905,12,2852,25],"class_list":{"0":"post-249412","1":"post","2":"type-post","3":"status-publish","4":"format-standard","5":"has-post-thumbnail","7":"category-france","8":"tag-actualites","9":"tag-fr","10":"tag-france","11":"tag-gendarme","12":"tag-gironde","13":"tag-news","14":"tag-refus-dobtemperer","15":"tag-republique-francaise"},"share_on_mastodon":{"url":"https:\/\/pubeurope.com\/@fr\/114851791709666241","error":""},"_links":{"self":[{"href":"https:\/\/www.europesays.com\/fr\/wp-json\/wp\/v2\/posts\/249412","targetHints":{"allow":["GET"]}}],"collection":[{"href":"https:\/\/www.europesays.com\/fr\/wp-json\/wp\/v2\/posts"}],"about":[{"href":"https:\/\/www.europesays.com\/fr\/wp-json\/wp\/v2\/types\/post"}],"author":[{"embeddable":true,"href":"https:\/\/www.europesays.com\/fr\/wp-json\/wp\/v2\/users\/2"}],"replies":[{"embeddable":true,"href":"https:\/\/www.europesays.com\/fr\/wp-json\/wp\/v2\/comments?post=249412"}],"version-history":[{"count":0,"href":"https:\/\/www.europesays.com\/fr\/wp-json\/wp\/v2\/posts\/249412\/revisions"}],"wp:featuredmedia":[{"embeddable":true,"href":"https:\/\/www.europesays.com\/fr\/wp-json\/wp\/v2\/media\/249413"}],"wp:attachment":[{"href":"https:\/\/www.europesays.com\/fr\/wp-json\/wp\/v2\/media?parent=249412"}],"wp:term":[{"taxonomy":"category","embeddable":true,"href":"https:\/\/www.europesays.com\/fr\/wp-json\/wp\/v2\/categories?post=249412"},{"taxonomy":"post_tag","embeddable":true,"href":"https:\/\/www.europesays.com\/fr\/wp-json\/wp\/v2\/tags?post=249412"}],"curies":[{"name":"wp","href":"https:\/\/api.w.org\/{rel}","templated":true}]}}