{"id":249414,"date":"2025-07-14T13:20:13","date_gmt":"2025-07-14T13:20:13","guid":{"rendered":"https:\/\/www.europesays.com\/fr\/249414\/"},"modified":"2025-07-14T13:20:13","modified_gmt":"2025-07-14T13:20:13","slug":"levade-de-la-prison-de-lyon-corbas-interpelle-il-se-cachait-dans-une-cave","status":"publish","type":"post","link":"https:\/\/www.europesays.com\/fr\/249414\/","title":{"rendered":"L&rsquo;\u00e9vad\u00e9 de la prison de Lyon-Corbas interpell\u00e9, il se cachait dans une cave"},"content":{"rendered":"<p itemprop=\"description\"><strong>Sa cavale aura dur\u00e9 le temps d&rsquo;un week-end.<\/strong><\/p>\n<p><strong>Mise \u00e0 jour lundi \u00e0 8h30 :<\/strong> L&rsquo;individu qui avait r\u00e9ussi \u00e0 s&rsquo;\u00e9vader de la prison de Lyon-Corbas en se cachant dans le sac \u00e0 linge d&rsquo;un co-d\u00e9tenu lib\u00e9r\u00e9 a \u00e9t\u00e9 interpell\u00e9 ce lundi matin.<\/p>\n<p>Visiblement rep\u00e9r\u00e9 par les autorit\u00e9s, il a \u00e9t\u00e9 cueilli \u00e0 l&rsquo;aube alors qu&rsquo;il sortait d&rsquo;une cave \u00e0 Sathonay-Camp, au nord de Lyon. Une op\u00e9ration sans heurt men\u00e9e par l\u2019OCLCO (brigade de recherche des fugitifs) et la DCOS 69.<\/p>\n<p>Elyazid \u00ab\u00a0Joker\u00a0\u00bb Ahamada, soup\u00e7onn\u00e9 d&rsquo;\u00eatre un tueur \u00e0 gages impliqu\u00e9 dans l&rsquo;assassinat d&rsquo;un trafiquant de drogue dans l&rsquo;Essonne en janvier dernier, a \u00e9t\u00e9 plac\u00e9 en garde \u00e0 vue des chefs d\u2019\u00e9vasion en bande organis\u00e9e et participation \u00e0 une association de malfaiteurs selon le parquet de Lyon.<\/p>\n<p>Son complice, qui lui a permis de s&rsquo;\u00e9vader, n&rsquo;\u00e9tait pas avec lui et reste activement recherch\u00e9.<\/p>\n<p><strong>Article initial <\/strong>: Ag\u00e9 de 20 ans et n\u00e9 \u00e0 Mayotte, il est activement recherch\u00e9 par les autorit\u00e9s fran\u00e7aises, mais aussi Interpol qui vient de d\u00e9livrer\u00a0<a href=\"https:\/\/www.interpol.int\/fr\/Notre-action\/Notices\/Notices-rouges\/Voir-les-notices-rouges#2025-56835\" target=\"_blank\" rel=\"noopener nofollow\">une notice rouge<\/a> \u00e0 son encontre.<\/p>\n<p>Son visage s&rsquo;affiche d\u00e9sormais partout sur Internet, c&rsquo;est lui qui a r\u00e9alis\u00e9 l&rsquo;exploit de s&rsquo;\u00e9vader de la prison de Lyon-Corbas en se cachant dans le sac \u00e0 linge d&rsquo;un co-d\u00e9tenu qui avait termin\u00e9 sa peine.<\/p>\n<p>Interpol r\u00e9v\u00e8le ainsi le pedigree d&rsquo;Elyazid Ahamada, qui \u00e9tait incarc\u00e9r\u00e9 apr\u00e8s le meurtre en bande organis\u00e9e de Djallal Chaabi aux Ulis (Essonne) le 15 janvier dernier. Recrut\u00e9 comme tueur \u00e0 gages avec un autre complice par le rival du trafiquant abattu, le jeune Lyonnais est aussi connu pour des faits de trafic de stup\u00e9fiants, violences et vols.<\/p>\n<p>L\u2019enqu\u00eate pour le retrouver, ouverte pour \u00ab\u00a0\u00e9vasion en bande organis\u00e9e\u00a0\u00bb et \u00ab\u00a0association de malfaiteurs,\u00a0\u00bb a \u00e9t\u00e9 confi\u00e9e \u00e0 la DCOS du Rh\u00f4ne.<\/p>\n","protected":false},"excerpt":{"rendered":"Sa cavale aura dur\u00e9 le temps d&rsquo;un week-end. Mise \u00e0 jour lundi \u00e0 8h30 : L&rsquo;individu qui avait&hellip;\n","protected":false},"author":2,"featured_media":248109,"comment_status":"","ping_status":"","sticky":false,"template":"","format":"standard","meta":{"footnotes":""},"categories":[2],"tags":[1111,11,2813,2190,1109,251,1112,2811,118,1011,27,1922,1110,1114,2428,2810,12,241,316,2812,517,800],"class_list":{"0":"post-249414","1":"post","2":"type-post","3":"status-publish","4":"format-standard","5":"has-post-thumbnail","7":"category-actualites","8":"tag-actu","9":"tag-actualites","10":"tag-article","11":"tag-asvel","12":"tag-breves","13":"tag-culture","14":"tag-depeches","15":"tag-economique","16":"tag-faits-divers","17":"tag-fr","18":"tag-france","19":"tag-info","20":"tag-informations","21":"tag-infos","22":"tag-lyon","23":"tag-lyonmag","24":"tag-news","25":"tag-ol","26":"tag-politique","27":"tag-sociale","28":"tag-sport","29":"tag-transports"},"share_on_mastodon":{"url":"https:\/\/pubeurope.com\/@fr\/114851795641086997","error":""},"_links":{"self":[{"href":"https:\/\/www.europesays.com\/fr\/wp-json\/wp\/v2\/posts\/249414","targetHints":{"allow":["GET"]}}],"collection":[{"href":"https:\/\/www.europesays.com\/fr\/wp-json\/wp\/v2\/posts"}],"about":[{"href":"https:\/\/www.europesays.com\/fr\/wp-json\/wp\/v2\/types\/post"}],"author":[{"embeddable":true,"href":"https:\/\/www.europesays.com\/fr\/wp-json\/wp\/v2\/users\/2"}],"replies":[{"embeddable":true,"href":"https:\/\/www.europesays.com\/fr\/wp-json\/wp\/v2\/comments?post=249414"}],"version-history":[{"count":0,"href":"https:\/\/www.europesays.com\/fr\/wp-json\/wp\/v2\/posts\/249414\/revisions"}],"wp:featuredmedia":[{"embeddable":true,"href":"https:\/\/www.europesays.com\/fr\/wp-json\/wp\/v2\/media\/248109"}],"wp:attachment":[{"href":"https:\/\/www.europesays.com\/fr\/wp-json\/wp\/v2\/media?parent=249414"}],"wp:term":[{"taxonomy":"category","embeddable":true,"href":"https:\/\/www.europesays.com\/fr\/wp-json\/wp\/v2\/categories?post=249414"},{"taxonomy":"post_tag","embeddable":true,"href":"https:\/\/www.europesays.com\/fr\/wp-json\/wp\/v2\/tags?post=249414"}],"curies":[{"name":"wp","href":"https:\/\/api.w.org\/{rel}","templated":true}]}}