{"id":249415,"date":"2025-07-14T13:21:12","date_gmt":"2025-07-14T13:21:12","guid":{"rendered":"https:\/\/www.europesays.com\/fr\/249415\/"},"modified":"2025-07-14T13:21:12","modified_gmt":"2025-07-14T13:21:12","slug":"cette-route-se-transforme-en-piste-de-course-geante","status":"publish","type":"post","link":"https:\/\/www.europesays.com\/fr\/249415\/","title":{"rendered":"\u00ab\u00a0Cette route se transforme en piste de course g\u00e9ante\u00a0\u00bb"},"content":{"rendered":"<p>La configuration de cette route, entrecoup\u00e9e de nombreux virages en \u00e9pingles, se pr\u00eaterait volontiers \u00e0 l\u2019organisation d\u2019un rallye. Sauf que le tron\u00e7on en question est situ\u00e9 en zone tr\u00e8s urbanis\u00e9e et la vitesse de circulation est limit\u00e9e \u00e0 30\u00a0kmheure pour les automobilistes.<\/p>\n<p>La rue du Sous-Lieutenant-Joseph-Vergnette, bord\u00e9e par des barres d\u2019immeubles, des maisons individuelles et des jardins ouvriers, dessert le quartier de Tardy et permet de rejoindre celui de la Cotonne.<\/p>\n<p>Cette voie, qui sert de raccourci pour \u00e9viter le trafic sur le boulevard urbain, est tr\u00e8s fr\u00e9quent\u00e9e par les riverains, notamment ceux qui r\u00e9sident sur la colline de la Cotonne-Montferr\u00e9.<\/p>\n<p>Ils louent des bolides de toutes les couleurs comme des Lamborghini\u2026<\/p>\n<p>Mais cet axe est d\u00e9tourn\u00e9 par certains usagers de la route et plus particuli\u00e8rement les plus&#8230;<\/p>\n","protected":false},"excerpt":{"rendered":"La configuration de cette route, entrecoup\u00e9e de nombreux virages en \u00e9pingles, se pr\u00eaterait volontiers \u00e0 l\u2019organisation d\u2019un rallye.&hellip;\n","protected":false},"author":2,"featured_media":249416,"comment_status":"","ping_status":"","sticky":false,"template":"","format":"standard","meta":{"footnotes":""},"categories":[9653],"tags":[1111,11,2430,271,272,7539,1777,674,274,107,1011,27,3367,12,25,4001,7538,10806],"class_list":{"0":"post-249415","1":"post","2":"type-post","3":"status-publish","4":"format-standard","5":"has-post-thumbnail","7":"category-saint-etienne","8":"tag-actu","9":"tag-actualites","10":"tag-auvergne-rhone-alpes","11":"tag-crime","12":"tag-delit-et-contravention","13":"tag-edition-loire-sud","14":"tag-eu","15":"tag-europe","16":"tag-faits-divers-justice","17":"tag-fil-info","18":"tag-fr","19":"tag-france","20":"tag-loire","21":"tag-news","22":"tag-republique-francaise","23":"tag-saint-etienne","24":"tag-saint-etienne-ville","25":"tag-selection-de-la-redaction-42"},"share_on_mastodon":{"url":"https:\/\/pubeurope.com\/@fr\/114851799535656628","error":""},"_links":{"self":[{"href":"https:\/\/www.europesays.com\/fr\/wp-json\/wp\/v2\/posts\/249415","targetHints":{"allow":["GET"]}}],"collection":[{"href":"https:\/\/www.europesays.com\/fr\/wp-json\/wp\/v2\/posts"}],"about":[{"href":"https:\/\/www.europesays.com\/fr\/wp-json\/wp\/v2\/types\/post"}],"author":[{"embeddable":true,"href":"https:\/\/www.europesays.com\/fr\/wp-json\/wp\/v2\/users\/2"}],"replies":[{"embeddable":true,"href":"https:\/\/www.europesays.com\/fr\/wp-json\/wp\/v2\/comments?post=249415"}],"version-history":[{"count":0,"href":"https:\/\/www.europesays.com\/fr\/wp-json\/wp\/v2\/posts\/249415\/revisions"}],"wp:featuredmedia":[{"embeddable":true,"href":"https:\/\/www.europesays.com\/fr\/wp-json\/wp\/v2\/media\/249416"}],"wp:attachment":[{"href":"https:\/\/www.europesays.com\/fr\/wp-json\/wp\/v2\/media?parent=249415"}],"wp:term":[{"taxonomy":"category","embeddable":true,"href":"https:\/\/www.europesays.com\/fr\/wp-json\/wp\/v2\/categories?post=249415"},{"taxonomy":"post_tag","embeddable":true,"href":"https:\/\/www.europesays.com\/fr\/wp-json\/wp\/v2\/tags?post=249415"}],"curies":[{"name":"wp","href":"https:\/\/api.w.org\/{rel}","templated":true}]}}