{"id":24942,"date":"2025-04-14T18:49:12","date_gmt":"2025-04-14T18:49:12","guid":{"rendered":"https:\/\/www.europesays.com\/fr\/24942\/"},"modified":"2025-04-14T18:49:12","modified_gmt":"2025-04-14T18:49:12","slug":"atp-monte-carlo-justine-henin-apres-le-sacre-de-carlos-alcaraz-cest-phenomenal-la-maniere-avec-laquelle-il-a-pu-changer-le-cours-des-choses-quelle-entame-de-saison-sur-terre-battue-p","status":"publish","type":"post","link":"https:\/\/www.europesays.com\/fr\/24942\/","title":{"rendered":"ATP &#8211; Monte Carlo > Justine Henin, apr\u00e8s le sacre de Carlos Alcaraz : \u00ab\u00a0C\u2019est ph\u00e9nom\u00e9nal la mani\u00e8re avec laquelle il a pu changer le cours des choses. Quelle entame de saison sur terre battue pour lui\u00a0\u00bb"},"content":{"rendered":"<p>La consul\u00adtante en chef \u00e0 <strong><a href=\"http:\/\/www.eurosport.fr\" data-wpel-link=\"external\" target=\"_blank\" rel=\"nofollow external noopener\">Eurosport<\/a><\/strong> a livr\u00e9 son analyse concer\u00adnant le parcours d\u2019Alcaraz. L\u2019Espagnol semble avoir rassurer les pus grands sp\u00e9cia\u00adlistes qui s\u2019in\u00adqui\u00e9\u00adtaient notam\u00adment de son irr\u00e9gularit\u00e9.<\/p>\n<p><strong>\u00ab\u202fAlcaraz est pass\u00e9 par beau\u00adcoup de moments cette semaine. Il a trouv\u00e9 des solu\u00adtions, il a \u00e9t\u00e9 capable de faire les ajus\u00adte\u00adments. Ce qu\u2019il a \u00e9t\u00e9 capable de mettre dans le deuxi\u00e8me set de cette finale\u2026 Musetti avait d\u00e9j\u00e0 donn\u00e9 telle\u00adment, il a commenc\u00e9 \u00e0 souf\u00adfrir et d\u00e9cliner physi\u00adque\u00adment. Alcaraz a enfonc\u00e9 le clou, il a appuy\u00e9 l\u00e0 o\u00f9 \u00e7a fait tr\u00e8s mal. Il faut \u00eatre capable de le faire. On en parle comme si c\u2019\u00e9tait facile, comme s\u2019il pouvait appuyer sur un bouton pour que tout se mette en place. C\u2019est vrai que c\u2019est le senti\u00adment qu\u2019il nous donne donc on est tent\u00e9 d\u2019en parler de cette mani\u00e8re. Mais c\u2019est ph\u00e9no\u00adm\u00e9nal la mani\u00e8re avec laquelle il a pu changer le cours des choses. Quelle entame de saison sur terre battue pour\u00a0lui\u202f\u00bb<\/strong><\/p>\n<p class=\"post-published-date\" style=\"color: silver; font-size: 75%; text-align: left;\">Publi\u00e9 le dimanche 13 avril 2025 \u00e0 18:55<\/p>\n","protected":false},"excerpt":{"rendered":"La consul\u00adtante en chef \u00e0 Eurosport a livr\u00e9 son analyse concer\u00adnant le parcours d\u2019Alcaraz. L\u2019Espagnol semble avoir rassurer&hellip;\n","protected":false},"author":2,"featured_media":24943,"comment_status":"","ping_status":"","sticky":false,"template":"","format":"standard","meta":{"footnotes":""},"categories":[1415],"tags":[1744,1011,27,60,1467],"class_list":{"0":"post-24942","1":"post","2":"type-post","3":"status-publish","4":"format-standard","5":"has-post-thumbnail","7":"category-tennis","8":"tag-alcaraz","9":"tag-fr","10":"tag-france","11":"tag-sports","12":"tag-tennis"},"share_on_mastodon":{"url":"https:\/\/pubeurope.com\/@fr\/114337819049951470","error":""},"_links":{"self":[{"href":"https:\/\/www.europesays.com\/fr\/wp-json\/wp\/v2\/posts\/24942","targetHints":{"allow":["GET"]}}],"collection":[{"href":"https:\/\/www.europesays.com\/fr\/wp-json\/wp\/v2\/posts"}],"about":[{"href":"https:\/\/www.europesays.com\/fr\/wp-json\/wp\/v2\/types\/post"}],"author":[{"embeddable":true,"href":"https:\/\/www.europesays.com\/fr\/wp-json\/wp\/v2\/users\/2"}],"replies":[{"embeddable":true,"href":"https:\/\/www.europesays.com\/fr\/wp-json\/wp\/v2\/comments?post=24942"}],"version-history":[{"count":0,"href":"https:\/\/www.europesays.com\/fr\/wp-json\/wp\/v2\/posts\/24942\/revisions"}],"wp:featuredmedia":[{"embeddable":true,"href":"https:\/\/www.europesays.com\/fr\/wp-json\/wp\/v2\/media\/24943"}],"wp:attachment":[{"href":"https:\/\/www.europesays.com\/fr\/wp-json\/wp\/v2\/media?parent=24942"}],"wp:term":[{"taxonomy":"category","embeddable":true,"href":"https:\/\/www.europesays.com\/fr\/wp-json\/wp\/v2\/categories?post=24942"},{"taxonomy":"post_tag","embeddable":true,"href":"https:\/\/www.europesays.com\/fr\/wp-json\/wp\/v2\/tags?post=24942"}],"curies":[{"name":"wp","href":"https:\/\/api.w.org\/{rel}","templated":true}]}}