{"id":249432,"date":"2025-07-14T13:34:08","date_gmt":"2025-07-14T13:34:08","guid":{"rendered":"https:\/\/www.europesays.com\/fr\/249432\/"},"modified":"2025-07-14T13:34:08","modified_gmt":"2025-07-14T13:34:08","slug":"pres-de-rennes-le-quadragenaire-se-masturbe-devant-plusieurs-femmes-et-donne-des-justifications-detonantes","status":"publish","type":"post","link":"https:\/\/www.europesays.com\/fr\/249432\/","title":{"rendered":"Pr\u00e8s de Rennes, le quadrag\u00e9naire se masturbe devant plusieurs femmes et donne des justifications \u00ab\u00a0d\u00e9tonantes\u00a0\u00bb"},"content":{"rendered":"<p>            Par<br \/>\n        <strong><br \/>\n            <a href=\"https:\/\/actu.fr\/auteur\/redaction-rennes\" title=\"Consulter tous les articles de R\u00e9daction Rennes\" rel=\"nofollow noopener\" target=\"_blank\">R\u00e9daction Rennes<\/a><br \/>\n        <\/strong><\/p>\n<p>        Publi\u00e9 le<\/p>\n<p>            14 juil. 2025 \u00e0 15h24        <\/p>\n<p>Un <strong>quadrag\u00e9naire, habitant de Bruz<\/strong> (Ille-et-Vilaine), au sud de <a href=\"https:\/\/actu.fr\/rennes\/\" rel=\"nofollow noopener\" target=\"_blank\">Rennes<\/a>, a \u00e9t\u00e9 jug\u00e9 par le tribunal correctionnel de Rennes, mardi 1er\u00a0juillet 2025. Il a \u00e9t\u00e9 condamn\u00e9 pour s\u2019\u00eatre masturb\u00e9 \u00e0 plusieurs reprises devant des femmes dans sa commune de r\u00e9sidence et dans un camping de Saubion (Landes).<\/p>\n<p class=\" wall-content\">Dans la nuit du 3 au 4\u00a0ao\u00fbt 2023, <strong>Nicolas<\/strong> \u2013 qui \u00ab\u2009venait de se s\u00e9parer de sa compagne\u2009\u00bb \u2013 s\u2019\u00e9tait rendu <strong>au bar du camping<\/strong> dans lequel ils \u00e9taient en vacances \u00e0 Saubion, dans les Landes, pour boire une <strong>bi\u00e8re<\/strong> qu\u2019il n\u2019avait <strong>\u00ab\u2009pas r\u00e9ussi \u00e0 finir\u2009\u00bb<\/strong>. Un peu plus tard dans la soir\u00e9e, la <strong>serveuse<\/strong> qui sortait les poubelles s\u2019\u00e9tait retrouv\u00e9e <strong>face \u00e0 cet homme qui se \u00ab\u2009masturbait\u2009\u00bb<\/strong> en \u00ab\u2009plein milieu de l\u2019all\u00e9e du camping\u2009\u00bb, alors qu\u2019il \u00e9tait \u00ab\u2009tr\u00e8s alcoolis\u00e9\u2009\u00bb.<\/p>\n<p class=\" wall-content\"><strong>Quelques minutes plus tard,<\/strong> l\u2019homme de 45\u00a0ans avait \u00e0 nouveau \u00e9t\u00e9 <strong>vu<\/strong> par une vacanci\u00e8re, alors qu\u2019il \u00e9tait <strong>en train de la regarder \u00ab\u2009\u00e0 travers le carreau\u2009\u00bb<\/strong> de son mobil-home. Celle-ci s\u2019est mise \u00e0 crier avant d\u2019alerter le personnel du camping. Elle avait d\u00e9pos\u00e9 plainte quelques jours plus tard pour <strong>\u00ab\u2009voyeurisme\u2009\u00bb<\/strong>.<\/p>\n<p>Il dit comprendre ce que les femmes ressentent quand elles sont seules avec un homme<\/p>\n<p class=\" wall-content\">Dans la nuit du 28 au 29\u00a0septembre 2023, deux jeunes femmes se trouvaient <strong>\u00e0 un arr\u00eat de bus de Bruz,<\/strong> lorsque le pr\u00e9venu avait surgi\u2009: il les avait <strong>d\u2019abord abord\u00e9es<\/strong> en disant qu\u2019il<strong> comprenait \u00ab\u2009ce que les femmes peuvent ressentir<\/strong> lorsqu\u2019elles se retrouvent seules <strong>avec un homme de nuit\u2009\u00bb\u2026<\/strong><\/p>\n<p class=\" wall-content\">Puis, il s\u2019\u00e9tait mis \u00e0 <strong>se masturber devant elles, \u00ab\u2009en plein milieu de la route\u2009\u00bb<\/strong>\u2009: l\u2019homme, <strong>alcoolis\u00e9,<\/strong> leur avait par la suite r\u00e9clam\u00e9 \u00ab\u2009une fellation\u2009\u00bb en tentant de s\u2019approcher, mais elles l\u2019avaient repouss\u00e9\u2009: il s\u2019\u00e9tait enfui lorsque le bus \u00e9tait arriv\u00e9 \u00e0 l\u2019arr\u00eat.<\/p>\n<p>Une nouvelle fois, dans un parc<\/p>\n<p class=\" wall-content\">Le lendemain, le 29\u00a0septembre 2023, Nicolas avait recommenc\u00e9 \u00ab\u2009dans un parc\u2009\u00bb de Bruz\u2009: ce dernier, \u00ab\u2009en \u00e9rection\u2009\u00bb selon un t\u00e9moin, <strong>avait \u00ab\u2009urin\u00e9 dans un buisson\u2009\u00bb<\/strong> devant deux femmes \u00e0 qui il avait <strong>demand\u00e9 de \u00ab\u2009s\u2019embrasser et de se toucher les seins\u2009\u00bb<\/strong>. Quelques minutes plus tard, il avait \u00e9t\u00e9 <strong>interpell\u00e9<\/strong>.<\/p>\n<p class=\" wall-content\">Durant l\u2019audience, le pr\u00e9venu a apport\u00e9 des justifications qualifi\u00e9es de \u00ab\u2009d\u00e9tonantes\u2009\u00bb par le procureur de la R\u00e9publique. Selon lui, il avait vu la serveuse sortir les poubelles, \u00ab\u2009munie d\u2019une lampe torche\u2009\u00bb qui \u00e9clairait \u00ab\u2009un coup en rouge, un coup en vert\u2009\u00bb. Il lui avait simplement dit \u00ab\u2009bonsoir\u2009\u00bb, et <strong>avait per\u00e7u ces jeux de lumi\u00e8re comme \u00e9tant \u00ab\u2009peut-\u00eatre un signe\u2009\u00bb<\/strong>, avant de continuer son chemin vers le lampadaire proche des poubelles \u00ab\u2009pour aller uriner\u2009\u00bb.<\/p>\n<p class=\" wall-content\">Il avait par la suite \u00ab\u2009vu sa lumi\u00e8re venir vers lui une deuxi\u00e8me fois\u2009\u00bb croyant cette fois \u00eatre \u00ab\u2009fix\u00e9\u2009\u00bb\u2009: \u00ab\u2009quand elle me fixe comme \u00e7a, je prends la base du sexe et j\u2019appuie dessus pour secouer les derni\u00e8res gouttes\u2009\u00bb, a-t-il expliqu\u00e9. Il ne s\u2019agissait toutefois <strong>que d\u2019un \u00ab\u2009geste d\u2019hygi\u00e8ne\u2009\u00bb<\/strong> li\u00e9 au fait qu\u2019il venait d\u2019uriner.<\/p>\n<p>Obligation de soins<\/p>\n<p class=\" wall-content\">De son point de vue, ces <strong>faits n\u2019\u00e9taient cependant \u00ab\u2009absolument pas volontaires\u2009\u00bb<\/strong> puisqu\u2019il se situait \u00e0 ce moment-l\u00e0 \u00ab\u2009\u00e0 15 ou 20 m\u2009\u00bb de la serveuse\u2026 Quant aux faits survenus dans la m\u00eame soir\u00e9e, aux abords du mobil-home, le <strong>pr\u00e9venu avait expliqu\u00e9 s\u2019\u00eatre mis \u00e0 la \u00ab\u2009m\u00e9ditation\u2009\u00bb<\/strong> car il avait \u00ab\u2009beaucoup de stress\u2009\u00bb. Il n\u2019\u00e9tait \u00ab\u2009pas tr\u00e8s bien\u2009\u00bb et \u00e9tait donc <strong>\u00ab\u2009parti marcher\u2009\u00bb dans l\u2019all\u00e9e en \u00ab\u2009fermant les yeux\u2009\u00bb<\/strong> et avait alors \u00ab\u2009entendu crier\u2009\u00bb.<\/p>\n<p class=\" wall-content\">Il s\u2019\u00e9tait ensuite <strong>retrouv\u00e9 \u00ab\u2009par hasard\u2009\u00bb devant la fen\u00eatre<\/strong> de la vacanci\u00e8re, mais a insist\u00e9 sur le fait de n\u2019avoir \u00ab\u2009en aucun cas regard\u00e9 par la fen\u00eatre\u2009\u00bb car celle-ci \u00e9tait \u00ab\u2009opaque\u2009\u00bb. Lors de l\u2019audience, le pr\u00e9venu a en revanche <strong>reconnu sans difficult\u00e9 les faits reproch\u00e9s<\/strong> par les deux jeunes plaignantes agress\u00e9es <strong>\u00e0 l\u2019abribus de Bruz,<\/strong> \u00e0 qui il a pr\u00e9sent\u00e9 \u00e0 plusieurs reprises ses excuses \u00ab\u2009sinc\u00e8res\u2009\u00bb.<\/p>\n<p class=\" wall-content\"><strong>L\u2019expertise psychiatrique<\/strong> dont il a fait l\u2019objet n\u2019avait alors <strong>r\u00e9v\u00e9l\u00e9 aucun trouble<\/strong> psychique et l\u2019expert avait consid\u00e9r\u00e9 que \u00ab\u2009l\u2019usage de l\u2019alcool r\u00e9p\u00e9t\u00e9\u2009\u00bb n\u2019avait eu \u00ab\u2009aucun lien avec la commission des faits\u2009\u00bb.<\/p>\n<p class=\" wall-content\">Deux <strong>victimes<\/strong> avaient elles expliqu\u00e9 faire <strong>encore des \u00ab\u2009cauchemars\u2009\u00bb<\/strong>, elles ont \u00ab\u2009d\u00e9sormais peur d\u2019aller dans la rue, notamment la nuit\u2009\u00bb.<\/p>\n<p class=\" wall-content\">Le pr\u00e9venu, qui <strong>comparaissait sans avocat,<\/strong> et qui expliquait ses gestes par une \u00ab\u2009accumulation de probl\u00e8mes\u2009\u00bb, \u00e9voquant sa \u00ab\u2009s\u00e9paration difficile\u2009\u00bb et ses \u00ab\u2009blessures\u2009\u00bb physiques, a \u00e9t\u00e9 condamn\u00e9 \u00e0 <strong>huit mois de prison avec sursis probatoire pendant deux ans,<\/strong> <strong>pendant lesquels il devra suivre des soins.<\/strong> Le tribunal a par ailleurs constat\u00e9 son <strong>inscription du Fichier<\/strong> judiciaire des auteurs d\u2019infractions sexuelles ou violentes (FIJAIS).<\/p>\n<p class=\" wall-content\"><strong>LBe (PressPepper)<\/strong><\/p>\n<p class=\" wall-content\">Suivez toute l\u2019actualit\u00e9 de vos villes et m\u00e9dias favoris en vous inscrivant \u00e0 <a href=\"https:\/\/moncompte.actu.fr\" title=\"D\u00e9couvez Mon Actu\" rel=\"nofollow noopener\" data-trk=\"{&quot;cta&quot;:{&quot;action&quot;:&quot;https:\\\/\\\/moncompte.actu.fr&quot;,&quot;category&quot;:&quot;mon compte&quot;,&quot;from&quot;:&quot;article footer&quot;,&quot;name&quot;:&quot;Mon actu&quot;,&quot;type&quot;:&quot;cta&quot;}}\" target=\"_blank\">Mon Actu<\/a>.<\/p>\n","protected":false},"excerpt":{"rendered":"Par R\u00e9daction Rennes Publi\u00e9 le 14 juil. 2025 \u00e0 15h24 Un quadrag\u00e9naire, habitant de Bruz (Ille-et-Vilaine), au sud&hellip;\n","protected":false},"author":2,"featured_media":225075,"comment_status":"","ping_status":"","sticky":false,"template":"","format":"standard","meta":{"footnotes":""},"categories":[2821],"tags":[1111,11,829,1777,674,118,1011,27,303,12,584,25],"class_list":{"0":"post-249432","1":"post","2":"type-post","3":"status-publish","4":"format-standard","5":"has-post-thumbnail","7":"category-rennes","8":"tag-actu","9":"tag-actualites","10":"tag-bretagne","11":"tag-eu","12":"tag-europe","13":"tag-faits-divers","14":"tag-fr","15":"tag-france","16":"tag-justice","17":"tag-news","18":"tag-rennes","19":"tag-republique-francaise"},"share_on_mastodon":{"url":"https:\/\/pubeurope.com\/@fr\/114851850740889339","error":""},"_links":{"self":[{"href":"https:\/\/www.europesays.com\/fr\/wp-json\/wp\/v2\/posts\/249432","targetHints":{"allow":["GET"]}}],"collection":[{"href":"https:\/\/www.europesays.com\/fr\/wp-json\/wp\/v2\/posts"}],"about":[{"href":"https:\/\/www.europesays.com\/fr\/wp-json\/wp\/v2\/types\/post"}],"author":[{"embeddable":true,"href":"https:\/\/www.europesays.com\/fr\/wp-json\/wp\/v2\/users\/2"}],"replies":[{"embeddable":true,"href":"https:\/\/www.europesays.com\/fr\/wp-json\/wp\/v2\/comments?post=249432"}],"version-history":[{"count":0,"href":"https:\/\/www.europesays.com\/fr\/wp-json\/wp\/v2\/posts\/249432\/revisions"}],"wp:featuredmedia":[{"embeddable":true,"href":"https:\/\/www.europesays.com\/fr\/wp-json\/wp\/v2\/media\/225075"}],"wp:attachment":[{"href":"https:\/\/www.europesays.com\/fr\/wp-json\/wp\/v2\/media?parent=249432"}],"wp:term":[{"taxonomy":"category","embeddable":true,"href":"https:\/\/www.europesays.com\/fr\/wp-json\/wp\/v2\/categories?post=249432"},{"taxonomy":"post_tag","embeddable":true,"href":"https:\/\/www.europesays.com\/fr\/wp-json\/wp\/v2\/tags?post=249432"}],"curies":[{"name":"wp","href":"https:\/\/api.w.org\/{rel}","templated":true}]}}